{"id":44579,"date":"2025-12-18T15:53:58","date_gmt":"2025-12-18T15:53:58","guid":{"rendered":"https:\/\/www.achimbrueckner.de\/dxradio\/php\/wordpress\/?p=44579"},"modified":"2025-12-18T15:53:58","modified_gmt":"2025-12-18T15:53:58","slug":"tlm-information-auf-antenne-thuringen-stark-rucklaufig","status":"publish","type":"post","link":"https:\/\/www.achimbrueckner.de\/dxradio\/php\/wordpress\/?p=44579","title":{"rendered":"TLM: Information auf Antenne Th\u00fcringen stark r\u00fcckl\u00e4ufig"},"content":{"rendered":"<p><a href=\"https:\/\/www.radioblog.eu\/2025\/12\/18\/tlm-information-auf-antenne-thueringen-stark-ruecklaeufig\/\" target=\"_blank\">https:\/\/www.radioblog.eu\/2025\/12\/18\/tlm-information-auf-antenne-thueringen-stark-ruecklaeufig\/<\/a><\/p>\n","protected":false},"excerpt":{"rendered":"<p>https:\/\/www.radioblog.eu\/2025\/12\/18\/tlm-information-auf-antenne-thueringen-stark-ruecklaeufig\/<\/p>\n","protected":false},"author":1,"featured_media":0,"comment_status":"closed","ping_status":"open","sticky":false,"template":"","format":"standard","meta":{"_jetpack_memberships_contains_paid_content":false,"footnotes":"","jetpack_publicize_message":"","jetpack_publicize_feature_enabled":true,"jetpack_social_post_already_shared":true,"jetpack_social_options":{"image_generator_settings":{"template":"highway","default_image_id":0,"font":"","enabled":false},"version":2}},"categories":[1],"tags":[],"class_list":["post-44579","post","type-post","status-publish","format-standard","hentry","category-deutsch"],"jetpack_publicize_connections":[],"jetpack_featured_media_url":"","jetpack_sharing_enabled":true,"jetpack_shortlink":"https:\/\/wp.me\/p5CDmr-bB1","jetpack-related-posts":[{"id":27267,"url":"https:\/\/www.achimbrueckner.de\/dxradio\/php\/wordpress\/?p=27267","url_meta":{"origin":44579,"position":0},"title":"Th\u00fcringen: Neue H\u00f6rfunkanalyse der TLM erschienen","author":"Administrator","date":"February 21, 2020","format":false,"excerpt":"https:\/\/www.radioszene.de\/140986\/thueringen-tlm-hoerfunkanalyse-2020.html","rel":"","context":"In &quot;Deutsch&quot;","block_context":{"text":"Deutsch","link":"https:\/\/www.achimbrueckner.de\/dxradio\/php\/wordpress\/?cat=1"},"img":{"alt_text":"","src":"","width":0,"height":0},"classes":[]},{"id":17010,"url":"https:\/\/www.achimbrueckner.de\/dxradio\/php\/wordpress\/?p=17010","url_meta":{"origin":44579,"position":1},"title":"TLM f\u00f6rdert Th\u00fcringer B\u00fcrgerradios mit ca. 1 Mio. Euro","author":"Administrator","date":"March 22, 2018","format":false,"excerpt":"http:\/\/www.radiowoche.de\/tlm-foerdert-thueringer-buergerradios-mit-ca-1-mio-euro\/","rel":"","context":"In &quot;Deutsch&quot;","block_context":{"text":"Deutsch","link":"https:\/\/www.achimbrueckner.de\/dxradio\/php\/wordpress\/?cat=1"},"img":{"alt_text":"","src":"","width":0,"height":0},"classes":[]},{"id":34134,"url":"https:\/\/www.achimbrueckner.de\/dxradio\/php\/wordpress\/?p=34134","url_meta":{"origin":44579,"position":2},"title":"TLM erteilt gr\u00fcnes Licht f\u00fcr drei neue H\u00f6rfunk-Angebote in Th\u00fcringen","author":"Administrator","date":"December 8, 2021","format":false,"excerpt":"https:\/\/www.infosat.de\/radio\/tlm-erteilt-gr-nes-licht-f-r-drei-neue-h-rfunk-angebote-th-ringen","rel":"","context":"In &quot;Deutsch&quot;","block_context":{"text":"Deutsch","link":"https:\/\/www.achimbrueckner.de\/dxradio\/php\/wordpress\/?cat=1"},"img":{"alt_text":"","src":"","width":0,"height":0},"classes":[]},{"id":44761,"url":"https:\/\/www.achimbrueckner.de\/dxradio\/php\/wordpress\/?p=44761","url_meta":{"origin":44579,"position":3},"title":"AML-Vorsitz: Martin Heine l\u00f6st TLM-Direktor Jochen Fasco ab","author":"Administrator","date":"January 8, 2026","format":false,"excerpt":"https:\/\/www.radioszene.de\/209239\/martin-heine-jochen-fasco-aml.html","rel":"","context":"In &quot;Deutsch&quot;","block_context":{"text":"Deutsch","link":"https:\/\/www.achimbrueckner.de\/dxradio\/php\/wordpress\/?cat=1"},"img":{"alt_text":"","src":"","width":0,"height":0},"classes":[]},{"id":7342,"url":"https:\/\/www.achimbrueckner.de\/dxradio\/php\/wordpress\/?p=7342","url_meta":{"origin":44579,"position":4},"title":"SWR und NDR bauen Sendernetze \u00fcber DAB+ aus","author":"Administrator","date":"January 22, 2016","format":false,"excerpt":"http:\/\/www.teltarif.de\/dab-plus-radio-tlm-lfm\/news\/62545.html","rel":"","context":"In &quot;Deutsch&quot;","block_context":{"text":"Deutsch","link":"https:\/\/www.achimbrueckner.de\/dxradio\/php\/wordpress\/?cat=1"},"img":{"alt_text":"","src":"","width":0,"height":0},"classes":[]},{"id":27904,"url":"https:\/\/www.achimbrueckner.de\/dxradio\/php\/wordpress\/?p=27904","url_meta":{"origin":44579,"position":5},"title":"Analyse der Audio-MA 2020\/I Antenne Bayern verliert stark, Bayern 1 w\u00e4chst weiter","author":"Administrator","date":"April 1, 2020","format":false,"excerpt":"https:\/\/www.dwdl.de\/zahlenzentrale\/77018\/antenne_bayern_verliert_stark_bayern_1_waechst_weiter\/","rel":"","context":"In &quot;audio&quot;","block_context":{"text":"audio","link":"https:\/\/www.achimbrueckner.de\/dxradio\/php\/wordpress\/?cat=47"},"img":{"alt_text":"","src":"","width":0,"height":0},"classes":[]}],"_links":{"self":[{"href":"https:\/\/www.achimbrueckner.de\/dxradio\/php\/wordpress\/index.php?rest_route=\/wp\/v2\/posts\/44579","targetHints":{"allow":["GET"]}}],"collection":[{"href":"https:\/\/www.achimbrueckner.de\/dxradio\/php\/wordpress\/index.php?rest_route=\/wp\/v2\/posts"}],"about":[{"href":"https:\/\/www.achimbrueckner.de\/dxradio\/php\/wordpress\/index.php?rest_route=\/wp\/v2\/types\/post"}],"author":[{"embeddable":true,"href":"https:\/\/www.achimbrueckner.de\/dxradio\/php\/wordpress\/index.php?rest_route=\/wp\/v2\/users\/1"}],"replies":[{"embeddable":true,"href":"https:\/\/www.achimbrueckner.de\/dxradio\/php\/wordpress\/index.php?rest_route=%2Fwp%2Fv2%2Fcomments&post=44579"}],"version-history":[{"count":0,"href":"https:\/\/www.achimbrueckner.de\/dxradio\/php\/wordpress\/index.php?rest_route=\/wp\/v2\/posts\/44579\/revisions"}],"wp:attachment":[{"href":"https:\/\/www.achimbrueckner.de\/dxradio\/php\/wordpress\/index.php?rest_route=%2Fwp%2Fv2%2Fmedia&parent=44579"}],"wp:term":[{"taxonomy":"category","embeddable":true,"href":"https:\/\/www.achimbrueckner.de\/dxradio\/php\/wordpress\/index.php?rest_route=%2Fwp%2Fv2%2Fcategories&post=44579"},{"taxonomy":"post_tag","embeddable":true,"href":"https:\/\/www.achimbrueckner.de\/dxradio\/php\/wordpress\/index.php?rest_route=%2Fwp%2Fv2%2Ftags&post=44579"}],"curies":[{"name":"wp","href":"https:\/\/api.w.org\/{rel}","templated":true}]}}