{"id":44585,"date":"2025-12-18T15:59:10","date_gmt":"2025-12-18T15:59:10","guid":{"rendered":"https:\/\/www.achimbrueckner.de\/dxradio\/php\/wordpress\/?p=44585"},"modified":"2025-12-18T15:59:10","modified_gmt":"2025-12-18T15:59:10","slug":"lokalfunk-im-umbruch-radiolandschaft-nrw-vor-der-grosten-zasur-seit-1990","status":"publish","type":"post","link":"https:\/\/www.achimbrueckner.de\/dxradio\/php\/wordpress\/?p=44585","title":{"rendered":"Lokalfunk im Umbruch: Radiolandschaft NRW vor der gr\u00f6\u00dften Z\u00e4sur seit 1990"},"content":{"rendered":"<p><a href=\"https:\/\/www.radioszene.de\/208804\/nrw-lokalfunk-zaesur.html\" target=\"_blank\">https:\/\/www.radioszene.de\/208804\/nrw-lokalfunk-zaesur.html<\/a><\/p>\n","protected":false},"excerpt":{"rendered":"<p>https:\/\/www.radioszene.de\/208804\/nrw-lokalfunk-zaesur.html<\/p>\n","protected":false},"author":1,"featured_media":0,"comment_status":"closed","ping_status":"open","sticky":false,"template":"","format":"standard","meta":{"_jetpack_memberships_contains_paid_content":false,"footnotes":"","jetpack_publicize_message":"","jetpack_publicize_feature_enabled":true,"jetpack_social_post_already_shared":true,"jetpack_social_options":{"image_generator_settings":{"template":"highway","default_image_id":0,"font":"","enabled":false},"version":2}},"categories":[1],"tags":[],"class_list":["post-44585","post","type-post","status-publish","format-standard","hentry","category-deutsch"],"jetpack_publicize_connections":[],"jetpack_featured_media_url":"","jetpack_sharing_enabled":true,"jetpack_shortlink":"https:\/\/wp.me\/p5CDmr-bB7","jetpack-related-posts":[{"id":40720,"url":"https:\/\/www.achimbrueckner.de\/dxradio\/php\/wordpress\/?p=40720","url_meta":{"origin":44585,"position":0},"title":"NRW-Lokalfunk 2024: Neuaufteilung der Verbreitungsgebiete","author":"Administrator","date":"January 2, 2024","format":false,"excerpt":"https:\/\/www.radioszene.de\/182491\/nrw-lokalfunk-2024.html","rel":"","context":"In &quot;Deutsch&quot;","block_context":{"text":"Deutsch","link":"https:\/\/www.achimbrueckner.de\/dxradio\/php\/wordpress\/?cat=1"},"img":{"alt_text":"","src":"","width":0,"height":0},"classes":[]},{"id":40838,"url":"https:\/\/www.achimbrueckner.de\/dxradio\/php\/wordpress\/?p=40838","url_meta":{"origin":44585,"position":1},"title":"NRW-Lokalfunk 2024: Neuaufteilung der Verbreitungsgebiete (Update)","author":"Administrator","date":"January 22, 2024","format":false,"excerpt":"https:\/\/www.radioszene.de\/182491\/nrw-lokalfunk-2024.html","rel":"","context":"In &quot;Deutsch&quot;","block_context":{"text":"Deutsch","link":"https:\/\/www.achimbrueckner.de\/dxradio\/php\/wordpress\/?cat=1"},"img":{"alt_text":"","src":"","width":0,"height":0},"classes":[]},{"id":23356,"url":"https:\/\/www.achimbrueckner.de\/dxradio\/php\/wordpress\/?p=23356","url_meta":{"origin":44585,"position":2},"title":"Medientreff NRW 2019: Audio-Content im Netz als Herausforderung f\u00fcr den NRW-Lokalfunk","author":"Administrator","date":"June 8, 2019","format":false,"excerpt":"https:\/\/www.radioszene.de\/133706\/medientreff-nrw-2019.html","rel":"","context":"In &quot;audio&quot;","block_context":{"text":"audio","link":"https:\/\/www.achimbrueckner.de\/dxradio\/php\/wordpress\/?cat=47"},"img":{"alt_text":"","src":"","width":0,"height":0},"classes":[]},{"id":42327,"url":"https:\/\/www.achimbrueckner.de\/dxradio\/php\/wordpress\/?p=42327","url_meta":{"origin":44585,"position":3},"title":"\u201eNotarzt\u201c bereit zum Einsatz am NRW-Lokalfunk","author":"Administrator","date":"March 9, 2025","format":false,"excerpt":"https:\/\/www.radioszene.de\/200783\/notarzt-nrw-lokalfunk-fusion.html","rel":"","context":"In &quot;Deutsch&quot;","block_context":{"text":"Deutsch","link":"https:\/\/www.achimbrueckner.de\/dxradio\/php\/wordpress\/?cat=1"},"img":{"alt_text":"","src":"","width":0,"height":0},"classes":[]},{"id":27932,"url":"https:\/\/www.achimbrueckner.de\/dxradio\/php\/wordpress\/?p=27932","url_meta":{"origin":44585,"position":4},"title":"Soforthilfepaket f\u00fcr den NRW-Lokalfunk abgelehnt","author":"Administrator","date":"April 1, 2020","format":false,"excerpt":"https:\/\/www.radioszene.de\/142589\/soforthilfepaket-nrw-lokalfunk-abgelehnt.html","rel":"","context":"In &quot;Deutsch&quot;","block_context":{"text":"Deutsch","link":"https:\/\/www.achimbrueckner.de\/dxradio\/php\/wordpress\/?cat=1"},"img":{"alt_text":"","src":"","width":0,"height":0},"classes":[]},{"id":42785,"url":"https:\/\/www.achimbrueckner.de\/dxradio\/php\/wordpress\/?p=42785","url_meta":{"origin":44585,"position":5},"title":"DJV-NRW: D\u00fcsseldorfer Landtag muss fl\u00e4chendeckenden Lokalfunk sichern","author":"Administrator","date":"May 12, 2025","format":false,"excerpt":"https:\/\/www.radioszene.de\/202457\/djv-nrw-duesseldorfer-landtag-muss-flaechendeckenden-lokalfunk-sichern.html","rel":"","context":"In &quot;Deutsch&quot;","block_context":{"text":"Deutsch","link":"https:\/\/www.achimbrueckner.de\/dxradio\/php\/wordpress\/?cat=1"},"img":{"alt_text":"","src":"","width":0,"height":0},"classes":[]}],"_links":{"self":[{"href":"https:\/\/www.achimbrueckner.de\/dxradio\/php\/wordpress\/index.php?rest_route=\/wp\/v2\/posts\/44585","targetHints":{"allow":["GET"]}}],"collection":[{"href":"https:\/\/www.achimbrueckner.de\/dxradio\/php\/wordpress\/index.php?rest_route=\/wp\/v2\/posts"}],"about":[{"href":"https:\/\/www.achimbrueckner.de\/dxradio\/php\/wordpress\/index.php?rest_route=\/wp\/v2\/types\/post"}],"author":[{"embeddable":true,"href":"https:\/\/www.achimbrueckner.de\/dxradio\/php\/wordpress\/index.php?rest_route=\/wp\/v2\/users\/1"}],"replies":[{"embeddable":true,"href":"https:\/\/www.achimbrueckner.de\/dxradio\/php\/wordpress\/index.php?rest_route=%2Fwp%2Fv2%2Fcomments&post=44585"}],"version-history":[{"count":0,"href":"https:\/\/www.achimbrueckner.de\/dxradio\/php\/wordpress\/index.php?rest_route=\/wp\/v2\/posts\/44585\/revisions"}],"wp:attachment":[{"href":"https:\/\/www.achimbrueckner.de\/dxradio\/php\/wordpress\/index.php?rest_route=%2Fwp%2Fv2%2Fmedia&parent=44585"}],"wp:term":[{"taxonomy":"category","embeddable":true,"href":"https:\/\/www.achimbrueckner.de\/dxradio\/php\/wordpress\/index.php?rest_route=%2Fwp%2Fv2%2Fcategories&post=44585"},{"taxonomy":"post_tag","embeddable":true,"href":"https:\/\/www.achimbrueckner.de\/dxradio\/php\/wordpress\/index.php?rest_route=%2Fwp%2Fv2%2Ftags&post=44585"}],"curies":[{"name":"wp","href":"https:\/\/api.w.org\/{rel}","templated":true}]}}