{"id":44591,"date":"2025-12-18T16:02:40","date_gmt":"2025-12-18T16:02:40","guid":{"rendered":"https:\/\/www.achimbrueckner.de\/dxradio\/php\/wordpress\/?p=44591"},"modified":"2025-12-18T16:02:40","modified_gmt":"2025-12-18T16:02:40","slug":"radio-saalewelle-erhalt-internet-lizenz-fur-5-jahre","status":"publish","type":"post","link":"https:\/\/www.achimbrueckner.de\/dxradio\/php\/wordpress\/?p=44591","title":{"rendered":"Radio Saalewelle erh\u00e4lt Internet-Lizenz f\u00fcr 5 Jahre"},"content":{"rendered":"<p><a href=\"https:\/\/www.radioszene.de\/208861\/radio-saalewelle.html\" target=\"_blank\">https:\/\/www.radioszene.de\/208861\/radio-saalewelle.html<\/a><\/p>\n","protected":false},"excerpt":{"rendered":"<p>https:\/\/www.radioszene.de\/208861\/radio-saalewelle.html<\/p>\n","protected":false},"author":1,"featured_media":0,"comment_status":"closed","ping_status":"open","sticky":false,"template":"","format":"standard","meta":{"_jetpack_memberships_contains_paid_content":false,"footnotes":"","jetpack_publicize_message":"","jetpack_publicize_feature_enabled":true,"jetpack_social_post_already_shared":true,"jetpack_social_options":{"image_generator_settings":{"template":"highway","default_image_id":0,"font":"","enabled":false},"version":2}},"categories":[1],"tags":[],"class_list":["post-44591","post","type-post","status-publish","format-standard","hentry","category-deutsch"],"jetpack_publicize_connections":[],"jetpack_featured_media_url":"","jetpack_sharing_enabled":true,"jetpack_shortlink":"https:\/\/wp.me\/p5CDmr-bBd","jetpack-related-posts":[{"id":45433,"url":"https:\/\/www.achimbrueckner.de\/dxradio\/php\/wordpress\/?p=45433","url_meta":{"origin":44591,"position":0},"title":"F\u00fcnf Jahre Radio Saalewelle: Neues Studio er\u00f6ffnet neue M\u00f6glichkeiten","author":"Administrator","date":"April 13, 2026","format":false,"excerpt":"https:\/\/www.radioszene.de\/213058\/fuenf-jahre-radio-saalewelle.html","rel":"","context":"In &quot;Deutsch&quot;","block_context":{"text":"Deutsch","link":"https:\/\/www.achimbrueckner.de\/dxradio\/php\/wordpress\/?cat=1"},"img":{"alt_text":"","src":"","width":0,"height":0},"classes":[]},{"id":41896,"url":"https:\/\/www.achimbrueckner.de\/dxradio\/php\/wordpress\/?p=41896","url_meta":{"origin":44591,"position":1},"title":"Radio Paloma erh\u00e4lt Lizenz f\u00fcr DAB+ Versorgung in Sachsen","author":"Administrator","date":"November 1, 2024","format":false,"excerpt":"https:\/\/www.radioszene.de\/192278\/radio-paloma-sachsen.html","rel":"","context":"In &quot;Deutsch&quot;","block_context":{"text":"Deutsch","link":"https:\/\/www.achimbrueckner.de\/dxradio\/php\/wordpress\/?cat=1"},"img":{"alt_text":"","src":"","width":0,"height":0},"classes":[]},{"id":41910,"url":"https:\/\/www.achimbrueckner.de\/dxradio\/php\/wordpress\/?p=41910","url_meta":{"origin":44591,"position":2},"title":"Radio Paloma erh\u00e4lt Lizenz f\u00fcr DAB+ Versorgung in Sachsen","author":"Administrator","date":"November 3, 2024","format":false,"excerpt":"https:\/\/www.radioszene.de\/192278\/radio-paloma-sachsen.html","rel":"","context":"In &quot;Deutsch&quot;","block_context":{"text":"Deutsch","link":"https:\/\/www.achimbrueckner.de\/dxradio\/php\/wordpress\/?cat=1"},"img":{"alt_text":"","src":"","width":0,"height":0},"classes":[]},{"id":30672,"url":"https:\/\/www.achimbrueckner.de\/dxradio\/php\/wordpress\/?p=30672","url_meta":{"origin":44591,"position":3},"title":"lulu.fm erh\u00e4lt Lizenz f\u00fcr Sublokales Radio in K\u00f6ln","author":"Administrator","date":"November 3, 2020","format":false,"excerpt":"https:\/\/www.radioszene.de\/149218\/lulufm-sublokalradio-koeln.html","rel":"","context":"In &quot;Deutsch&quot;","block_context":{"text":"Deutsch","link":"https:\/\/www.achimbrueckner.de\/dxradio\/php\/wordpress\/?cat=1"},"img":{"alt_text":"","src":"","width":0,"height":0},"classes":[]},{"id":42451,"url":"https:\/\/www.achimbrueckner.de\/dxradio\/php\/wordpress\/?p=42451","url_meta":{"origin":44591,"position":4},"title":"Luxemburg: Radio Onda erh\u00e4lt Lizenz f\u00fcr Kurzwellensender","author":"Administrator","date":"March 27, 2025","format":false,"excerpt":"https:\/\/www.radioblog.eu\/2025\/03\/27\/luxemburg-radio-onda-erhaelt-lizenz-fuer-kurzwellensender\/","rel":"","context":"In &quot;Deutsch&quot;","block_context":{"text":"Deutsch","link":"https:\/\/www.achimbrueckner.de\/dxradio\/php\/wordpress\/?cat=1"},"img":{"alt_text":"","src":"","width":0,"height":0},"classes":[]},{"id":30249,"url":"https:\/\/www.achimbrueckner.de\/dxradio\/php\/wordpress\/?p=30249","url_meta":{"origin":44591,"position":5},"title":"ENERGY Hamburg-Lizenz wird um 10 Jahre verl\u00e4ngert \u2013 \u201cRadio Moin\u201d darf senden","author":"Administrator","date":"September 29, 2020","format":false,"excerpt":"https:\/\/www.radioszene.de\/147955\/energy-hamburg-radio-moin.html","rel":"","context":"In &quot;Deutsch&quot;","block_context":{"text":"Deutsch","link":"https:\/\/www.achimbrueckner.de\/dxradio\/php\/wordpress\/?cat=1"},"img":{"alt_text":"","src":"","width":0,"height":0},"classes":[]}],"_links":{"self":[{"href":"https:\/\/www.achimbrueckner.de\/dxradio\/php\/wordpress\/index.php?rest_route=\/wp\/v2\/posts\/44591","targetHints":{"allow":["GET"]}}],"collection":[{"href":"https:\/\/www.achimbrueckner.de\/dxradio\/php\/wordpress\/index.php?rest_route=\/wp\/v2\/posts"}],"about":[{"href":"https:\/\/www.achimbrueckner.de\/dxradio\/php\/wordpress\/index.php?rest_route=\/wp\/v2\/types\/post"}],"author":[{"embeddable":true,"href":"https:\/\/www.achimbrueckner.de\/dxradio\/php\/wordpress\/index.php?rest_route=\/wp\/v2\/users\/1"}],"replies":[{"embeddable":true,"href":"https:\/\/www.achimbrueckner.de\/dxradio\/php\/wordpress\/index.php?rest_route=%2Fwp%2Fv2%2Fcomments&post=44591"}],"version-history":[{"count":0,"href":"https:\/\/www.achimbrueckner.de\/dxradio\/php\/wordpress\/index.php?rest_route=\/wp\/v2\/posts\/44591\/revisions"}],"wp:attachment":[{"href":"https:\/\/www.achimbrueckner.de\/dxradio\/php\/wordpress\/index.php?rest_route=%2Fwp%2Fv2%2Fmedia&parent=44591"}],"wp:term":[{"taxonomy":"category","embeddable":true,"href":"https:\/\/www.achimbrueckner.de\/dxradio\/php\/wordpress\/index.php?rest_route=%2Fwp%2Fv2%2Fcategories&post=44591"},{"taxonomy":"post_tag","embeddable":true,"href":"https:\/\/www.achimbrueckner.de\/dxradio\/php\/wordpress\/index.php?rest_route=%2Fwp%2Fv2%2Ftags&post=44591"}],"curies":[{"name":"wp","href":"https:\/\/api.w.org\/{rel}","templated":true}]}}