{"id":44592,"date":"2025-12-18T16:47:30","date_gmt":"2025-12-18T16:47:30","guid":{"rendered":"https:\/\/www.achimbrueckner.de\/dxradio\/php\/wordpress\/?p=44592"},"modified":"2025-12-18T16:47:30","modified_gmt":"2025-12-18T16:47:30","slug":"agdx-via-radio-hcjb-eqsl","status":"publish","type":"post","link":"https:\/\/www.achimbrueckner.de\/dxradio\/php\/wordpress\/?p=44592","title":{"rendered":"AGDX via Radio HCJB eQSL"},"content":{"rendered":"<p><img loading=\"lazy\" decoding=\"async\" src=\"https:\/\/www.achimbrueckner.de\/dxradio\/php\/wordpress\/wp-content\/uploads\/2025\/12\/agdx1.jpg\" alt=\"\" width=\"587\" height=\"414\" class=\"alignnone size-full wp-image-44593\" srcset=\"https:\/\/www.achimbrueckner.de\/dxradio\/php\/wordpress\/wp-content\/uploads\/2025\/12\/agdx1.jpg 587w, https:\/\/www.achimbrueckner.de\/dxradio\/php\/wordpress\/wp-content\/uploads\/2025\/12\/agdx1-300x212.jpg 300w\" sizes=\"auto, (max-width: 587px) 100vw, 587px\" \/><\/p>\n<p><img loading=\"lazy\" decoding=\"async\" src=\"https:\/\/www.achimbrueckner.de\/dxradio\/php\/wordpress\/wp-content\/uploads\/2025\/12\/agdx2-1024x723.jpg\" alt=\"\" width=\"660\" height=\"466\" class=\"alignnone size-large wp-image-44594\" srcset=\"https:\/\/www.achimbrueckner.de\/dxradio\/php\/wordpress\/wp-content\/uploads\/2025\/12\/agdx2-1024x723.jpg 1024w, https:\/\/www.achimbrueckner.de\/dxradio\/php\/wordpress\/wp-content\/uploads\/2025\/12\/agdx2-300x212.jpg 300w, https:\/\/www.achimbrueckner.de\/dxradio\/php\/wordpress\/wp-content\/uploads\/2025\/12\/agdx2-768x542.jpg 768w, https:\/\/www.achimbrueckner.de\/dxradio\/php\/wordpress\/wp-content\/uploads\/2025\/12\/agdx2-1536x1084.jpg 1536w, https:\/\/www.achimbrueckner.de\/dxradio\/php\/wordpress\/wp-content\/uploads\/2025\/12\/agdx2.jpg 1727w\" sizes=\"auto, (max-width: 660px) 100vw, 660px\" \/><\/p>\n<p>Info via Facebook<\/p>\n","protected":false},"excerpt":{"rendered":"<p>Info via Facebook<\/p>\n","protected":false},"author":1,"featured_media":0,"comment_status":"closed","ping_status":"open","sticky":false,"template":"","format":"standard","meta":{"_jetpack_memberships_contains_paid_content":false,"footnotes":"","jetpack_publicize_message":"","jetpack_publicize_feature_enabled":true,"jetpack_social_post_already_shared":true,"jetpack_social_options":{"image_generator_settings":{"template":"highway","default_image_id":0,"font":"","enabled":false},"version":2}},"categories":[1],"tags":[],"class_list":["post-44592","post","type-post","status-publish","format-standard","hentry","category-deutsch"],"jetpack_publicize_connections":[],"jetpack_featured_media_url":"","jetpack_sharing_enabled":true,"jetpack_shortlink":"https:\/\/wp.me\/p5CDmr-bBe","jetpack-related-posts":[{"id":30644,"url":"https:\/\/www.achimbrueckner.de\/dxradio\/php\/wordpress\/?p=30644","url_meta":{"origin":44592,"position":0},"title":"Ekuador wieder in deutscher Sprache auf Kurzwelle:","author":"Administrator","date":"October 31, 2020","format":false,"excerpt":"Hallo DXer, wie im letzten Winter strahlen wir wieder das DX-Programm von Horst Wiese von der Arbeitsgemeinschaft Radio HCJB e.V.-Deutschland aus. Sendezeit Samstags um 4 und 5 Uhr UTC. Gesendet wird \u00fcber den 1 kW Kurzwellensender auf 6050 kHz vom Berg Pichincha nahe Quito. Empfangsberichte bitte an: deutsch @ andenstimme.org\u2026","rel":"","context":"In &quot;Deutsch&quot;","block_context":{"text":"Deutsch","link":"https:\/\/www.achimbrueckner.de\/dxradio\/php\/wordpress\/?cat=1"},"img":{"alt_text":"","src":"","width":0,"height":0},"classes":[]},{"id":780,"url":"https:\/\/www.achimbrueckner.de\/dxradio\/php\/wordpress\/?p=780","url_meta":{"origin":44592,"position":1},"title":"Radio HCJB via Australien","author":"Administrator","date":"December 19, 2009","format":false,"excerpt":"Radio HCJB strahlt eine Sondersendung via Australien in Deutsch aus: 25.12.2009 15 UT 15340 kHz Info via A-DX","rel":"","context":"In &quot;Deutsch&quot;","block_context":{"text":"Deutsch","link":"https:\/\/www.achimbrueckner.de\/dxradio\/php\/wordpress\/?cat=1"},"img":{"alt_text":"","src":"","width":0,"height":0},"classes":[]},{"id":2250,"url":"https:\/\/www.achimbrueckner.de\/dxradio\/php\/wordpress\/?p=2250","url_meta":{"origin":44592,"position":2},"title":"adxb-DL Fu\u00dfball EM 2012 Kontest","author":"Administrator","date":"June 4, 2012","format":false,"excerpt":"In wenigen Tagen ist es soweit. Am 8. Juni beginnt nicht nur die Fu\u00dfball EM in Polen und der Ukraine, sondern auch der adxb-DL Fu\u00dfball EM 2012 Kontest. Er findet zwischen dem 8.6. und 1.7.2012 statt. Zu h\u00f6ren ist mindestens ein Sender aus den teilnehmenden L\u00e4ndern. Mehr Infos unter www.adxb-dl.de.\u2026","rel":"","context":"In &quot;contests&quot;","block_context":{"text":"contests","link":"https:\/\/www.achimbrueckner.de\/dxradio\/php\/wordpress\/?cat=6"},"img":{"alt_text":"","src":"","width":0,"height":0},"classes":[]},{"id":44065,"url":"https:\/\/www.achimbrueckner.de\/dxradio\/php\/wordpress\/?p=44065","url_meta":{"origin":44592,"position":3},"title":"Radio Blacksmith Knoll eQSL","author":"Administrator","date":"October 20, 2025","format":false,"excerpt":"Many thanks to Radio Blacksmith Knoll for this very nice eQSL.... Info via Facebook","rel":"","context":"In &quot;English&quot;","block_context":{"text":"English","link":"https:\/\/www.achimbrueckner.de\/dxradio\/php\/wordpress\/?cat=2"},"img":{"alt_text":"","src":"https:\/\/i0.wp.com\/www.achimbrueckner.de\/dxradio\/php\/wordpress\/wp-content\/uploads\/2025\/10\/blacksmithknoll082025.jpg?resize=350%2C200&ssl=1","width":350,"height":200,"srcset":"https:\/\/i0.wp.com\/www.achimbrueckner.de\/dxradio\/php\/wordpress\/wp-content\/uploads\/2025\/10\/blacksmithknoll082025.jpg?resize=350%2C200&ssl=1 1x, https:\/\/i0.wp.com\/www.achimbrueckner.de\/dxradio\/php\/wordpress\/wp-content\/uploads\/2025\/10\/blacksmithknoll082025.jpg?resize=525%2C300&ssl=1 1.5x, https:\/\/i0.wp.com\/www.achimbrueckner.de\/dxradio\/php\/wordpress\/wp-content\/uploads\/2025\/10\/blacksmithknoll082025.jpg?resize=700%2C400&ssl=1 2x"},"classes":[]},{"id":1425,"url":"https:\/\/www.achimbrueckner.de\/dxradio\/php\/wordpress\/?p=1425","url_meta":{"origin":44592,"position":4},"title":"HCJB Deutsch Podcast","author":"Administrator","date":"March 26, 2011","format":false,"excerpt":"zu den bei Radio 700.info verf\u00fcgbaren Podcasts z\u00e4hlt jetzt auch das deutschsprachige Programm von Radio HCJB. Infos zum Programm und den Podcast-Link findet man hier: http:\/\/radio700.info\/index.php?option=com_content&view=article&id=56&Itemid=64 Info via A-DX","rel":"","context":"In &quot;Deutsch&quot;","block_context":{"text":"Deutsch","link":"https:\/\/www.achimbrueckner.de\/dxradio\/php\/wordpress\/?cat=1"},"img":{"alt_text":"","src":"","width":0,"height":0},"classes":[]},{"id":3911,"url":"https:\/\/www.achimbrueckner.de\/dxradio\/php\/wordpress\/?p=3911","url_meta":{"origin":44592,"position":5},"title":"Kunos Radiothek und FM Kompakt goes DX und wird International !","author":"Administrator","date":"December 30, 2014","format":false,"excerpt":"Radio HCJB wird ab 03.01.15 jeweils an den ersten drei Samstagen eines Monats innerhalb der Sendung \"F\u00fcr DXer\" einen Beitrag aus der Reihe Kunos-Radiothek ausstrahlen. Sendezeiten 06:30-07:00 \/ 08:30-09:00 \/ 17:00-17:30 \/ 20:00-20:30 \/ 23:00-23:30 MEZ Frequenzen 3995 & 7365 khz Sender Weenermoor (Deutschland) & Podcast via http:\/\/www.vozandes.net\/scripts\/ALP.php Damit \u00fcbernimmt\u2026","rel":"","context":"In &quot;Deutsch&quot;","block_context":{"text":"Deutsch","link":"https:\/\/www.achimbrueckner.de\/dxradio\/php\/wordpress\/?cat=1"},"img":{"alt_text":"","src":"","width":0,"height":0},"classes":[]}],"_links":{"self":[{"href":"https:\/\/www.achimbrueckner.de\/dxradio\/php\/wordpress\/index.php?rest_route=\/wp\/v2\/posts\/44592","targetHints":{"allow":["GET"]}}],"collection":[{"href":"https:\/\/www.achimbrueckner.de\/dxradio\/php\/wordpress\/index.php?rest_route=\/wp\/v2\/posts"}],"about":[{"href":"https:\/\/www.achimbrueckner.de\/dxradio\/php\/wordpress\/index.php?rest_route=\/wp\/v2\/types\/post"}],"author":[{"embeddable":true,"href":"https:\/\/www.achimbrueckner.de\/dxradio\/php\/wordpress\/index.php?rest_route=\/wp\/v2\/users\/1"}],"replies":[{"embeddable":true,"href":"https:\/\/www.achimbrueckner.de\/dxradio\/php\/wordpress\/index.php?rest_route=%2Fwp%2Fv2%2Fcomments&post=44592"}],"version-history":[{"count":0,"href":"https:\/\/www.achimbrueckner.de\/dxradio\/php\/wordpress\/index.php?rest_route=\/wp\/v2\/posts\/44592\/revisions"}],"wp:attachment":[{"href":"https:\/\/www.achimbrueckner.de\/dxradio\/php\/wordpress\/index.php?rest_route=%2Fwp%2Fv2%2Fmedia&parent=44592"}],"wp:term":[{"taxonomy":"category","embeddable":true,"href":"https:\/\/www.achimbrueckner.de\/dxradio\/php\/wordpress\/index.php?rest_route=%2Fwp%2Fv2%2Fcategories&post=44592"},{"taxonomy":"post_tag","embeddable":true,"href":"https:\/\/www.achimbrueckner.de\/dxradio\/php\/wordpress\/index.php?rest_route=%2Fwp%2Fv2%2Ftags&post=44592"}],"curies":[{"name":"wp","href":"https:\/\/api.w.org\/{rel}","templated":true}]}}