{"id":44596,"date":"2025-12-19T14:32:05","date_gmt":"2025-12-19T14:32:05","guid":{"rendered":"https:\/\/www.achimbrueckner.de\/dxradio\/php\/wordpress\/?p=44596"},"modified":"2025-12-19T14:32:05","modified_gmt":"2025-12-19T14:32:05","slug":"oldie-antenne-verlasst-regionale-dab-sendeplatze-in-hessen-und-nrw","status":"publish","type":"post","link":"https:\/\/www.achimbrueckner.de\/dxradio\/php\/wordpress\/?p=44596","title":{"rendered":"Oldie Antenne verl\u00e4sst regionale DAB+ Sendepl\u00e4tze in Hessen und NRW"},"content":{"rendered":"<p><a href=\"https:\/\/www.radioblog.eu\/2025\/12\/19\/oldie-antenne-verlaesst-regionale-dab-sendeplaetze-in-hessen-und-nrw\/\" target=\"_blank\">https:\/\/www.radioblog.eu\/2025\/12\/19\/oldie-antenne-verlaesst-regionale-dab-sendeplaetze-in-hessen-und-nrw\/<\/a><\/p>\n","protected":false},"excerpt":{"rendered":"<p>https:\/\/www.radioblog.eu\/2025\/12\/19\/oldie-antenne-verlaesst-regionale-dab-sendeplaetze-in-hessen-und-nrw\/<\/p>\n","protected":false},"author":1,"featured_media":0,"comment_status":"closed","ping_status":"open","sticky":false,"template":"","format":"standard","meta":{"_jetpack_memberships_contains_paid_content":false,"footnotes":"","jetpack_publicize_message":"","jetpack_publicize_feature_enabled":true,"jetpack_social_post_already_shared":true,"jetpack_social_options":{"image_generator_settings":{"template":"highway","default_image_id":0,"font":"","enabled":false},"version":2}},"categories":[1],"tags":[],"class_list":["post-44596","post","type-post","status-publish","format-standard","hentry","category-deutsch"],"jetpack_publicize_connections":[],"jetpack_featured_media_url":"","jetpack_sharing_enabled":true,"jetpack_shortlink":"https:\/\/wp.me\/p5CDmr-bBi","jetpack-related-posts":[{"id":34485,"url":"https:\/\/www.achimbrueckner.de\/dxradio\/php\/wordpress\/?p=34485","url_meta":{"origin":44596,"position":0},"title":"Oldie Antenne will in Hessen auf DAB+","author":"Administrator","date":"January 24, 2022","format":false,"excerpt":"https:\/\/www.smartphonefan.de\/2022\/01\/24\/oldie-antenne-will-in-hessen-auf-dab\/","rel":"","context":"In &quot;Deutsch&quot;","block_context":{"text":"Deutsch","link":"https:\/\/www.achimbrueckner.de\/dxradio\/php\/wordpress\/?cat=1"},"img":{"alt_text":"","src":"","width":0,"height":0},"classes":[]},{"id":34713,"url":"https:\/\/www.achimbrueckner.de\/dxradio\/php\/wordpress\/?p=34713","url_meta":{"origin":44596,"position":1},"title":"OLDIE ANTENNE ab M\u00e4rz in Hessen \u00fcber DAB+ \u2013 Viktor Worms mit Radio-Comeback","author":"Administrator","date":"February 25, 2022","format":false,"excerpt":"https:\/\/www.radiowoche.de\/oldie-antenne-ab-maerz-in-hessen-ueber-dab\/","rel":"","context":"In &quot;Deutsch&quot;","block_context":{"text":"Deutsch","link":"https:\/\/www.achimbrueckner.de\/dxradio\/php\/wordpress\/?cat=1"},"img":{"alt_text":"","src":"","width":0,"height":0},"classes":[]},{"id":39948,"url":"https:\/\/www.achimbrueckner.de\/dxradio\/php\/wordpress\/?p=39948","url_meta":{"origin":44596,"position":2},"title":"H\u00f6rerservice best\u00e4tigt: Antenne Bayern \u00fcbernimmt regionale DAB+-Sendepl\u00e4tze der Oldie Antenne","author":"Administrator","date":"August 2, 2023","format":false,"excerpt":"https:\/\/www.radioblog.eu\/2023\/08\/01\/antenne-bayern-uebernimmt-regionale-dab-sendeplaetze-der-oldie-antenne\/","rel":"","context":"In &quot;Deutsch&quot;","block_context":{"text":"Deutsch","link":"https:\/\/www.achimbrueckner.de\/dxradio\/php\/wordpress\/?cat=1"},"img":{"alt_text":"","src":"","width":0,"height":0},"classes":[]},{"id":43889,"url":"https:\/\/www.achimbrueckner.de\/dxradio\/php\/wordpress\/?p=43889","url_meta":{"origin":44596,"position":3},"title":"Oldie Antenne verl\u00e4sst regionale DAB+ Sendernetze in Niedersachsen","author":"Administrator","date":"September 25, 2025","format":false,"excerpt":"https:\/\/www.radioblog.eu\/2025\/09\/25\/oldie-antenne-verlaesst-regionale-dab-sendernetze-in-niedersachsen\/","rel":"","context":"In &quot;Deutsch&quot;","block_context":{"text":"Deutsch","link":"https:\/\/www.achimbrueckner.de\/dxradio\/php\/wordpress\/?cat=1"},"img":{"alt_text":"","src":"","width":0,"height":0},"classes":[]},{"id":34712,"url":"https:\/\/www.achimbrueckner.de\/dxradio\/php\/wordpress\/?p=34712","url_meta":{"origin":44596,"position":4},"title":"Viktor Worms zur\u00fcck im Radio auf OLDIE ANTENNE \u2013 ab M\u00e4rz auch in Hessen auf DAB+","author":"Administrator","date":"February 25, 2022","format":false,"excerpt":"https:\/\/www.radioszene.de\/161489\/viktor-worms-oldie-antenne.html","rel":"","context":"In &quot;Deutsch&quot;","block_context":{"text":"Deutsch","link":"https:\/\/www.achimbrueckner.de\/dxradio\/php\/wordpress\/?cat=1"},"img":{"alt_text":"","src":"","width":0,"height":0},"classes":[]},{"id":35029,"url":"https:\/\/www.achimbrueckner.de\/dxradio\/php\/wordpress\/?p=35029","url_meta":{"origin":44596,"position":5},"title":"Empfangstest: Eine Woche Oldie Antenne in Hessen","author":"Administrator","date":"March 8, 2022","format":false,"excerpt":"https:\/\/www.smartphonefan.de\/2022\/03\/08\/empfangstest-eine-woche-oldie-antenne-in-hessen\/","rel":"","context":"In &quot;Deutsch&quot;","block_context":{"text":"Deutsch","link":"https:\/\/www.achimbrueckner.de\/dxradio\/php\/wordpress\/?cat=1"},"img":{"alt_text":"","src":"","width":0,"height":0},"classes":[]}],"_links":{"self":[{"href":"https:\/\/www.achimbrueckner.de\/dxradio\/php\/wordpress\/index.php?rest_route=\/wp\/v2\/posts\/44596","targetHints":{"allow":["GET"]}}],"collection":[{"href":"https:\/\/www.achimbrueckner.de\/dxradio\/php\/wordpress\/index.php?rest_route=\/wp\/v2\/posts"}],"about":[{"href":"https:\/\/www.achimbrueckner.de\/dxradio\/php\/wordpress\/index.php?rest_route=\/wp\/v2\/types\/post"}],"author":[{"embeddable":true,"href":"https:\/\/www.achimbrueckner.de\/dxradio\/php\/wordpress\/index.php?rest_route=\/wp\/v2\/users\/1"}],"replies":[{"embeddable":true,"href":"https:\/\/www.achimbrueckner.de\/dxradio\/php\/wordpress\/index.php?rest_route=%2Fwp%2Fv2%2Fcomments&post=44596"}],"version-history":[{"count":0,"href":"https:\/\/www.achimbrueckner.de\/dxradio\/php\/wordpress\/index.php?rest_route=\/wp\/v2\/posts\/44596\/revisions"}],"wp:attachment":[{"href":"https:\/\/www.achimbrueckner.de\/dxradio\/php\/wordpress\/index.php?rest_route=%2Fwp%2Fv2%2Fmedia&parent=44596"}],"wp:term":[{"taxonomy":"category","embeddable":true,"href":"https:\/\/www.achimbrueckner.de\/dxradio\/php\/wordpress\/index.php?rest_route=%2Fwp%2Fv2%2Fcategories&post=44596"},{"taxonomy":"post_tag","embeddable":true,"href":"https:\/\/www.achimbrueckner.de\/dxradio\/php\/wordpress\/index.php?rest_route=%2Fwp%2Fv2%2Ftags&post=44596"}],"curies":[{"name":"wp","href":"https:\/\/api.w.org\/{rel}","templated":true}]}}