{"id":44617,"date":"2025-12-21T18:30:10","date_gmt":"2025-12-21T18:30:10","guid":{"rendered":"https:\/\/www.achimbrueckner.de\/dxradio\/php\/wordpress\/?p=44617"},"modified":"2025-12-21T18:30:10","modified_gmt":"2025-12-21T18:30:10","slug":"radio-kopfe-mike-thiel-30-jahre-morningman-bei-radio-gong-96-3","status":"publish","type":"post","link":"https:\/\/www.achimbrueckner.de\/dxradio\/php\/wordpress\/?p=44617","title":{"rendered":"Radio-K\u00f6pfe | Mike Thiel: 30 Jahre Morningman bei Radio Gong 96.3"},"content":{"rendered":"<p><a href=\"https:\/\/www.radioszene.de\/208841\/mike-thiel.html\" target=\"_blank\">https:\/\/www.radioszene.de\/208841\/mike-thiel.html<\/a><\/p>\n","protected":false},"excerpt":{"rendered":"<p>https:\/\/www.radioszene.de\/208841\/mike-thiel.html<\/p>\n","protected":false},"author":1,"featured_media":0,"comment_status":"closed","ping_status":"open","sticky":false,"template":"","format":"standard","meta":{"_jetpack_memberships_contains_paid_content":false,"footnotes":"","jetpack_publicize_message":"","jetpack_publicize_feature_enabled":true,"jetpack_social_post_already_shared":true,"jetpack_social_options":{"image_generator_settings":{"template":"highway","default_image_id":0,"font":"","enabled":false},"version":2}},"categories":[1],"tags":[],"class_list":["post-44617","post","type-post","status-publish","format-standard","hentry","category-deutsch"],"jetpack_publicize_connections":[],"jetpack_featured_media_url":"","jetpack_sharing_enabled":true,"jetpack_shortlink":"https:\/\/wp.me\/p5CDmr-bBD","jetpack-related-posts":[{"id":42118,"url":"https:\/\/www.achimbrueckner.de\/dxradio\/php\/wordpress\/?p=42118","url_meta":{"origin":44617,"position":0},"title":"Radio-K\u00f6pfe | Georg Dingler: 26 Jahre Gesch\u00e4ftsf\u00fchrer bei Radio Gong","author":"Administrator","date":"January 10, 2025","format":false,"excerpt":"https:\/\/www.radioszene.de\/198589\/georg-dingler-radio-koepfe.html","rel":"","context":"In &quot;Deutsch&quot;","block_context":{"text":"Deutsch","link":"https:\/\/www.achimbrueckner.de\/dxradio\/php\/wordpress\/?cat=1"},"img":{"alt_text":"","src":"","width":0,"height":0},"classes":[]},{"id":42861,"url":"https:\/\/www.achimbrueckner.de\/dxradio\/php\/wordpress\/?p=42861","url_meta":{"origin":44617,"position":1},"title":"40 Jahre Radio Gong 96.3: Deutschlands erster privater Radiosender feiert gro\u00dfes Jubil\u00e4um","author":"Administrator","date":"May 22, 2025","format":false,"excerpt":"https:\/\/www.radioszene.de\/202887\/40-jahre-radio-gong-963.html","rel":"","context":"In &quot;Deutsch&quot;","block_context":{"text":"Deutsch","link":"https:\/\/www.achimbrueckner.de\/dxradio\/php\/wordpress\/?cat=1"},"img":{"alt_text":"","src":"","width":0,"height":0},"classes":[]},{"id":42925,"url":"https:\/\/www.achimbrueckner.de\/dxradio\/php\/wordpress\/?p=42925","url_meta":{"origin":44617,"position":2},"title":"40 Jahre Gong 96.3: So feierte M\u00fcnchen die gro\u00dfe Radio-Party","author":"Administrator","date":"May 31, 2025","format":false,"excerpt":"https:\/\/www.radioszene.de\/203155\/40jahre-radio-gong-party.html","rel":"","context":"In &quot;Deutsch&quot;","block_context":{"text":"Deutsch","link":"https:\/\/www.achimbrueckner.de\/dxradio\/php\/wordpress\/?cat=1"},"img":{"alt_text":"","src":"","width":0,"height":0},"classes":[]},{"id":43467,"url":"https:\/\/www.achimbrueckner.de\/dxradio\/php\/wordpress\/?p=43467","url_meta":{"origin":44617,"position":3},"title":"1. August: Bully Herbig und Rick Kavanian zur\u00fcck bei Radio Gong 96.3","author":"Administrator","date":"August 1, 2025","format":false,"excerpt":"https:\/\/www.radioszene.de\/204949\/bully-herbig-rick-kavanian-radio-gong-2025.html","rel":"","context":"In &quot;Deutsch&quot;","block_context":{"text":"Deutsch","link":"https:\/\/www.achimbrueckner.de\/dxradio\/php\/wordpress\/?cat=1"},"img":{"alt_text":"","src":"","width":0,"height":0},"classes":[]},{"id":29472,"url":"https:\/\/www.achimbrueckner.de\/dxradio\/php\/wordpress\/?p=29472","url_meta":{"origin":44617,"position":4},"title":"Emmanuel Zimmermann wird neue Station Voice bei Gong 96.3","author":"Administrator","date":"July 18, 2020","format":false,"excerpt":"https:\/\/www.radioszene.de\/145836\/radio-gong-stationvoice.html","rel":"","context":"In &quot;Deutsch&quot;","block_context":{"text":"Deutsch","link":"https:\/\/www.achimbrueckner.de\/dxradio\/php\/wordpress\/?cat=1"},"img":{"alt_text":"","src":"","width":0,"height":0},"classes":[]},{"id":28744,"url":"https:\/\/www.achimbrueckner.de\/dxradio\/php\/wordpress\/?p=28744","url_meta":{"origin":44617,"position":5},"title":"Nach 35 Jahren: Radio Gong 96.3 verl\u00e4sst Schwabing","author":"Administrator","date":"May 20, 2020","format":false,"excerpt":"https:\/\/www.radioszene.de\/143853\/radio-gong963-verlaesst-schwabing.html","rel":"","context":"In &quot;Deutsch&quot;","block_context":{"text":"Deutsch","link":"https:\/\/www.achimbrueckner.de\/dxradio\/php\/wordpress\/?cat=1"},"img":{"alt_text":"","src":"","width":0,"height":0},"classes":[]}],"_links":{"self":[{"href":"https:\/\/www.achimbrueckner.de\/dxradio\/php\/wordpress\/index.php?rest_route=\/wp\/v2\/posts\/44617","targetHints":{"allow":["GET"]}}],"collection":[{"href":"https:\/\/www.achimbrueckner.de\/dxradio\/php\/wordpress\/index.php?rest_route=\/wp\/v2\/posts"}],"about":[{"href":"https:\/\/www.achimbrueckner.de\/dxradio\/php\/wordpress\/index.php?rest_route=\/wp\/v2\/types\/post"}],"author":[{"embeddable":true,"href":"https:\/\/www.achimbrueckner.de\/dxradio\/php\/wordpress\/index.php?rest_route=\/wp\/v2\/users\/1"}],"replies":[{"embeddable":true,"href":"https:\/\/www.achimbrueckner.de\/dxradio\/php\/wordpress\/index.php?rest_route=%2Fwp%2Fv2%2Fcomments&post=44617"}],"version-history":[{"count":0,"href":"https:\/\/www.achimbrueckner.de\/dxradio\/php\/wordpress\/index.php?rest_route=\/wp\/v2\/posts\/44617\/revisions"}],"wp:attachment":[{"href":"https:\/\/www.achimbrueckner.de\/dxradio\/php\/wordpress\/index.php?rest_route=%2Fwp%2Fv2%2Fmedia&parent=44617"}],"wp:term":[{"taxonomy":"category","embeddable":true,"href":"https:\/\/www.achimbrueckner.de\/dxradio\/php\/wordpress\/index.php?rest_route=%2Fwp%2Fv2%2Fcategories&post=44617"},{"taxonomy":"post_tag","embeddable":true,"href":"https:\/\/www.achimbrueckner.de\/dxradio\/php\/wordpress\/index.php?rest_route=%2Fwp%2Fv2%2Ftags&post=44617"}],"curies":[{"name":"wp","href":"https:\/\/api.w.org\/{rel}","templated":true}]}}