{"id":44631,"date":"2025-12-23T10:01:10","date_gmt":"2025-12-23T10:01:10","guid":{"rendered":"https:\/\/www.achimbrueckner.de\/dxradio\/php\/wordpress\/?p=44631"},"modified":"2025-12-23T10:01:10","modified_gmt":"2025-12-23T10:01:10","slug":"lemgo-radio-will-als-sublokales-programm-auf-ukw","status":"publish","type":"post","link":"https:\/\/www.achimbrueckner.de\/dxradio\/php\/wordpress\/?p=44631","title":{"rendered":"Lemgo Radio will als sublokales Programm auf UKW"},"content":{"rendered":"<p><a href=\"https:\/\/www.radioblog.eu\/2025\/12\/22\/lemgo-radio-will-als-sublokales-programm-auf-ukw\/\" target=\"_blank\">https:\/\/www.radioblog.eu\/2025\/12\/22\/lemgo-radio-will-als-sublokales-programm-auf-ukw\/<\/a><\/p>\n","protected":false},"excerpt":{"rendered":"<p>https:\/\/www.radioblog.eu\/2025\/12\/22\/lemgo-radio-will-als-sublokales-programm-auf-ukw\/<\/p>\n","protected":false},"author":1,"featured_media":0,"comment_status":"closed","ping_status":"open","sticky":false,"template":"","format":"standard","meta":{"_jetpack_memberships_contains_paid_content":false,"footnotes":"","jetpack_publicize_message":"","jetpack_publicize_feature_enabled":true,"jetpack_social_post_already_shared":true,"jetpack_social_options":{"image_generator_settings":{"template":"highway","default_image_id":0,"font":"","enabled":false},"version":2}},"categories":[1],"tags":[],"class_list":["post-44631","post","type-post","status-publish","format-standard","hentry","category-deutsch"],"jetpack_publicize_connections":[],"jetpack_featured_media_url":"","jetpack_sharing_enabled":true,"jetpack_shortlink":"https:\/\/wp.me\/p5CDmr-bBR","jetpack-related-posts":[{"id":44776,"url":"https:\/\/www.achimbrueckner.de\/dxradio\/php\/wordpress\/?p=44776","url_meta":{"origin":44631,"position":0},"title":"106.8 pure fm startet regul\u00e4res Programm auf UKW","author":"Administrator","date":"January 10, 2026","format":false,"excerpt":"https:\/\/www.radioblog.eu\/2026\/01\/09\/106-8-pure-fm-startet-regulaeres-programm-auf-ukw\/","rel":"","context":"In &quot;Deutsch&quot;","block_context":{"text":"Deutsch","link":"https:\/\/www.achimbrueckner.de\/dxradio\/php\/wordpress\/?cat=1"},"img":{"alt_text":"","src":"","width":0,"height":0},"classes":[]},{"id":44536,"url":"https:\/\/www.achimbrueckner.de\/dxradio\/php\/wordpress\/?p=44536","url_meta":{"origin":44631,"position":1},"title":"Australien: ABC Radio Perth wechselt von Mittelwelle auf UKW","author":"Administrator","date":"December 13, 2025","format":false,"excerpt":"https:\/\/www.radioblog.eu\/2025\/12\/12\/australien-abc-radio-perth-wechselt-von-mittelwelle-auf-ukw\/","rel":"","context":"In &quot;Deutsch&quot;","block_context":{"text":"Deutsch","link":"https:\/\/www.achimbrueckner.de\/dxradio\/php\/wordpress\/?cat=1"},"img":{"alt_text":"","src":"","width":0,"height":0},"classes":[]},{"id":44672,"url":"https:\/\/www.achimbrueckner.de\/dxradio\/php\/wordpress\/?p=44672","url_meta":{"origin":44631,"position":2},"title":"\u00d6sterreich: Freies Radio Innviertel startet auf UKW","author":"Administrator","date":"December 30, 2025","format":false,"excerpt":"https:\/\/www.radioblog.eu\/2025\/12\/29\/oesterreich-freies-radio-innviertel-startet-auf-ukw\/","rel":"","context":"In &quot;Deutsch&quot;","block_context":{"text":"Deutsch","link":"https:\/\/www.achimbrueckner.de\/dxradio\/php\/wordpress\/?cat=1"},"img":{"alt_text":"","src":"","width":0,"height":0},"classes":[]},{"id":39645,"url":"https:\/\/www.achimbrueckner.de\/dxradio\/php\/wordpress\/?p=39645","url_meta":{"origin":44631,"position":3},"title":"Radio Forum als Webradio zur\u00fcck!","author":"Administrator","date":"June 13, 2023","format":false,"excerpt":"Radio Forum als Webradio zur\u00fcck! Radio Forum, ein Pionier aus Lothringen, geh\u00f6rte in den 1980iger Jahren zu den Radiostationen, welche gezielt in Richtung Saarland sendeten. Mitte 2023 wurde ein Webstream gestartet: https:\/\/www.radio-forum2.de\/ Radio Forum - Wir H\u00f6ren uns Das Webradio wird von Bernd Sambo betrieben - mit dem ehemaligen UKW-Sender\u2026","rel":"","context":"In &quot;Deutsch&quot;","block_context":{"text":"Deutsch","link":"https:\/\/www.achimbrueckner.de\/dxradio\/php\/wordpress\/?cat=1"},"img":{"alt_text":"","src":"","width":0,"height":0},"classes":[]},{"id":44442,"url":"https:\/\/www.achimbrueckner.de\/dxradio\/php\/wordpress\/?p=44442","url_meta":{"origin":44631,"position":4},"title":"Italien: Radio Subasio startet in Zentral-Venetien auf UKW","author":"Administrator","date":"December 2, 2025","format":false,"excerpt":"https:\/\/www.radioblog.eu\/2025\/12\/01\/italien-radio-subasio-startet-in-zentral-venetien-auf-ukw\/","rel":"","context":"In &quot;Deutsch&quot;","block_context":{"text":"Deutsch","link":"https:\/\/www.achimbrueckner.de\/dxradio\/php\/wordpress\/?cat=1"},"img":{"alt_text":"","src":"","width":0,"height":0},"classes":[]},{"id":42791,"url":"https:\/\/www.achimbrueckner.de\/dxradio\/php\/wordpress\/?p=42791","url_meta":{"origin":44631,"position":5},"title":"Niederlande\/Spanien: Radio 538 auf UKW auf Ibiza","author":"Administrator","date":"May 13, 2025","format":false,"excerpt":"https:\/\/www.radioblog.eu\/2025\/05\/13\/niederlande-spanien-radio-538-auf-ukw-auf-ibiza\/","rel":"","context":"In &quot;Deutsch&quot;","block_context":{"text":"Deutsch","link":"https:\/\/www.achimbrueckner.de\/dxradio\/php\/wordpress\/?cat=1"},"img":{"alt_text":"","src":"","width":0,"height":0},"classes":[]}],"_links":{"self":[{"href":"https:\/\/www.achimbrueckner.de\/dxradio\/php\/wordpress\/index.php?rest_route=\/wp\/v2\/posts\/44631","targetHints":{"allow":["GET"]}}],"collection":[{"href":"https:\/\/www.achimbrueckner.de\/dxradio\/php\/wordpress\/index.php?rest_route=\/wp\/v2\/posts"}],"about":[{"href":"https:\/\/www.achimbrueckner.de\/dxradio\/php\/wordpress\/index.php?rest_route=\/wp\/v2\/types\/post"}],"author":[{"embeddable":true,"href":"https:\/\/www.achimbrueckner.de\/dxradio\/php\/wordpress\/index.php?rest_route=\/wp\/v2\/users\/1"}],"replies":[{"embeddable":true,"href":"https:\/\/www.achimbrueckner.de\/dxradio\/php\/wordpress\/index.php?rest_route=%2Fwp%2Fv2%2Fcomments&post=44631"}],"version-history":[{"count":0,"href":"https:\/\/www.achimbrueckner.de\/dxradio\/php\/wordpress\/index.php?rest_route=\/wp\/v2\/posts\/44631\/revisions"}],"wp:attachment":[{"href":"https:\/\/www.achimbrueckner.de\/dxradio\/php\/wordpress\/index.php?rest_route=%2Fwp%2Fv2%2Fmedia&parent=44631"}],"wp:term":[{"taxonomy":"category","embeddable":true,"href":"https:\/\/www.achimbrueckner.de\/dxradio\/php\/wordpress\/index.php?rest_route=%2Fwp%2Fv2%2Fcategories&post=44631"},{"taxonomy":"post_tag","embeddable":true,"href":"https:\/\/www.achimbrueckner.de\/dxradio\/php\/wordpress\/index.php?rest_route=%2Fwp%2Fv2%2Ftags&post=44631"}],"curies":[{"name":"wp","href":"https:\/\/api.w.org\/{rel}","templated":true}]}}