{"id":44643,"date":"2025-12-24T14:12:49","date_gmt":"2025-12-24T14:12:49","guid":{"rendered":"https:\/\/www.achimbrueckner.de\/dxradio\/php\/wordpress\/?p=44643"},"modified":"2025-12-24T14:12:49","modified_gmt":"2025-12-24T14:12:49","slug":"saarlandischer-rundfunk-unter-transformationsdruck-steht-die-saarlandwelle-zur-disposition","status":"publish","type":"post","link":"https:\/\/www.achimbrueckner.de\/dxradio\/php\/wordpress\/?p=44643","title":{"rendered":"Saarl\u00e4ndischer Rundfunk unter Transformationsdruck Steht die Saarlandwelle zur Disposition?"},"content":{"rendered":"<p><a href=\"https:\/\/www.saarbruecker-zeitung.de\/saarland\/saarlaendischer-rundfunk-wie-geht-es-mit-sr3-saarlandwelle-weiter_aid-141081913\" target=\"_blank\">https:\/\/www.saarbruecker-zeitung.de\/saarland\/saarlaendischer-rundfunk-wie-geht-es-mit-sr3-saarlandwelle-weiter_aid-141081913<\/a><\/p>\n","protected":false},"excerpt":{"rendered":"<p>https:\/\/www.saarbruecker-zeitung.de\/saarland\/saarlaendischer-rundfunk-wie-geht-es-mit-sr3-saarlandwelle-weiter_aid-141081913<\/p>\n","protected":false},"author":1,"featured_media":0,"comment_status":"closed","ping_status":"open","sticky":false,"template":"","format":"standard","meta":{"_jetpack_memberships_contains_paid_content":false,"footnotes":"","jetpack_publicize_message":"","jetpack_publicize_feature_enabled":true,"jetpack_social_post_already_shared":true,"jetpack_social_options":{"image_generator_settings":{"template":"highway","default_image_id":0,"font":"","enabled":false},"version":2}},"categories":[1],"tags":[],"class_list":["post-44643","post","type-post","status-publish","format-standard","hentry","category-deutsch"],"jetpack_publicize_connections":[],"jetpack_featured_media_url":"","jetpack_sharing_enabled":true,"jetpack_shortlink":"https:\/\/wp.me\/p5CDmr-bC3","jetpack-related-posts":[{"id":17545,"url":"https:\/\/www.achimbrueckner.de\/dxradio\/php\/wordpress\/?p=17545","url_meta":{"origin":44643,"position":0},"title":"Radiolegende Frank Laufenberg sendet bei SR 3 Saarlandwelle","author":"Administrator","date":"April 30, 2018","format":false,"excerpt":"http:\/\/www.sr.de\/sr\/home\/der_sr\/kommunikation\/aktuell\/20180426_pm_frank_laufenberg_sr3_100.html","rel":"","context":"In &quot;Deutsch&quot;","block_context":{"text":"Deutsch","link":"https:\/\/www.achimbrueckner.de\/dxradio\/php\/wordpress\/?cat=1"},"img":{"alt_text":"","src":"","width":0,"height":0},"classes":[]},{"id":872,"url":"https:\/\/www.achimbrueckner.de\/dxradio\/php\/wordpress\/?p=872","url_meta":{"origin":44643,"position":1},"title":"SWLCS-Spezial 24. Januar 2010","author":"Administrator","date":"January 24, 2010","format":false,"excerpt":"24. Januar 2010 1900 bis 2000 MEZ: http:\/\/stream.laut.fm\/kompakt.m3u Auf vielfachen Wunsch wird das SWLCS-Spezial wiederholt, mit folgendem Inhalt : Besuch im Studio von Radio F\u00f6rderband Mitte der 80iger, 2. Geburtstag von Radio Ropa Info mit dem DX-Programm von Manfred B\u00f6hm, Vorstellung des Radio S\u00fcdafrika RSA DX-Programms in deutscher Sprache, Peter\u2026","rel":"","context":"In &quot;Deutsch&quot;","block_context":{"text":"Deutsch","link":"https:\/\/www.achimbrueckner.de\/dxradio\/php\/wordpress\/?cat=1"},"img":{"alt_text":"","src":"","width":0,"height":0},"classes":[]},{"id":34623,"url":"https:\/\/www.achimbrueckner.de\/dxradio\/php\/wordpress\/?p=34623","url_meta":{"origin":44643,"position":2},"title":"Zum Welttag des Radios: Der Rundfunk ist tot, es lebe der Rundfunk!","author":"Administrator","date":"February 12, 2022","format":false,"excerpt":"https:\/\/www.heise.de\/hintergrund\/Zum-Welttag-des-Radios-Der-Rundfunk-ist-tot-es-lebe-der-Rundfunk-6453453.html","rel":"","context":"In &quot;Deutsch&quot;","block_context":{"text":"Deutsch","link":"https:\/\/www.achimbrueckner.de\/dxradio\/php\/wordpress\/?cat=1"},"img":{"alt_text":"","src":"","width":0,"height":0},"classes":[]},{"id":7029,"url":"https:\/\/www.achimbrueckner.de\/dxradio\/php\/wordpress\/?p=7029","url_meta":{"origin":44643,"position":3},"title":"Historisches zum Rundfunk: 1900 erste Versuche zur Sprach\u00fcbertragung und 1920 erstes Rundfunk-Instrumentalkonzert","author":"Administrator","date":"December 23, 2015","format":false,"excerpt":"https:\/\/www.infosat.de\/technik\/historisches-zum-rundfunk-1900-erste-versuche-zur-sprach-bertragung-und-1920-erstes-rundfunk","rel":"","context":"In &quot;Deutsch&quot;","block_context":{"text":"Deutsch","link":"https:\/\/www.achimbrueckner.de\/dxradio\/php\/wordpress\/?cat=1"},"img":{"alt_text":"","src":"","width":0,"height":0},"classes":[]},{"id":1532,"url":"https:\/\/www.achimbrueckner.de\/dxradio\/php\/wordpress\/?p=1532","url_meta":{"origin":44643,"position":4},"title":"Rundfunk auf UKW","author":"Administrator","date":"May 4, 2011","format":false,"excerpt":"Rundfunk auf UKW http:\/\/www.rein-hoeren.de\/content\/rundfunk-auf-ukw","rel":"","context":"In &quot;Deutsch&quot;","block_context":{"text":"Deutsch","link":"https:\/\/www.achimbrueckner.de\/dxradio\/php\/wordpress\/?cat=1"},"img":{"alt_text":"","src":"","width":0,"height":0},"classes":[]},{"id":38362,"url":"https:\/\/www.achimbrueckner.de\/dxradio\/php\/wordpress\/?p=38362","url_meta":{"origin":44643,"position":5},"title":"Anke Rehlinger will an Saarl\u00e4ndischem Rundfunk festhalten","author":"Administrator","date":"December 27, 2022","format":false,"excerpt":"https:\/\/www.zeit.de\/politik\/deutschland\/2022-12\/oeffentlich-rechtlicher-rundfunk-saarlaendischer-rundfunk-kritik-reform","rel":"","context":"In &quot;Deutsch&quot;","block_context":{"text":"Deutsch","link":"https:\/\/www.achimbrueckner.de\/dxradio\/php\/wordpress\/?cat=1"},"img":{"alt_text":"","src":"","width":0,"height":0},"classes":[]}],"_links":{"self":[{"href":"https:\/\/www.achimbrueckner.de\/dxradio\/php\/wordpress\/index.php?rest_route=\/wp\/v2\/posts\/44643","targetHints":{"allow":["GET"]}}],"collection":[{"href":"https:\/\/www.achimbrueckner.de\/dxradio\/php\/wordpress\/index.php?rest_route=\/wp\/v2\/posts"}],"about":[{"href":"https:\/\/www.achimbrueckner.de\/dxradio\/php\/wordpress\/index.php?rest_route=\/wp\/v2\/types\/post"}],"author":[{"embeddable":true,"href":"https:\/\/www.achimbrueckner.de\/dxradio\/php\/wordpress\/index.php?rest_route=\/wp\/v2\/users\/1"}],"replies":[{"embeddable":true,"href":"https:\/\/www.achimbrueckner.de\/dxradio\/php\/wordpress\/index.php?rest_route=%2Fwp%2Fv2%2Fcomments&post=44643"}],"version-history":[{"count":0,"href":"https:\/\/www.achimbrueckner.de\/dxradio\/php\/wordpress\/index.php?rest_route=\/wp\/v2\/posts\/44643\/revisions"}],"wp:attachment":[{"href":"https:\/\/www.achimbrueckner.de\/dxradio\/php\/wordpress\/index.php?rest_route=%2Fwp%2Fv2%2Fmedia&parent=44643"}],"wp:term":[{"taxonomy":"category","embeddable":true,"href":"https:\/\/www.achimbrueckner.de\/dxradio\/php\/wordpress\/index.php?rest_route=%2Fwp%2Fv2%2Fcategories&post=44643"},{"taxonomy":"post_tag","embeddable":true,"href":"https:\/\/www.achimbrueckner.de\/dxradio\/php\/wordpress\/index.php?rest_route=%2Fwp%2Fv2%2Ftags&post=44643"}],"curies":[{"name":"wp","href":"https:\/\/api.w.org\/{rel}","templated":true}]}}