{"id":44645,"date":"2025-12-25T18:04:33","date_gmt":"2025-12-25T18:04:33","guid":{"rendered":"https:\/\/www.achimbrueckner.de\/dxradio\/php\/wordpress\/?p=44645"},"modified":"2025-12-25T18:04:33","modified_gmt":"2025-12-25T18:04:33","slug":"osterreich-das-o3-weihnachtswunder-wurde-wieder-wahr","status":"publish","type":"post","link":"https:\/\/www.achimbrueckner.de\/dxradio\/php\/wordpress\/?p=44645","title":{"rendered":"\u00d6sterreich: Das \u201e\u00d63-Weihnachtswunder\u201c wurde wieder wahr"},"content":{"rendered":"<p><a href=\"https:\/\/www.radioblog.eu\/2025\/12\/25\/oesterreich-das-oe3-weihnachtswunder-wurde-wieder-wahr\/\" target=\"_blank\">https:\/\/www.radioblog.eu\/2025\/12\/25\/oesterreich-das-oe3-weihnachtswunder-wurde-wieder-wahr\/<\/a><\/p>\n","protected":false},"excerpt":{"rendered":"<p>https:\/\/www.radioblog.eu\/2025\/12\/25\/oesterreich-das-oe3-weihnachtswunder-wurde-wieder-wahr\/<\/p>\n","protected":false},"author":1,"featured_media":0,"comment_status":"closed","ping_status":"open","sticky":false,"template":"","format":"standard","meta":{"_jetpack_memberships_contains_paid_content":false,"footnotes":"","jetpack_publicize_message":"","jetpack_publicize_feature_enabled":true,"jetpack_social_post_already_shared":true,"jetpack_social_options":{"image_generator_settings":{"template":"highway","default_image_id":0,"font":"","enabled":false},"version":2}},"categories":[1],"tags":[],"class_list":["post-44645","post","type-post","status-publish","format-standard","hentry","category-deutsch"],"jetpack_publicize_connections":[],"jetpack_featured_media_url":"","jetpack_sharing_enabled":true,"jetpack_shortlink":"https:\/\/wp.me\/p5CDmr-bC5","jetpack-related-posts":[{"id":44252,"url":"https:\/\/www.achimbrueckner.de\/dxradio\/php\/wordpress\/?p=44252","url_meta":{"origin":44645,"position":0},"title":"W\u00fcnsche werden wahr: \u201eWeihnachtswunder\u201c mit Bremen Eins und Bremen Vier startet","author":"Administrator","date":"November 10, 2025","format":false,"excerpt":"https:\/\/www.radioszene.de\/207756\/weihnachtswunder-2025.html","rel":"","context":"In &quot;Deutsch&quot;","block_context":{"text":"Deutsch","link":"https:\/\/www.achimbrueckner.de\/dxradio\/php\/wordpress\/?cat=1"},"img":{"alt_text":"","src":"","width":0,"height":0},"classes":[]},{"id":20471,"url":"https:\/\/www.achimbrueckner.de\/dxradio\/php\/wordpress\/?p=20471","url_meta":{"origin":44645,"position":1},"title":"Alle Jahre wieder: \u00d63 Weihnachtswunder vor dem Start","author":"Administrator","date":"December 19, 2018","format":false,"excerpt":"https:\/\/www.smartphonefan.de\/2018\/12\/18\/alle-jahre-wieder-oe3-weihnachtswunder-vor-dem-start\/","rel":"","context":"In &quot;Deutsch&quot;","block_context":{"text":"Deutsch","link":"https:\/\/www.achimbrueckner.de\/dxradio\/php\/wordpress\/?cat=1"},"img":{"alt_text":"","src":"","width":0,"height":0},"classes":[]},{"id":44440,"url":"https:\/\/www.achimbrueckner.de\/dxradio\/php\/wordpress\/?p=44440","url_meta":{"origin":44645,"position":2},"title":"\u00d6sterreich: Das ist das Programm f\u00fcr das \u00d63 Weihnachtswunder 2025","author":"Administrator","date":"December 2, 2025","format":false,"excerpt":"https:\/\/www.radioblog.eu\/2025\/12\/02\/oesterreich-das-ist-das-programm-fuer-das-oe3-weihnachtswunder-2025\/","rel":"","context":"In &quot;Deutsch&quot;","block_context":{"text":"Deutsch","link":"https:\/\/www.achimbrueckner.de\/dxradio\/php\/wordpress\/?cat=1"},"img":{"alt_text":"","src":"","width":0,"height":0},"classes":[]},{"id":38255,"url":"https:\/\/www.achimbrueckner.de\/dxradio\/php\/wordpress\/?p=38255","url_meta":{"origin":44645,"position":3},"title":"\u00d63 &#038; WDR2: Das Weihnachtswunder kommt eigentlich aus den Niederlanden","author":"Administrator","date":"December 18, 2022","format":false,"excerpt":"https:\/\/www.radioblog.eu\/2022\/12\/18\/oe3-wdr2-das-weihnachtswunder-kommt-eigentlich-aus-den-niederlanden\/","rel":"","context":"In &quot;Deutsch&quot;","block_context":{"text":"Deutsch","link":"https:\/\/www.achimbrueckner.de\/dxradio\/php\/wordpress\/?cat=1"},"img":{"alt_text":"","src":"","width":0,"height":0},"classes":[]},{"id":31244,"url":"https:\/\/www.achimbrueckner.de\/dxradio\/php\/wordpress\/?p=31244","url_meta":{"origin":44645,"position":4},"title":"Auch im Corona-Jahr: Morgen startet das \u00d63 Weihnachtswunder","author":"Administrator","date":"December 19, 2020","format":false,"excerpt":"https:\/\/www.smartphonefan.de\/2020\/12\/18\/auch-im-corona-jahr-morgen-startet-das-oe3-weihnachtswunder\/","rel":"","context":"In &quot;Deutsch&quot;","block_context":{"text":"Deutsch","link":"https:\/\/www.achimbrueckner.de\/dxradio\/php\/wordpress\/?cat=1"},"img":{"alt_text":"","src":"","width":0,"height":0},"classes":[]},{"id":31281,"url":"https:\/\/www.achimbrueckner.de\/dxradio\/php\/wordpress\/?p=31281","url_meta":{"origin":44645,"position":5},"title":"Deutsche Radiopioniere \u2013 wie alles begann Das Weihnachtswunder von 1920","author":"Administrator","date":"December 21, 2020","format":false,"excerpt":"https:\/\/www.spiegel.de\/geschichte\/100-jahre-deutscher-rundfunk-das-weihnachtswunder-von-1920-a-98dbbc30-a7df-49a3-9d51-8860d4f9fab3","rel":"","context":"In &quot;Deutsch&quot;","block_context":{"text":"Deutsch","link":"https:\/\/www.achimbrueckner.de\/dxradio\/php\/wordpress\/?cat=1"},"img":{"alt_text":"","src":"","width":0,"height":0},"classes":[]}],"_links":{"self":[{"href":"https:\/\/www.achimbrueckner.de\/dxradio\/php\/wordpress\/index.php?rest_route=\/wp\/v2\/posts\/44645","targetHints":{"allow":["GET"]}}],"collection":[{"href":"https:\/\/www.achimbrueckner.de\/dxradio\/php\/wordpress\/index.php?rest_route=\/wp\/v2\/posts"}],"about":[{"href":"https:\/\/www.achimbrueckner.de\/dxradio\/php\/wordpress\/index.php?rest_route=\/wp\/v2\/types\/post"}],"author":[{"embeddable":true,"href":"https:\/\/www.achimbrueckner.de\/dxradio\/php\/wordpress\/index.php?rest_route=\/wp\/v2\/users\/1"}],"replies":[{"embeddable":true,"href":"https:\/\/www.achimbrueckner.de\/dxradio\/php\/wordpress\/index.php?rest_route=%2Fwp%2Fv2%2Fcomments&post=44645"}],"version-history":[{"count":0,"href":"https:\/\/www.achimbrueckner.de\/dxradio\/php\/wordpress\/index.php?rest_route=\/wp\/v2\/posts\/44645\/revisions"}],"wp:attachment":[{"href":"https:\/\/www.achimbrueckner.de\/dxradio\/php\/wordpress\/index.php?rest_route=%2Fwp%2Fv2%2Fmedia&parent=44645"}],"wp:term":[{"taxonomy":"category","embeddable":true,"href":"https:\/\/www.achimbrueckner.de\/dxradio\/php\/wordpress\/index.php?rest_route=%2Fwp%2Fv2%2Fcategories&post=44645"},{"taxonomy":"post_tag","embeddable":true,"href":"https:\/\/www.achimbrueckner.de\/dxradio\/php\/wordpress\/index.php?rest_route=%2Fwp%2Fv2%2Ftags&post=44645"}],"curies":[{"name":"wp","href":"https:\/\/api.w.org\/{rel}","templated":true}]}}