{"id":44647,"date":"2025-12-25T18:05:54","date_gmt":"2025-12-25T18:05:54","guid":{"rendered":"https:\/\/www.achimbrueckner.de\/dxradio\/php\/wordpress\/?p=44647"},"modified":"2025-12-25T18:05:54","modified_gmt":"2025-12-25T18:05:54","slug":"kolsch-radio-startet-fruher","status":"publish","type":"post","link":"https:\/\/www.achimbrueckner.de\/dxradio\/php\/wordpress\/?p=44647","title":{"rendered":"K\u00f6lsch Radio startet fr\u00fcher"},"content":{"rendered":"<p><a href=\"https:\/\/www.radioblog.eu\/2025\/12\/24\/koelsch-radio-startet-frueher\/\" target=\"_blank\">https:\/\/www.radioblog.eu\/2025\/12\/24\/koelsch-radio-startet-frueher\/<\/a><\/p>\n","protected":false},"excerpt":{"rendered":"<p>https:\/\/www.radioblog.eu\/2025\/12\/24\/koelsch-radio-startet-frueher\/<\/p>\n","protected":false},"author":1,"featured_media":0,"comment_status":"closed","ping_status":"open","sticky":false,"template":"","format":"standard","meta":{"_jetpack_memberships_contains_paid_content":false,"footnotes":"","jetpack_publicize_message":"","jetpack_publicize_feature_enabled":true,"jetpack_social_post_already_shared":true,"jetpack_social_options":{"image_generator_settings":{"template":"highway","default_image_id":0,"font":"","enabled":false},"version":2}},"categories":[1],"tags":[],"class_list":["post-44647","post","type-post","status-publish","format-standard","hentry","category-deutsch"],"jetpack_publicize_connections":[],"jetpack_featured_media_url":"","jetpack_sharing_enabled":true,"jetpack_shortlink":"https:\/\/wp.me\/p5CDmr-bC7","jetpack-related-posts":[{"id":44673,"url":"https:\/\/www.achimbrueckner.de\/dxradio\/php\/wordpress\/?p=44673","url_meta":{"origin":44647,"position":0},"title":"K\u00f6lsch Radio planm\u00e4\u00dfig auf DAB+ gestartet","author":"Administrator","date":"December 30, 2025","format":false,"excerpt":"https:\/\/www.radioblog.eu\/2025\/12\/29\/koelsch-radio-planmaessig-auf-dab-gestartet\/","rel":"","context":"In &quot;Deutsch&quot;","block_context":{"text":"Deutsch","link":"https:\/\/www.achimbrueckner.de\/dxradio\/php\/wordpress\/?cat=1"},"img":{"alt_text":"","src":"","width":0,"height":0},"classes":[]},{"id":44656,"url":"https:\/\/www.achimbrueckner.de\/dxradio\/php\/wordpress\/?p=44656","url_meta":{"origin":44647,"position":1},"title":"K\u00f6lsch Radio hat Testbetrieb im Internet gestartet","author":"Administrator","date":"December 28, 2025","format":false,"excerpt":"https:\/\/www.radioblog.eu\/2025\/12\/27\/koelsch-radio-hat-testbetrieb-im-internet-gestartet\/","rel":"","context":"In &quot;Deutsch&quot;","block_context":{"text":"Deutsch","link":"https:\/\/www.achimbrueckner.de\/dxradio\/php\/wordpress\/?cat=1"},"img":{"alt_text":"","src":"","width":0,"height":0},"classes":[]},{"id":44612,"url":"https:\/\/www.achimbrueckner.de\/dxradio\/php\/wordpress\/?p=44612","url_meta":{"origin":44647,"position":2},"title":"kulthitRADIO in NRW best\u00e4tigt: K\u00f6lsch Radio wird Nachfolger","author":"Administrator","date":"December 20, 2025","format":false,"excerpt":"https:\/\/www.radioblog.eu\/2025\/12\/19\/kulthitradio-in-nrw-bestaetigt-koelsch-radio-wird-nachfolger\/","rel":"","context":"In &quot;Deutsch&quot;","block_context":{"text":"Deutsch","link":"https:\/\/www.achimbrueckner.de\/dxradio\/php\/wordpress\/?cat=1"},"img":{"alt_text":"","src":"","width":0,"height":0},"classes":[]},{"id":16562,"url":"https:\/\/www.achimbrueckner.de\/dxradio\/php\/wordpress\/?p=16562","url_meta":{"origin":44647,"position":3},"title":"D-Lux Radio hei\u00dft jetzt Delux Radio und startet fr\u00fcher","author":"Administrator","date":"February 19, 2018","format":false,"excerpt":"http:\/\/www.smartphonefan.de\/2018\/02\/19\/d-lux-radio-heisst-jetzt-delux-radio-und-startet-frueher\/","rel":"","context":"In &quot;Deutsch&quot;","block_context":{"text":"Deutsch","link":"https:\/\/www.achimbrueckner.de\/dxradio\/php\/wordpress\/?cat=1"},"img":{"alt_text":"","src":"","width":0,"height":0},"classes":[]},{"id":44989,"url":"https:\/\/www.achimbrueckner.de\/dxradio\/php\/wordpress\/?p=44989","url_meta":{"origin":44647,"position":4},"title":"K\u00f6lsch Radio gibt es jetzt auch als App","author":"Administrator","date":"February 8, 2026","format":false,"excerpt":"https:\/\/www.radioblog.eu\/2026\/02\/06\/koelsch-radio-gibt-es-jetzt-auch-als-app\/","rel":"","context":"In &quot;Deutsch&quot;","block_context":{"text":"Deutsch","link":"https:\/\/www.achimbrueckner.de\/dxradio\/php\/wordpress\/?cat=1"},"img":{"alt_text":"","src":"","width":0,"height":0},"classes":[]},{"id":42773,"url":"https:\/\/www.achimbrueckner.de\/dxradio\/php\/wordpress\/?p=42773","url_meta":{"origin":44647,"position":5},"title":"Radio Paradiso startet Milit\u00e4rmusik Radio","author":"Administrator","date":"May 12, 2025","format":false,"excerpt":"https:\/\/www.radioblog.eu\/2025\/05\/12\/radio-paradiso-startet-militaermusik-radio\/","rel":"","context":"In &quot;Deutsch&quot;","block_context":{"text":"Deutsch","link":"https:\/\/www.achimbrueckner.de\/dxradio\/php\/wordpress\/?cat=1"},"img":{"alt_text":"","src":"","width":0,"height":0},"classes":[]}],"_links":{"self":[{"href":"https:\/\/www.achimbrueckner.de\/dxradio\/php\/wordpress\/index.php?rest_route=\/wp\/v2\/posts\/44647","targetHints":{"allow":["GET"]}}],"collection":[{"href":"https:\/\/www.achimbrueckner.de\/dxradio\/php\/wordpress\/index.php?rest_route=\/wp\/v2\/posts"}],"about":[{"href":"https:\/\/www.achimbrueckner.de\/dxradio\/php\/wordpress\/index.php?rest_route=\/wp\/v2\/types\/post"}],"author":[{"embeddable":true,"href":"https:\/\/www.achimbrueckner.de\/dxradio\/php\/wordpress\/index.php?rest_route=\/wp\/v2\/users\/1"}],"replies":[{"embeddable":true,"href":"https:\/\/www.achimbrueckner.de\/dxradio\/php\/wordpress\/index.php?rest_route=%2Fwp%2Fv2%2Fcomments&post=44647"}],"version-history":[{"count":0,"href":"https:\/\/www.achimbrueckner.de\/dxradio\/php\/wordpress\/index.php?rest_route=\/wp\/v2\/posts\/44647\/revisions"}],"wp:attachment":[{"href":"https:\/\/www.achimbrueckner.de\/dxradio\/php\/wordpress\/index.php?rest_route=%2Fwp%2Fv2%2Fmedia&parent=44647"}],"wp:term":[{"taxonomy":"category","embeddable":true,"href":"https:\/\/www.achimbrueckner.de\/dxradio\/php\/wordpress\/index.php?rest_route=%2Fwp%2Fv2%2Fcategories&post=44647"},{"taxonomy":"post_tag","embeddable":true,"href":"https:\/\/www.achimbrueckner.de\/dxradio\/php\/wordpress\/index.php?rest_route=%2Fwp%2Fv2%2Ftags&post=44647"}],"curies":[{"name":"wp","href":"https:\/\/api.w.org\/{rel}","templated":true}]}}