{"id":44668,"date":"2025-12-30T09:13:40","date_gmt":"2025-12-30T09:13:40","guid":{"rendered":"https:\/\/www.achimbrueckner.de\/dxradio\/php\/wordpress\/?p=44668"},"modified":"2025-12-30T09:13:40","modified_gmt":"2025-12-30T09:13:40","slug":"andorra-armenien-aqui-radio-andorra-kehrt-an-silvester-fur-sechs-stunden-zuruck","status":"publish","type":"post","link":"https:\/\/www.achimbrueckner.de\/dxradio\/php\/wordpress\/?p=44668","title":{"rendered":"Andorra\/Armenien: Aqui Radio Andorra kehrt an Silvester f\u00fcr sechs Stunden zur\u00fcck"},"content":{"rendered":"<p><a href=\"https:\/\/www.radioblog.eu\/2025\/12\/30\/andorra-armenien-aqui-radio-andorra-kehrt-an-silvester-fuer-sechs-stunden-zurueck\/\" target=\"_blank\">https:\/\/www.radioblog.eu\/2025\/12\/30\/andorra-armenien-aqui-radio-andorra-kehrt-an-silvester-fuer-sechs-stunden-zurueck\/<\/a><\/p>\n","protected":false},"excerpt":{"rendered":"<p>https:\/\/www.radioblog.eu\/2025\/12\/30\/andorra-armenien-aqui-radio-andorra-kehrt-an-silvester-fuer-sechs-stunden-zurueck\/<\/p>\n","protected":false},"author":1,"featured_media":0,"comment_status":"closed","ping_status":"open","sticky":false,"template":"","format":"standard","meta":{"_jetpack_memberships_contains_paid_content":false,"footnotes":"","jetpack_publicize_message":"","jetpack_publicize_feature_enabled":true,"jetpack_social_post_already_shared":true,"jetpack_social_options":{"image_generator_settings":{"template":"highway","default_image_id":0,"font":"","enabled":false},"version":2}},"categories":[1],"tags":[],"class_list":["post-44668","post","type-post","status-publish","format-standard","hentry","category-deutsch"],"jetpack_publicize_connections":[],"jetpack_featured_media_url":"","jetpack_sharing_enabled":true,"jetpack_shortlink":"https:\/\/wp.me\/p5CDmr-bCs","jetpack-related-posts":[{"id":34454,"url":"https:\/\/www.achimbrueckner.de\/dxradio\/php\/wordpress\/?p=34454","url_meta":{"origin":44668,"position":0},"title":"Radio Andorra mit Daniel Balavoine","author":"Administrator","date":"January 19, 2022","format":false,"excerpt":"Christian Milling berichtet in unserer A-DX Liste: vielen Dank f\u00fcr Eure Unterst\u00fctzung und Monitoring der Testsendung aus Gavar. Folgende Sendezeiten sind damit fix: \u201eRadio Andorra mit Daniel Balavoine\u201c Erstausstrahlung: 01. Juli 1979 Ausstrahlung restaurierte Fassung: 05. Februar 2022 F\u00fcr Nordamerika: 1200-1400 UTC auf 5850 kHz via WRMI Florida, USA, 315\u00b0\u2026","rel":"","context":"In &quot;Deutsch&quot;","block_context":{"text":"Deutsch","link":"https:\/\/www.achimbrueckner.de\/dxradio\/php\/wordpress\/?cat=1"},"img":{"alt_text":"","src":"","width":0,"height":0},"classes":[]},{"id":38482,"url":"https:\/\/www.achimbrueckner.de\/dxradio\/php\/wordpress\/?p=38482","url_meta":{"origin":44668,"position":1},"title":"Radio Andorra 8. Januar 2023","author":"Administrator","date":"January 4, 2023","format":false,"excerpt":"Gute Neuigkeiten. Unser Archiv \"Carte Blanche \u00e0 Georges Chelon\" kann in Kurzwelle ausgestrahlt werden. Auch wenn der Spendenaufruf immer noch nicht die Fortsetzung dieser \u00dcbertragungen sicherstellt, gelang es unserem Freund Christian Milling, die n\u00e4chste geplante Sendung f\u00fcr SONNTAG, 8. JANUAR 2023 (und nicht wie gewohnt Samstag) von 18 zu sichern\u2026","rel":"","context":"In &quot;Deutsch&quot;","block_context":{"text":"Deutsch","link":"https:\/\/www.achimbrueckner.de\/dxradio\/php\/wordpress\/?cat=1"},"img":{"alt_text":"","src":"","width":0,"height":0},"classes":[]},{"id":37564,"url":"https:\/\/www.achimbrueckner.de\/dxradio\/php\/wordpress\/?p=37564","url_meta":{"origin":44668,"position":2},"title":"Radio Andorra 1. Oktober 2022","author":"Administrator","date":"September 26, 2022","format":false,"excerpt":"Wieder erster Samstag im Monat, diesmal aber 2 Stunden sp\u00e4ter als \u00fcblich und nur in Richtung Europa: Aqui Radio Andorra mit dem S\u00e4nger Carlos. 19-20 Uhr UTC auf 6180 kHz am 01. Oktober 2022.","rel":"","context":"In &quot;Deutsch&quot;","block_context":{"text":"Deutsch","link":"https:\/\/www.achimbrueckner.de\/dxradio\/php\/wordpress\/?cat=1"},"img":{"alt_text":"","src":"","width":0,"height":0},"classes":[]},{"id":33270,"url":"https:\/\/www.achimbrueckner.de\/dxradio\/php\/wordpress\/?p=33270","url_meta":{"origin":44668,"position":3},"title":"Radio Andorra 7 August 2021 1900 MESZ 6180 Khz","author":"Administrator","date":"August 7, 2021","format":false,"excerpt":"Radio Andorra wurde am 7 vor 82 Jahren geboren, tags\u00fcber. Verpasst nicht die heute Abend auf Kurzwellen ausgestrahlte au\u00dfergew\u00f6hnliche Show, die die restaurierte Kopie einer im Sommer 1979 ausgestrahlten Sendung ist: \u2032\u2032 Carte Blanche \u00e0... Sacha Distel \u2032\u2032 pr\u00e4sentiert von Arty Parera. Diese Sendung wurde auf Band aufgenommen und 40\u2026","rel":"","context":"In &quot;Deutsch&quot;","block_context":{"text":"Deutsch","link":"https:\/\/www.achimbrueckner.de\/dxradio\/php\/wordpress\/?cat=1"},"img":{"alt_text":"","src":"","width":0,"height":0},"classes":[]},{"id":33428,"url":"https:\/\/www.achimbrueckner.de\/dxradio\/php\/wordpress\/?p=33428","url_meta":{"origin":44668,"position":4},"title":"Radio Andorra Revival \u201cAqui Radio Andorra emisora del Principato de Andorra\u201d","author":"Administrator","date":"August 25, 2021","format":false,"excerpt":"https:\/\/it2021swl.blogspot.com\/2021\/08\/radio-andorra-revival-aqui-radio.html","rel":"","context":"In &quot;English&quot;","block_context":{"text":"English","link":"https:\/\/www.achimbrueckner.de\/dxradio\/php\/wordpress\/?cat=2"},"img":{"alt_text":"","src":"","width":0,"height":0},"classes":[]},{"id":38770,"url":"https:\/\/www.achimbrueckner.de\/dxradio\/php\/wordpress\/?p=38770","url_meta":{"origin":44668,"position":5},"title":"Radio Andorra 5. Februar 2023 6180 Khz","author":"Administrator","date":"February 5, 2023","format":false,"excerpt":"Im Februar 1948 kam der Chansonnier Philippe Chatel zur Welt, im Februar vor 2 Jahren verstarb er. Zu seinem anstehenden 75. Geburtstag gibt es heute eine Archivsendung von Radio Andorra aus der Serie \"Carte Blanche\". Leider ist nur die erste der beiden Stunden erhalten. Zu Gast im Studio ist auch\u2026","rel":"","context":"In &quot;Deutsch&quot;","block_context":{"text":"Deutsch","link":"https:\/\/www.achimbrueckner.de\/dxradio\/php\/wordpress\/?cat=1"},"img":{"alt_text":"","src":"","width":0,"height":0},"classes":[]}],"_links":{"self":[{"href":"https:\/\/www.achimbrueckner.de\/dxradio\/php\/wordpress\/index.php?rest_route=\/wp\/v2\/posts\/44668","targetHints":{"allow":["GET"]}}],"collection":[{"href":"https:\/\/www.achimbrueckner.de\/dxradio\/php\/wordpress\/index.php?rest_route=\/wp\/v2\/posts"}],"about":[{"href":"https:\/\/www.achimbrueckner.de\/dxradio\/php\/wordpress\/index.php?rest_route=\/wp\/v2\/types\/post"}],"author":[{"embeddable":true,"href":"https:\/\/www.achimbrueckner.de\/dxradio\/php\/wordpress\/index.php?rest_route=\/wp\/v2\/users\/1"}],"replies":[{"embeddable":true,"href":"https:\/\/www.achimbrueckner.de\/dxradio\/php\/wordpress\/index.php?rest_route=%2Fwp%2Fv2%2Fcomments&post=44668"}],"version-history":[{"count":0,"href":"https:\/\/www.achimbrueckner.de\/dxradio\/php\/wordpress\/index.php?rest_route=\/wp\/v2\/posts\/44668\/revisions"}],"wp:attachment":[{"href":"https:\/\/www.achimbrueckner.de\/dxradio\/php\/wordpress\/index.php?rest_route=%2Fwp%2Fv2%2Fmedia&parent=44668"}],"wp:term":[{"taxonomy":"category","embeddable":true,"href":"https:\/\/www.achimbrueckner.de\/dxradio\/php\/wordpress\/index.php?rest_route=%2Fwp%2Fv2%2Fcategories&post=44668"},{"taxonomy":"post_tag","embeddable":true,"href":"https:\/\/www.achimbrueckner.de\/dxradio\/php\/wordpress\/index.php?rest_route=%2Fwp%2Fv2%2Ftags&post=44668"}],"curies":[{"name":"wp","href":"https:\/\/api.w.org\/{rel}","templated":true}]}}