{"id":44669,"date":"2025-12-30T09:14:14","date_gmt":"2025-12-30T09:14:14","guid":{"rendered":"https:\/\/www.achimbrueckner.de\/dxradio\/php\/wordpress\/?p=44669"},"modified":"2025-12-30T09:14:14","modified_gmt":"2025-12-30T09:14:14","slug":"osterreich-schlager-antenne-auf-dab-gestartet","status":"publish","type":"post","link":"https:\/\/www.achimbrueckner.de\/dxradio\/php\/wordpress\/?p=44669","title":{"rendered":"\u00d6sterreich: Schlager Antenne auf DAB+ gestartet"},"content":{"rendered":"<p><a href=\"https:\/\/www.radioblog.eu\/2025\/12\/29\/oesterreich-schlager-antenne-auf-dab-gestartet\/\" target=\"_blank\">https:\/\/www.radioblog.eu\/2025\/12\/29\/oesterreich-schlager-antenne-auf-dab-gestartet\/<\/a><\/p>\n","protected":false},"excerpt":{"rendered":"<p>https:\/\/www.radioblog.eu\/2025\/12\/29\/oesterreich-schlager-antenne-auf-dab-gestartet\/<\/p>\n","protected":false},"author":1,"featured_media":0,"comment_status":"closed","ping_status":"open","sticky":false,"template":"","format":"standard","meta":{"_jetpack_memberships_contains_paid_content":false,"footnotes":"","jetpack_publicize_message":"","jetpack_publicize_feature_enabled":true,"jetpack_social_post_already_shared":true,"jetpack_social_options":{"image_generator_settings":{"template":"highway","default_image_id":0,"font":"","enabled":false},"version":2}},"categories":[1],"tags":[],"class_list":["post-44669","post","type-post","status-publish","format-standard","hentry","category-deutsch"],"jetpack_publicize_connections":[],"jetpack_featured_media_url":"","jetpack_sharing_enabled":true,"jetpack_shortlink":"https:\/\/wp.me\/p5CDmr-bCt","jetpack-related-posts":[{"id":44778,"url":"https:\/\/www.achimbrueckner.de\/dxradio\/php\/wordpress\/?p=44778","url_meta":{"origin":44669,"position":0},"title":"SCHLAGER ANTENNE in \u00d6sterreich auf DAB+ gestartet","author":"Administrator","date":"January 10, 2026","format":false,"excerpt":"https:\/\/www.radioszene.de\/209263\/schlager-antenne.html","rel":"","context":"In &quot;Deutsch&quot;","block_context":{"text":"Deutsch","link":"https:\/\/www.achimbrueckner.de\/dxradio\/php\/wordpress\/?cat=1"},"img":{"alt_text":"","src":"","width":0,"height":0},"classes":[]},{"id":43171,"url":"https:\/\/www.achimbrueckner.de\/dxradio\/php\/wordpress\/?p=43171","url_meta":{"origin":44669,"position":1},"title":"Discofox Antenne neben dem Stream auch auf DAB+ gestartet","author":"Administrator","date":"July 1, 2025","format":false,"excerpt":"https:\/\/www.radioblog.eu\/2025\/07\/01\/discofox-antenne-neben-dem-stream-auch-auf-dab-gestartet\/","rel":"","context":"In &quot;Deutsch&quot;","block_context":{"text":"Deutsch","link":"https:\/\/www.achimbrueckner.de\/dxradio\/php\/wordpress\/?cat=1"},"img":{"alt_text":"","src":"","width":0,"height":0},"classes":[]},{"id":43179,"url":"https:\/\/www.achimbrueckner.de\/dxradio\/php\/wordpress\/?p=43179","url_meta":{"origin":44669,"position":2},"title":"\u00d6sterreich: Antenne Nieder\u00f6sterreich, Antenne Wien und Welle 1 Tirol gestartet","author":"Administrator","date":"July 2, 2025","format":false,"excerpt":"https:\/\/www.radioblog.eu\/2025\/07\/02\/oesterreich-antenne-niederoesterreich-antenne-wien-und-welle-1-tirol-gestartet\/","rel":"","context":"In &quot;Deutsch&quot;","block_context":{"text":"Deutsch","link":"https:\/\/www.achimbrueckner.de\/dxradio\/php\/wordpress\/?cat=1"},"img":{"alt_text":"","src":"","width":0,"height":0},"classes":[]},{"id":38136,"url":"https:\/\/www.achimbrueckner.de\/dxradio\/php\/wordpress\/?p=38136","url_meta":{"origin":44669,"position":3},"title":"Rock Antenne \u00d6sterreich offiziell gestartet","author":"Administrator","date":"December 6, 2022","format":false,"excerpt":"https:\/\/www.radioblog.eu\/2022\/12\/06\/rock-antenne-oesterreich-offiziell-gestartet\/","rel":"","context":"In &quot;Deutsch&quot;","block_context":{"text":"Deutsch","link":"https:\/\/www.achimbrueckner.de\/dxradio\/php\/wordpress\/?cat=1"},"img":{"alt_text":"","src":"","width":0,"height":0},"classes":[]},{"id":32990,"url":"https:\/\/www.achimbrueckner.de\/dxradio\/php\/wordpress\/?p=32990","url_meta":{"origin":44669,"position":4},"title":"Bald auf DAB+: Antenne Th\u00fcringen Classics gestartet","author":"Administrator","date":"July 3, 2021","format":false,"excerpt":"https:\/\/www.smartphonefan.de\/2021\/07\/03\/bald-auf-dab-antenne-thueringen-classics-gestartet\/","rel":"","context":"In &quot;Deutsch&quot;","block_context":{"text":"Deutsch","link":"https:\/\/www.achimbrueckner.de\/dxradio\/php\/wordpress\/?cat=1"},"img":{"alt_text":"","src":"","width":0,"height":0},"classes":[]},{"id":44673,"url":"https:\/\/www.achimbrueckner.de\/dxradio\/php\/wordpress\/?p=44673","url_meta":{"origin":44669,"position":5},"title":"K\u00f6lsch Radio planm\u00e4\u00dfig auf DAB+ gestartet","author":"Administrator","date":"December 30, 2025","format":false,"excerpt":"https:\/\/www.radioblog.eu\/2025\/12\/29\/koelsch-radio-planmaessig-auf-dab-gestartet\/","rel":"","context":"In &quot;Deutsch&quot;","block_context":{"text":"Deutsch","link":"https:\/\/www.achimbrueckner.de\/dxradio\/php\/wordpress\/?cat=1"},"img":{"alt_text":"","src":"","width":0,"height":0},"classes":[]}],"_links":{"self":[{"href":"https:\/\/www.achimbrueckner.de\/dxradio\/php\/wordpress\/index.php?rest_route=\/wp\/v2\/posts\/44669","targetHints":{"allow":["GET"]}}],"collection":[{"href":"https:\/\/www.achimbrueckner.de\/dxradio\/php\/wordpress\/index.php?rest_route=\/wp\/v2\/posts"}],"about":[{"href":"https:\/\/www.achimbrueckner.de\/dxradio\/php\/wordpress\/index.php?rest_route=\/wp\/v2\/types\/post"}],"author":[{"embeddable":true,"href":"https:\/\/www.achimbrueckner.de\/dxradio\/php\/wordpress\/index.php?rest_route=\/wp\/v2\/users\/1"}],"replies":[{"embeddable":true,"href":"https:\/\/www.achimbrueckner.de\/dxradio\/php\/wordpress\/index.php?rest_route=%2Fwp%2Fv2%2Fcomments&post=44669"}],"version-history":[{"count":0,"href":"https:\/\/www.achimbrueckner.de\/dxradio\/php\/wordpress\/index.php?rest_route=\/wp\/v2\/posts\/44669\/revisions"}],"wp:attachment":[{"href":"https:\/\/www.achimbrueckner.de\/dxradio\/php\/wordpress\/index.php?rest_route=%2Fwp%2Fv2%2Fmedia&parent=44669"}],"wp:term":[{"taxonomy":"category","embeddable":true,"href":"https:\/\/www.achimbrueckner.de\/dxradio\/php\/wordpress\/index.php?rest_route=%2Fwp%2Fv2%2Fcategories&post=44669"},{"taxonomy":"post_tag","embeddable":true,"href":"https:\/\/www.achimbrueckner.de\/dxradio\/php\/wordpress\/index.php?rest_route=%2Fwp%2Fv2%2Ftags&post=44669"}],"curies":[{"name":"wp","href":"https:\/\/api.w.org\/{rel}","templated":true}]}}