{"id":44673,"date":"2025-12-30T09:16:29","date_gmt":"2025-12-30T09:16:29","guid":{"rendered":"https:\/\/www.achimbrueckner.de\/dxradio\/php\/wordpress\/?p=44673"},"modified":"2025-12-30T09:16:29","modified_gmt":"2025-12-30T09:16:29","slug":"kolsch-radio-planmasig-auf-dab-gestartet","status":"publish","type":"post","link":"https:\/\/www.achimbrueckner.de\/dxradio\/php\/wordpress\/?p=44673","title":{"rendered":"K\u00f6lsch Radio planm\u00e4\u00dfig auf DAB+ gestartet"},"content":{"rendered":"<p><a href=\"https:\/\/www.radioblog.eu\/2025\/12\/29\/koelsch-radio-planmaessig-auf-dab-gestartet\/\" target=\"_blank\">https:\/\/www.radioblog.eu\/2025\/12\/29\/koelsch-radio-planmaessig-auf-dab-gestartet\/<\/a><\/p>\n","protected":false},"excerpt":{"rendered":"<p>https:\/\/www.radioblog.eu\/2025\/12\/29\/koelsch-radio-planmaessig-auf-dab-gestartet\/<\/p>\n","protected":false},"author":1,"featured_media":0,"comment_status":"closed","ping_status":"open","sticky":false,"template":"","format":"standard","meta":{"_jetpack_memberships_contains_paid_content":false,"footnotes":"","jetpack_publicize_message":"","jetpack_publicize_feature_enabled":true,"jetpack_social_post_already_shared":true,"jetpack_social_options":{"image_generator_settings":{"template":"highway","default_image_id":0,"font":"","enabled":false},"version":2}},"categories":[1],"tags":[],"class_list":["post-44673","post","type-post","status-publish","format-standard","hentry","category-deutsch"],"jetpack_publicize_connections":[],"jetpack_featured_media_url":"","jetpack_sharing_enabled":true,"jetpack_shortlink":"https:\/\/wp.me\/p5CDmr-bCx","jetpack-related-posts":[{"id":34654,"url":"https:\/\/www.achimbrueckner.de\/dxradio\/php\/wordpress\/?p=34654","url_meta":{"origin":44673,"position":0},"title":"Radio BHeins planm\u00e4\u00dfig auf DAB+ gestartet","author":"Administrator","date":"February 17, 2022","format":false,"excerpt":"https:\/\/www.smartphonefan.de\/2022\/02\/17\/radio-bheins-planmaessig-auf-dab-gestartet\/","rel":"","context":"In &quot;Deutsch&quot;","block_context":{"text":"Deutsch","link":"https:\/\/www.achimbrueckner.de\/dxradio\/php\/wordpress\/?cat=1"},"img":{"alt_text":"","src":"","width":0,"height":0},"classes":[]},{"id":44656,"url":"https:\/\/www.achimbrueckner.de\/dxradio\/php\/wordpress\/?p=44656","url_meta":{"origin":44673,"position":1},"title":"K\u00f6lsch Radio hat Testbetrieb im Internet gestartet","author":"Administrator","date":"December 28, 2025","format":false,"excerpt":"https:\/\/www.radioblog.eu\/2025\/12\/27\/koelsch-radio-hat-testbetrieb-im-internet-gestartet\/","rel":"","context":"In &quot;Deutsch&quot;","block_context":{"text":"Deutsch","link":"https:\/\/www.achimbrueckner.de\/dxradio\/php\/wordpress\/?cat=1"},"img":{"alt_text":"","src":"","width":0,"height":0},"classes":[]},{"id":44145,"url":"https:\/\/www.achimbrueckner.de\/dxradio\/php\/wordpress\/?p=44145","url_meta":{"origin":44673,"position":2},"title":"Radio Mixtape planm\u00e4\u00dfig gestartet","author":"Administrator","date":"October 29, 2025","format":false,"excerpt":"https:\/\/www.radioblog.eu\/2025\/10\/29\/radio-mixtape-planmaessig-gestartet\/","rel":"","context":"In &quot;Deutsch&quot;","block_context":{"text":"Deutsch","link":"https:\/\/www.achimbrueckner.de\/dxradio\/php\/wordpress\/?cat=1"},"img":{"alt_text":"","src":"","width":0,"height":0},"classes":[]},{"id":42719,"url":"https:\/\/www.achimbrueckner.de\/dxradio\/php\/wordpress\/?p=42719","url_meta":{"origin":44673,"position":3},"title":"Liechtenstein: Radio Vaterland auf DAB+ gestartet","author":"Administrator","date":"May 2, 2025","format":false,"excerpt":"https:\/\/www.radioblog.eu\/2025\/05\/02\/liechtenstein-radio-vaterland-auf-dab-gestartet\/","rel":"","context":"In &quot;Deutsch&quot;","block_context":{"text":"Deutsch","link":"https:\/\/www.achimbrueckner.de\/dxradio\/php\/wordpress\/?cat=1"},"img":{"alt_text":"","src":"","width":0,"height":0},"classes":[]},{"id":43320,"url":"https:\/\/www.achimbrueckner.de\/dxradio\/php\/wordpress\/?p=43320","url_meta":{"origin":44673,"position":4},"title":"NiUS \u2013 Das Radio auf DAB+ gestartet","author":"Administrator","date":"July 17, 2025","format":false,"excerpt":"https:\/\/www.radioblog.eu\/2025\/07\/17\/nius-das-radio-auf-dab-gestartet\/","rel":"","context":"In &quot;Deutsch&quot;","block_context":{"text":"Deutsch","link":"https:\/\/www.achimbrueckner.de\/dxradio\/php\/wordpress\/?cat=1"},"img":{"alt_text":"","src":"","width":0,"height":0},"classes":[]},{"id":44669,"url":"https:\/\/www.achimbrueckner.de\/dxradio\/php\/wordpress\/?p=44669","url_meta":{"origin":44673,"position":5},"title":"\u00d6sterreich: Schlager Antenne auf DAB+ gestartet","author":"Administrator","date":"December 30, 2025","format":false,"excerpt":"https:\/\/www.radioblog.eu\/2025\/12\/29\/oesterreich-schlager-antenne-auf-dab-gestartet\/","rel":"","context":"In &quot;Deutsch&quot;","block_context":{"text":"Deutsch","link":"https:\/\/www.achimbrueckner.de\/dxradio\/php\/wordpress\/?cat=1"},"img":{"alt_text":"","src":"","width":0,"height":0},"classes":[]}],"_links":{"self":[{"href":"https:\/\/www.achimbrueckner.de\/dxradio\/php\/wordpress\/index.php?rest_route=\/wp\/v2\/posts\/44673","targetHints":{"allow":["GET"]}}],"collection":[{"href":"https:\/\/www.achimbrueckner.de\/dxradio\/php\/wordpress\/index.php?rest_route=\/wp\/v2\/posts"}],"about":[{"href":"https:\/\/www.achimbrueckner.de\/dxradio\/php\/wordpress\/index.php?rest_route=\/wp\/v2\/types\/post"}],"author":[{"embeddable":true,"href":"https:\/\/www.achimbrueckner.de\/dxradio\/php\/wordpress\/index.php?rest_route=\/wp\/v2\/users\/1"}],"replies":[{"embeddable":true,"href":"https:\/\/www.achimbrueckner.de\/dxradio\/php\/wordpress\/index.php?rest_route=%2Fwp%2Fv2%2Fcomments&post=44673"}],"version-history":[{"count":0,"href":"https:\/\/www.achimbrueckner.de\/dxradio\/php\/wordpress\/index.php?rest_route=\/wp\/v2\/posts\/44673\/revisions"}],"wp:attachment":[{"href":"https:\/\/www.achimbrueckner.de\/dxradio\/php\/wordpress\/index.php?rest_route=%2Fwp%2Fv2%2Fmedia&parent=44673"}],"wp:term":[{"taxonomy":"category","embeddable":true,"href":"https:\/\/www.achimbrueckner.de\/dxradio\/php\/wordpress\/index.php?rest_route=%2Fwp%2Fv2%2Fcategories&post=44673"},{"taxonomy":"post_tag","embeddable":true,"href":"https:\/\/www.achimbrueckner.de\/dxradio\/php\/wordpress\/index.php?rest_route=%2Fwp%2Fv2%2Ftags&post=44673"}],"curies":[{"name":"wp","href":"https:\/\/api.w.org\/{rel}","templated":true}]}}