{"id":44756,"date":"2026-01-08T17:00:55","date_gmt":"2026-01-08T17:00:55","guid":{"rendered":"https:\/\/www.achimbrueckner.de\/dxradio\/php\/wordpress\/?p=44756"},"modified":"2026-01-08T17:00:55","modified_gmt":"2026-01-08T17:00:55","slug":"neues-landesmediengesetz-in-rheinland-pfalz-aus-fur-neue-ukw-programme","status":"publish","type":"post","link":"https:\/\/www.achimbrueckner.de\/dxradio\/php\/wordpress\/?p=44756","title":{"rendered":"Neues Landesmediengesetz in Rheinland-Pfalz: Aus f\u00fcr neue UKW-Programme"},"content":{"rendered":"<p><a href=\"https:\/\/www.radioblog.eu\/2026\/01\/08\/neues-landesmediengesetz-in-rheinland-pfalz-aus-fuer-neue-ukw-programme\/\" target=\"_blank\">https:\/\/www.radioblog.eu\/2026\/01\/08\/neues-landesmediengesetz-in-rheinland-pfalz-aus-fuer-neue-ukw-programme\/<\/a><\/p>\n","protected":false},"excerpt":{"rendered":"<p>https:\/\/www.radioblog.eu\/2026\/01\/08\/neues-landesmediengesetz-in-rheinland-pfalz-aus-fuer-neue-ukw-programme\/<\/p>\n","protected":false},"author":1,"featured_media":0,"comment_status":"closed","ping_status":"open","sticky":false,"template":"","format":"standard","meta":{"_jetpack_memberships_contains_paid_content":false,"footnotes":"","jetpack_publicize_message":"","jetpack_publicize_feature_enabled":true,"jetpack_social_post_already_shared":true,"jetpack_social_options":{"image_generator_settings":{"template":"highway","default_image_id":0,"font":"","enabled":false},"version":2}},"categories":[1],"tags":[],"class_list":["post-44756","post","type-post","status-publish","format-standard","hentry","category-deutsch"],"jetpack_publicize_connections":[],"jetpack_featured_media_url":"","jetpack_sharing_enabled":true,"jetpack_shortlink":"https:\/\/wp.me\/p5CDmr-bDS","jetpack-related-posts":[{"id":43754,"url":"https:\/\/www.achimbrueckner.de\/dxradio\/php\/wordpress\/?p=43754","url_meta":{"origin":44756,"position":0},"title":"Bericht: Rheinland-Pfalz plant neues Landesmediengesetz","author":"Administrator","date":"September 9, 2025","format":false,"excerpt":"https:\/\/www.radioblog.eu\/2025\/09\/09\/bericht-rheinland-pfalz-plant-neues-landesmediengesetz\/","rel":"","context":"In &quot;Deutsch&quot;","block_context":{"text":"Deutsch","link":"https:\/\/www.achimbrueckner.de\/dxradio\/php\/wordpress\/?cat=1"},"img":{"alt_text":"","src":"","width":0,"height":0},"classes":[]},{"id":43976,"url":"https:\/\/www.achimbrueckner.de\/dxradio\/php\/wordpress\/?p=43976","url_meta":{"origin":44756,"position":1},"title":"Rheinland-Pfalz modernisiert Landesmediengesetz: Verlage d\u00fcrfen k\u00fcnftig Radios \u00fcbernehmen","author":"Administrator","date":"October 12, 2025","format":false,"excerpt":"https:\/\/www.radioszene.de\/206912\/landesmediengesetz-rheinland-pfalz-2026.html","rel":"","context":"In &quot;Deutsch&quot;","block_context":{"text":"Deutsch","link":"https:\/\/www.achimbrueckner.de\/dxradio\/php\/wordpress\/?cat=1"},"img":{"alt_text":"","src":"","width":0,"height":0},"classes":[]},{"id":22398,"url":"https:\/\/www.achimbrueckner.de\/dxradio\/php\/wordpress\/?p=22398","url_meta":{"origin":44756,"position":2},"title":"Rheinland-Pfalz: Neues Landesmediengesetz erm\u00f6glicht DAB+-Versuche","author":"Administrator","date":"March 26, 2019","format":false,"excerpt":"https:\/\/www.satellifax.de\/mlesen.php?id=1180c20caf47ff1e14341d72c3bf872c","rel":"","context":"In &quot;Deutsch&quot;","block_context":{"text":"Deutsch","link":"https:\/\/www.achimbrueckner.de\/dxradio\/php\/wordpress\/?cat=1"},"img":{"alt_text":"","src":"","width":0,"height":0},"classes":[]},{"id":43969,"url":"https:\/\/www.achimbrueckner.de\/dxradio\/php\/wordpress\/?p=43969","url_meta":{"origin":44756,"position":3},"title":"Rheinland-Pfalz: UKW soll langsam auslaufen","author":"Administrator","date":"October 10, 2025","format":false,"excerpt":"https:\/\/www.digitalfernsehen.de\/news\/empfang\/radio\/rheinland-pfalz-ukw-soll-langsam-auslaufen-1160626\/","rel":"","context":"In &quot;Deutsch&quot;","block_context":{"text":"Deutsch","link":"https:\/\/www.achimbrueckner.de\/dxradio\/php\/wordpress\/?cat=1"},"img":{"alt_text":"","src":"","width":0,"height":0},"classes":[]},{"id":43988,"url":"https:\/\/www.achimbrueckner.de\/dxradio\/php\/wordpress\/?p=43988","url_meta":{"origin":44756,"position":4},"title":"Keine neuen Veranstalter: Rheinland-Pfalz trennt sich von UKW","author":"Administrator","date":"October 13, 2025","format":false,"excerpt":"https:\/\/www.teltarif.de\/radio-ukw-dab-digitalradio-rheinland-pfalz\/news\/100062.html","rel":"","context":"In &quot;Deutsch&quot;","block_context":{"text":"Deutsch","link":"https:\/\/www.achimbrueckner.de\/dxradio\/php\/wordpress\/?cat=1"},"img":{"alt_text":"","src":"","width":0,"height":0},"classes":[]},{"id":10134,"url":"https:\/\/www.achimbrueckner.de\/dxradio\/php\/wordpress\/?p=10134","url_meta":{"origin":44756,"position":5},"title":"Rheinland-Pfalz will analogen UKW-Radios den Garaus machen","author":"Administrator","date":"August 30, 2016","format":false,"excerpt":"http:\/\/www.teltarif.de\/dab-pus-radio-multimedia-ukw\/news\/65252.html","rel":"","context":"In &quot;Deutsch&quot;","block_context":{"text":"Deutsch","link":"https:\/\/www.achimbrueckner.de\/dxradio\/php\/wordpress\/?cat=1"},"img":{"alt_text":"","src":"","width":0,"height":0},"classes":[]}],"_links":{"self":[{"href":"https:\/\/www.achimbrueckner.de\/dxradio\/php\/wordpress\/index.php?rest_route=\/wp\/v2\/posts\/44756","targetHints":{"allow":["GET"]}}],"collection":[{"href":"https:\/\/www.achimbrueckner.de\/dxradio\/php\/wordpress\/index.php?rest_route=\/wp\/v2\/posts"}],"about":[{"href":"https:\/\/www.achimbrueckner.de\/dxradio\/php\/wordpress\/index.php?rest_route=\/wp\/v2\/types\/post"}],"author":[{"embeddable":true,"href":"https:\/\/www.achimbrueckner.de\/dxradio\/php\/wordpress\/index.php?rest_route=\/wp\/v2\/users\/1"}],"replies":[{"embeddable":true,"href":"https:\/\/www.achimbrueckner.de\/dxradio\/php\/wordpress\/index.php?rest_route=%2Fwp%2Fv2%2Fcomments&post=44756"}],"version-history":[{"count":0,"href":"https:\/\/www.achimbrueckner.de\/dxradio\/php\/wordpress\/index.php?rest_route=\/wp\/v2\/posts\/44756\/revisions"}],"wp:attachment":[{"href":"https:\/\/www.achimbrueckner.de\/dxradio\/php\/wordpress\/index.php?rest_route=%2Fwp%2Fv2%2Fmedia&parent=44756"}],"wp:term":[{"taxonomy":"category","embeddable":true,"href":"https:\/\/www.achimbrueckner.de\/dxradio\/php\/wordpress\/index.php?rest_route=%2Fwp%2Fv2%2Fcategories&post=44756"},{"taxonomy":"post_tag","embeddable":true,"href":"https:\/\/www.achimbrueckner.de\/dxradio\/php\/wordpress\/index.php?rest_route=%2Fwp%2Fv2%2Ftags&post=44756"}],"curies":[{"name":"wp","href":"https:\/\/api.w.org\/{rel}","templated":true}]}}