{"id":44757,"date":"2026-01-08T17:01:27","date_gmt":"2026-01-08T17:01:27","guid":{"rendered":"https:\/\/www.achimbrueckner.de\/dxradio\/php\/wordpress\/?p=44757"},"modified":"2026-01-08T17:01:27","modified_gmt":"2026-01-08T17:01:27","slug":"usa-aus-fur-dachorganisation-cpb-des-offentlichen-rundfunks","status":"publish","type":"post","link":"https:\/\/www.achimbrueckner.de\/dxradio\/php\/wordpress\/?p=44757","title":{"rendered":"USA: Aus f\u00fcr Dachorganisation CPB des \u00f6ffentlichen Rundfunks"},"content":{"rendered":"<p><a href=\"https:\/\/www.radioblog.eu\/2026\/01\/08\/usa-aus-fuer-dachorganisation-cpb-des-oeffentlichen-rundfunks\/\" target=\"_blank\">https:\/\/www.radioblog.eu\/2026\/01\/08\/usa-aus-fuer-dachorganisation-cpb-des-oeffentlichen-rundfunks\/<\/a><\/p>\n","protected":false},"excerpt":{"rendered":"<p>https:\/\/www.radioblog.eu\/2026\/01\/08\/usa-aus-fuer-dachorganisation-cpb-des-oeffentlichen-rundfunks\/<\/p>\n","protected":false},"author":1,"featured_media":0,"comment_status":"closed","ping_status":"open","sticky":false,"template":"","format":"standard","meta":{"_jetpack_memberships_contains_paid_content":false,"footnotes":"","jetpack_publicize_message":"","jetpack_publicize_feature_enabled":true,"jetpack_social_post_already_shared":true,"jetpack_social_options":{"image_generator_settings":{"template":"highway","default_image_id":0,"font":"","enabled":false},"version":2}},"categories":[1],"tags":[],"class_list":["post-44757","post","type-post","status-publish","format-standard","hentry","category-deutsch"],"jetpack_publicize_connections":[],"jetpack_featured_media_url":"","jetpack_sharing_enabled":true,"jetpack_shortlink":"https:\/\/wp.me\/p5CDmr-bDT","jetpack-related-posts":[{"id":44751,"url":"https:\/\/www.achimbrueckner.de\/dxradio\/php\/wordpress\/?p=44751","url_meta":{"origin":44757,"position":0},"title":"USA: \u00d6ffentlicher Rundfunk CPB wird aufgel\u00f6st","author":"Administrator","date":"January 7, 2026","format":false,"excerpt":"https:\/\/www.radioszene.de\/209215\/usa-cpb-aufgeloest.html","rel":"","context":"In &quot;Deutsch&quot;","block_context":{"text":"Deutsch","link":"https:\/\/www.achimbrueckner.de\/dxradio\/php\/wordpress\/?cat=1"},"img":{"alt_text":"","src":"","width":0,"height":0},"classes":[]},{"id":27989,"url":"https:\/\/www.achimbrueckner.de\/dxradio\/php\/wordpress\/?p=27989","url_meta":{"origin":44757,"position":1},"title":"Musik aus dem \u00c4ther. Die Pioniere des Rundfunks","author":"Administrator","date":"April 5, 2020","format":false,"excerpt":"https:\/\/artsandculture.google.com\/exhibit\/musik-aus-dem-%C3%A4ther-die-pioniere-des-rundfunks\/IwKCJzgbs1oeIQ","rel":"","context":"In &quot;Deutsch&quot;","block_context":{"text":"Deutsch","link":"https:\/\/www.achimbrueckner.de\/dxradio\/php\/wordpress\/?cat=1"},"img":{"alt_text":"","src":"","width":0,"height":0},"classes":[]},{"id":6224,"url":"https:\/\/www.achimbrueckner.de\/dxradio\/php\/wordpress\/?p=6224","url_meta":{"origin":44757,"position":2},"title":"Nach Streit um die Reform des Mitteldeutschen Rundfunks Th\u00fcringen erw\u00e4gt den Austritt aus dem MDR","author":"Administrator","date":"October 14, 2015","format":false,"excerpt":"http:\/\/www.mz-web.de\/mitteldeutschland\/nach-streit-um-die-reform-des-mitteldeutschen-rundfunks-thueringen-erwaegt-den-austritt-aus-dem-mdr,20641266,32143194.html","rel":"","context":"In &quot;Deutsch&quot;","block_context":{"text":"Deutsch","link":"https:\/\/www.achimbrueckner.de\/dxradio\/php\/wordpress\/?cat=1"},"img":{"alt_text":"","src":"","width":0,"height":0},"classes":[]},{"id":702,"url":"https:\/\/www.achimbrueckner.de\/dxradio\/php\/wordpress\/?p=702","url_meta":{"origin":44757,"position":3},"title":"An der Wiege des Rundfunks","author":"Administrator","date":"November 19, 2009","format":false,"excerpt":"Deutschlandradio Kultur 21. November 1505 MEZ: An der Wiege des Rundfunks Die 750. Sendung der Deutschlandrundfahrt aus K\u00f6nigs Wusterhausen in Brandenburg Moderation: Olaf Kosert Live aus dem Maschinensaal auf dem Funkerberg http:\/\/www.dradio.de\/dkultur\/sendungen\/deutschlandrundfahrt\/1062248\/ Info via A-DX","rel":"","context":"In &quot;Deutsch&quot;","block_context":{"text":"Deutsch","link":"https:\/\/www.achimbrueckner.de\/dxradio\/php\/wordpress\/?cat=1"},"img":{"alt_text":"","src":"","width":0,"height":0},"classes":[]},{"id":1313,"url":"https:\/\/www.achimbrueckner.de\/dxradio\/php\/wordpress\/?p=1313","url_meta":{"origin":44757,"position":4},"title":"Wumpus-Gollum-Forum \u00e2\u20ac\u201c Aktion analog Radio","author":"Administrator","date":"January 15, 2011","format":false,"excerpt":"Wumpus-Gollum-Forum \u00e2\u20ac\u201c Aktion analog Radio http:\/\/www.wumpus-gollum-forum.de\/forum Wumpus-Gollum-Forum. Das Fachforum f\u00fcr Sammler alter Radios und sonstiger alter Unterhaltungselektronik. Online seit 1999 ! \u00dcber 3100 Themen ! \u00dcber 850 Nutzer ! Die Lizenzen f\u00fcr die deutschen FM-Rundfunksender auf laufen 2015 aus. Es kann wohl nur im Ausnahmefall f\u00fcr ein Jahr verl\u00e4ngert werden!\u2026","rel":"","context":"In &quot;Deutsch&quot;","block_context":{"text":"Deutsch","link":"https:\/\/www.achimbrueckner.de\/dxradio\/php\/wordpress\/?cat=1"},"img":{"alt_text":"","src":"","width":0,"height":0},"classes":[]},{"id":660,"url":"https:\/\/www.achimbrueckner.de\/dxradio\/php\/wordpress\/?p=660","url_meta":{"origin":44757,"position":5},"title":"Deutschlandrundfahrt &#8211; &#8220;An der Wiege des Rundfunks&#8221;","author":"Administrator","date":"November 1, 2009","format":false,"excerpt":"Sa., 21.11.2009 15:05-16:00 MEZ Deutschlandradio Kultur Deutschlandrundfahrt - \"An der Wiege des Rundfunks\" Zur Feier der 750. Sendung besucht die \"Deutschlandrundfahrt\" einen rundfunkhistorischen Ort: K\u00f6nigs Wusterhausen. Hier nahm 1920 der erste deutsche Rundfunksender den Betrieb mit der Ausstrahlung eines Weihnachtskonzerts \u00fcber Langwelle auf. Heute erinnert ein Museum an diesen Teil\u2026","rel":"","context":"In &quot;Deutsch&quot;","block_context":{"text":"Deutsch","link":"https:\/\/www.achimbrueckner.de\/dxradio\/php\/wordpress\/?cat=1"},"img":{"alt_text":"","src":"","width":0,"height":0},"classes":[]}],"_links":{"self":[{"href":"https:\/\/www.achimbrueckner.de\/dxradio\/php\/wordpress\/index.php?rest_route=\/wp\/v2\/posts\/44757","targetHints":{"allow":["GET"]}}],"collection":[{"href":"https:\/\/www.achimbrueckner.de\/dxradio\/php\/wordpress\/index.php?rest_route=\/wp\/v2\/posts"}],"about":[{"href":"https:\/\/www.achimbrueckner.de\/dxradio\/php\/wordpress\/index.php?rest_route=\/wp\/v2\/types\/post"}],"author":[{"embeddable":true,"href":"https:\/\/www.achimbrueckner.de\/dxradio\/php\/wordpress\/index.php?rest_route=\/wp\/v2\/users\/1"}],"replies":[{"embeddable":true,"href":"https:\/\/www.achimbrueckner.de\/dxradio\/php\/wordpress\/index.php?rest_route=%2Fwp%2Fv2%2Fcomments&post=44757"}],"version-history":[{"count":0,"href":"https:\/\/www.achimbrueckner.de\/dxradio\/php\/wordpress\/index.php?rest_route=\/wp\/v2\/posts\/44757\/revisions"}],"wp:attachment":[{"href":"https:\/\/www.achimbrueckner.de\/dxradio\/php\/wordpress\/index.php?rest_route=%2Fwp%2Fv2%2Fmedia&parent=44757"}],"wp:term":[{"taxonomy":"category","embeddable":true,"href":"https:\/\/www.achimbrueckner.de\/dxradio\/php\/wordpress\/index.php?rest_route=%2Fwp%2Fv2%2Fcategories&post=44757"},{"taxonomy":"post_tag","embeddable":true,"href":"https:\/\/www.achimbrueckner.de\/dxradio\/php\/wordpress\/index.php?rest_route=%2Fwp%2Fv2%2Ftags&post=44757"}],"curies":[{"name":"wp","href":"https:\/\/api.w.org\/{rel}","templated":true}]}}