{"id":4486,"date":"2015-04-29T14:21:31","date_gmt":"2015-04-29T14:21:31","guid":{"rendered":"https:\/\/www.achimbrueckner.de\/dxradio\/php\/wordpress\/?p=4486"},"modified":"2015-04-29T14:21:31","modified_gmt":"2015-04-29T14:21:31","slug":"br-mittelwelle-sendet-nur-noch-bis-30-september-2015","status":"publish","type":"post","link":"https:\/\/www.achimbrueckner.de\/dxradio\/php\/wordpress\/?p=4486","title":{"rendered":"BR-Mittelwelle sendet nur noch bis 30. September 2015"},"content":{"rendered":"<p><a href=\"http:\/\/www.radiowoche.de\/br-mittelwelle-sendet-nur-noch-bis-30-september-2015\/\" target=\"_blank\">http:\/\/www.radiowoche.de\/br-mittelwelle-sendet-nur-noch-bis-30-september-2015\/<\/a><\/p>\n","protected":false},"excerpt":{"rendered":"<p>http:\/\/www.radiowoche.de\/br-mittelwelle-sendet-nur-noch-bis-30-september-2015\/<\/p>\n","protected":false},"author":1,"featured_media":0,"comment_status":"open","ping_status":"open","sticky":false,"template":"","format":"standard","meta":{"_jetpack_memberships_contains_paid_content":false,"footnotes":"","jetpack_publicize_message":"","jetpack_publicize_feature_enabled":true,"jetpack_social_post_already_shared":true,"jetpack_social_options":{"image_generator_settings":{"template":"highway","default_image_id":0,"font":"","enabled":false},"version":2}},"categories":[1],"tags":[],"class_list":["post-4486","post","type-post","status-publish","format-standard","hentry","category-deutsch"],"jetpack_publicize_connections":[],"jetpack_featured_media_url":"","jetpack_sharing_enabled":true,"jetpack_shortlink":"https:\/\/wp.me\/p5CDmr-1am","jetpack-related-posts":[{"id":5801,"url":"https:\/\/www.achimbrueckner.de\/dxradio\/php\/wordpress\/?p=5801","url_meta":{"origin":4486,"position":0},"title":"BR-Mittelwelle wird am 30. September abgeschaltet","author":"Administrator","date":"September 3, 2015","format":false,"excerpt":"http:\/\/www.radiowoche.de\/br-mittelwelle-wird-am-30-september-abgeschaltet\/","rel":"","context":"In &quot;Deutsch&quot;","block_context":{"text":"Deutsch","link":"https:\/\/www.achimbrueckner.de\/dxradio\/php\/wordpress\/?cat=1"},"img":{"alt_text":"","src":"","width":0,"height":0},"classes":[]},{"id":27002,"url":"https:\/\/www.achimbrueckner.de\/dxradio\/php\/wordpress\/?p=27002","url_meta":{"origin":4486,"position":1},"title":"NRW: Domradio sendet nur noch bis 30. Juni 2020 via DAB+","author":"Administrator","date":"February 4, 2020","format":false,"excerpt":"https:\/\/www.radioszene.de\/140434\/dab-nrw-domradio-wdr-lfm.html","rel":"","context":"In &quot;Deutsch&quot;","block_context":{"text":"Deutsch","link":"https:\/\/www.achimbrueckner.de\/dxradio\/php\/wordpress\/?cat=1"},"img":{"alt_text":"","src":"","width":0,"height":0},"classes":[]},{"id":40088,"url":"https:\/\/www.achimbrueckner.de\/dxradio\/php\/wordpress\/?p=40088","url_meta":{"origin":4486,"position":2},"title":"Niederlande: Nostalgie sendet k\u00fcnftig nur noch online","author":"Administrator","date":"August 31, 2023","format":false,"excerpt":"https:\/\/www.radiowoche.de\/niederlande-nostalgie-sendet-kuenftig-nur-noch-online\/","rel":"","context":"In &quot;Deutsch&quot;","block_context":{"text":"Deutsch","link":"https:\/\/www.achimbrueckner.de\/dxradio\/php\/wordpress\/?cat=1"},"img":{"alt_text":"","src":"","width":0,"height":0},"classes":[]},{"id":43461,"url":"https:\/\/www.achimbrueckner.de\/dxradio\/php\/wordpress\/?p=43461","url_meta":{"origin":4486,"position":3},"title":"Gro\u00dfe Ver\u00e4nderung Extra-Radio sendet k\u00fcnftig nur noch im Internet","author":"Administrator","date":"July 31, 2025","format":false,"excerpt":"https:\/\/www.frankenpost.de\/inhalt.zum-1-september-grosse-veraenderungen-bei-hofer-radiosender.31b23363-9480-4060-93d9-15e068ab9b34.html","rel":"","context":"In &quot;Deutsch&quot;","block_context":{"text":"Deutsch","link":"https:\/\/www.achimbrueckner.de\/dxradio\/php\/wordpress\/?cat=1"},"img":{"alt_text":"","src":"","width":0,"height":0},"classes":[]},{"id":6113,"url":"https:\/\/www.achimbrueckner.de\/dxradio\/php\/wordpress\/?p=6113","url_meta":{"origin":4486,"position":4},"title":"Abschied von der BR-Mittelwelle Mitschnitt der letzten Minuten in Mittelwellenquali\u00e4t","author":"Administrator","date":"October 1, 2015","format":false,"excerpt":"http:\/\/www.br.de\/radio\/bayern-plus\/sendungen\/elf-bis-drei\/abschaltung-mittelwelle-empfang100.html?time=33.861","rel":"","context":"In &quot;Deutsch&quot;","block_context":{"text":"Deutsch","link":"https:\/\/www.achimbrueckner.de\/dxradio\/php\/wordpress\/?cat=1"},"img":{"alt_text":"","src":"","width":0,"height":0},"classes":[]},{"id":37206,"url":"https:\/\/www.achimbrueckner.de\/dxradio\/php\/wordpress\/?p=37206","url_meta":{"origin":4486,"position":5},"title":"WWSM sendet nur noch via Internet","author":"Administrator","date":"August 5, 2022","format":false,"excerpt":"https:\/\/www.radioblog.eu\/2022\/08\/05\/wwsm-sendet-nur-noch-via-internet\/","rel":"","context":"In &quot;Deutsch&quot;","block_context":{"text":"Deutsch","link":"https:\/\/www.achimbrueckner.de\/dxradio\/php\/wordpress\/?cat=1"},"img":{"alt_text":"","src":"","width":0,"height":0},"classes":[]}],"_links":{"self":[{"href":"https:\/\/www.achimbrueckner.de\/dxradio\/php\/wordpress\/index.php?rest_route=\/wp\/v2\/posts\/4486","targetHints":{"allow":["GET"]}}],"collection":[{"href":"https:\/\/www.achimbrueckner.de\/dxradio\/php\/wordpress\/index.php?rest_route=\/wp\/v2\/posts"}],"about":[{"href":"https:\/\/www.achimbrueckner.de\/dxradio\/php\/wordpress\/index.php?rest_route=\/wp\/v2\/types\/post"}],"author":[{"embeddable":true,"href":"https:\/\/www.achimbrueckner.de\/dxradio\/php\/wordpress\/index.php?rest_route=\/wp\/v2\/users\/1"}],"replies":[{"embeddable":true,"href":"https:\/\/www.achimbrueckner.de\/dxradio\/php\/wordpress\/index.php?rest_route=%2Fwp%2Fv2%2Fcomments&post=4486"}],"version-history":[{"count":0,"href":"https:\/\/www.achimbrueckner.de\/dxradio\/php\/wordpress\/index.php?rest_route=\/wp\/v2\/posts\/4486\/revisions"}],"wp:attachment":[{"href":"https:\/\/www.achimbrueckner.de\/dxradio\/php\/wordpress\/index.php?rest_route=%2Fwp%2Fv2%2Fmedia&parent=4486"}],"wp:term":[{"taxonomy":"category","embeddable":true,"href":"https:\/\/www.achimbrueckner.de\/dxradio\/php\/wordpress\/index.php?rest_route=%2Fwp%2Fv2%2Fcategories&post=4486"},{"taxonomy":"post_tag","embeddable":true,"href":"https:\/\/www.achimbrueckner.de\/dxradio\/php\/wordpress\/index.php?rest_route=%2Fwp%2Fv2%2Ftags&post=4486"}],"curies":[{"name":"wp","href":"https:\/\/api.w.org\/{rel}","templated":true}]}}