{"id":4487,"date":"2015-04-29T15:34:20","date_gmt":"2015-04-29T15:34:20","guid":{"rendered":"https:\/\/www.achimbrueckner.de\/dxradio\/php\/wordpress\/?p=4487"},"modified":"2015-04-29T15:34:20","modified_gmt":"2015-04-29T15:34:20","slug":"athen-offentlich-rechtlicher-sender-wird-wiedereroffnet","status":"publish","type":"post","link":"https:\/\/www.achimbrueckner.de\/dxradio\/php\/wordpress\/?p=4487","title":{"rendered":"Athen: \u00d6ffentlich-rechtlicher Sender wird wiederer\u00f6ffnet"},"content":{"rendered":"<p><a href=\"http:\/\/orf.at\/\/stories\/2275679\/\" target=\"_blank\">http:\/\/orf.at\/\/stories\/2275679\/<\/a><\/p>\n<p>Info via <a href=\"http:\/\/www.ratzer.at\" target=\"_blank\">A-DX<\/a><\/p>\n","protected":false},"excerpt":{"rendered":"<p>http:\/\/orf.at\/\/stories\/2275679\/ Info via A-DX<\/p>\n","protected":false},"author":1,"featured_media":0,"comment_status":"open","ping_status":"open","sticky":false,"template":"","format":"standard","meta":{"_jetpack_memberships_contains_paid_content":false,"footnotes":"","jetpack_publicize_message":"","jetpack_publicize_feature_enabled":true,"jetpack_social_post_already_shared":true,"jetpack_social_options":{"image_generator_settings":{"template":"highway","default_image_id":0,"font":"","enabled":false},"version":2}},"categories":[1,14],"tags":[40],"class_list":["post-4487","post","type-post","status-publish","format-standard","hentry","category-deutsch","category-dx","tag-dx"],"jetpack_publicize_connections":[],"jetpack_featured_media_url":"","jetpack_sharing_enabled":true,"jetpack_shortlink":"https:\/\/wp.me\/p5CDmr-1an","jetpack-related-posts":[{"id":42401,"url":"https:\/\/www.achimbrueckner.de\/dxradio\/php\/wordpress\/?p=42401","url_meta":{"origin":4487,"position":0},"title":"US-Sender Radio Free Europe klagt gegen Mittelk\u00fcrzungen","author":"Administrator","date":"March 19, 2025","format":false,"excerpt":"https:\/\/orf.at\/stories\/3388121\/ Info via A-DX","rel":"","context":"In &quot;Deutsch&quot;","block_context":{"text":"Deutsch","link":"https:\/\/www.achimbrueckner.de\/dxradio\/php\/wordpress\/?cat=1"},"img":{"alt_text":"","src":"","width":0,"height":0},"classes":[]},{"id":5380,"url":"https:\/\/www.achimbrueckner.de\/dxradio\/php\/wordpress\/?p=5380","url_meta":{"origin":4487,"position":1},"title":"Internationales Radio Serbien stellt Arbeit ein","author":"Administrator","date":"July 31, 2015","format":false,"excerpt":"http:\/\/orf.at\/#\/stories\/2292029\/ Info via A-DX","rel":"","context":"In &quot;Deutsch&quot;","block_context":{"text":"Deutsch","link":"https:\/\/www.achimbrueckner.de\/dxradio\/php\/wordpress\/?cat=1"},"img":{"alt_text":"","src":"","width":0,"height":0},"classes":[]},{"id":1447,"url":"https:\/\/www.achimbrueckner.de\/dxradio\/php\/wordpress\/?p=1447","url_meta":{"origin":4487,"position":2},"title":"Streik: Griechenland vier Tage ohne Nachrichten","author":"Administrator","date":"April 7, 2011","format":false,"excerpt":"Streik: Griechenland vier Tage ohne Nachrichten http:\/\/orf.at\/stories\/2051818\/ Info via A-DX","rel":"","context":"In &quot;Deutsch&quot;","block_context":{"text":"Deutsch","link":"https:\/\/www.achimbrueckner.de\/dxradio\/php\/wordpress\/?cat=1"},"img":{"alt_text":"","src":"","width":0,"height":0},"classes":[]},{"id":929,"url":"https:\/\/www.achimbrueckner.de\/dxradio\/php\/wordpress\/?p=929","url_meta":{"origin":4487,"position":3},"title":"Menschen im Gespr\u00e4ch &#8211; Wolf Harranth","author":"Administrator","date":"March 2, 2010","format":false,"excerpt":"in der o.g. Sendereihe beim ORF-Radio-Wien war am 13.2.2010: Zu Gast ist der Rundfunkhistoriker Wolf Harranth. Er arbeitet f\u00fcr das Dokumentationsarchiv Funk, das die \u00f6sterreichische Rundfunkgeschichte aufarbeitet und dokumentiert. Bernd Matschedolnig spricht mit ihm \u00fcber die Faszination des Radios, die Entwicklung des Rundfunks in \u00d6sterreich und \u00fcber ein stadtpr\u00e4gendes St\u00fcck\u2026","rel":"","context":"In &quot;Deutsch&quot;","block_context":{"text":"Deutsch","link":"https:\/\/www.achimbrueckner.de\/dxradio\/php\/wordpress\/?cat=1"},"img":{"alt_text":"","src":"","width":0,"height":0},"classes":[]},{"id":3911,"url":"https:\/\/www.achimbrueckner.de\/dxradio\/php\/wordpress\/?p=3911","url_meta":{"origin":4487,"position":4},"title":"Kunos Radiothek und FM Kompakt goes DX und wird International !","author":"Administrator","date":"December 30, 2014","format":false,"excerpt":"Radio HCJB wird ab 03.01.15 jeweils an den ersten drei Samstagen eines Monats innerhalb der Sendung \"F\u00fcr DXer\" einen Beitrag aus der Reihe Kunos-Radiothek ausstrahlen. Sendezeiten 06:30-07:00 \/ 08:30-09:00 \/ 17:00-17:30 \/ 20:00-20:30 \/ 23:00-23:30 MEZ Frequenzen 3995 & 7365 khz Sender Weenermoor (Deutschland) & Podcast via http:\/\/www.vozandes.net\/scripts\/ALP.php Damit \u00fcbernimmt\u2026","rel":"","context":"In &quot;Deutsch&quot;","block_context":{"text":"Deutsch","link":"https:\/\/www.achimbrueckner.de\/dxradio\/php\/wordpress\/?cat=1"},"img":{"alt_text":"","src":"","width":0,"height":0},"classes":[]},{"id":2496,"url":"https:\/\/www.achimbrueckner.de\/dxradio\/php\/wordpress\/?p=2496","url_meta":{"origin":4487,"position":5},"title":"Abschaltungen: AFN und 90elf","author":"Administrator","date":"May 21, 2013","format":false,"excerpt":"2x Abschaltungs-News heute: - Fu\u00dfballradio 90elf wird eingestellt, weil die entsprechenden DFL-Rechte jetzt bei SPORT 1 liegen, man denkt \u00fcber neue DAB-Sender nach: http:\/\/www.radioszene.de\/54025\/regiocast-digital-stellt-90elf-ein.html - AFN schaltet 873 kHz ab: http:\/\/www.afneurope.net\/Headline\/tabid\/2098\/Default.aspx?aid=28284 (via Radioforum erfahren) Info via A-DX","rel":"","context":"In &quot;Deutsch&quot;","block_context":{"text":"Deutsch","link":"https:\/\/www.achimbrueckner.de\/dxradio\/php\/wordpress\/?cat=1"},"img":{"alt_text":"","src":"","width":0,"height":0},"classes":[]}],"_links":{"self":[{"href":"https:\/\/www.achimbrueckner.de\/dxradio\/php\/wordpress\/index.php?rest_route=\/wp\/v2\/posts\/4487","targetHints":{"allow":["GET"]}}],"collection":[{"href":"https:\/\/www.achimbrueckner.de\/dxradio\/php\/wordpress\/index.php?rest_route=\/wp\/v2\/posts"}],"about":[{"href":"https:\/\/www.achimbrueckner.de\/dxradio\/php\/wordpress\/index.php?rest_route=\/wp\/v2\/types\/post"}],"author":[{"embeddable":true,"href":"https:\/\/www.achimbrueckner.de\/dxradio\/php\/wordpress\/index.php?rest_route=\/wp\/v2\/users\/1"}],"replies":[{"embeddable":true,"href":"https:\/\/www.achimbrueckner.de\/dxradio\/php\/wordpress\/index.php?rest_route=%2Fwp%2Fv2%2Fcomments&post=4487"}],"version-history":[{"count":0,"href":"https:\/\/www.achimbrueckner.de\/dxradio\/php\/wordpress\/index.php?rest_route=\/wp\/v2\/posts\/4487\/revisions"}],"wp:attachment":[{"href":"https:\/\/www.achimbrueckner.de\/dxradio\/php\/wordpress\/index.php?rest_route=%2Fwp%2Fv2%2Fmedia&parent=4487"}],"wp:term":[{"taxonomy":"category","embeddable":true,"href":"https:\/\/www.achimbrueckner.de\/dxradio\/php\/wordpress\/index.php?rest_route=%2Fwp%2Fv2%2Fcategories&post=4487"},{"taxonomy":"post_tag","embeddable":true,"href":"https:\/\/www.achimbrueckner.de\/dxradio\/php\/wordpress\/index.php?rest_route=%2Fwp%2Fv2%2Ftags&post=4487"}],"curies":[{"name":"wp","href":"https:\/\/api.w.org\/{rel}","templated":true}]}}