{"id":4504,"date":"2015-04-30T17:11:53","date_gmt":"2015-04-30T17:11:53","guid":{"rendered":"https:\/\/www.achimbrueckner.de\/dxradio\/php\/wordpress\/?p=4504"},"modified":"2015-04-30T17:11:53","modified_gmt":"2015-04-30T17:11:53","slug":"auch-der-br-stellt-die-mittelwelle-ein","status":"publish","type":"post","link":"https:\/\/www.achimbrueckner.de\/dxradio\/php\/wordpress\/?p=4504","title":{"rendered":"Auch der BR stellt die Mittelwelle ein"},"content":{"rendered":"<p><a href=\"http:\/\/www.abendzeitung-muenchen.de\/inhalt.radio-auch-der-br-stellt-die-mittelwelle-ein.3c569263-1108-4bbd-842c-b0cbb767539f.html\" target=\"_blank\">http:\/\/www.abendzeitung-muenchen.de\/inhalt.radio-auch-der-br-stellt-die-mittelwelle-ein.3c569263-1108-4bbd-842c-b0cbb767539f.html<\/a><\/p>\n","protected":false},"excerpt":{"rendered":"<p>http:\/\/www.abendzeitung-muenchen.de\/inhalt.radio-auch-der-br-stellt-die-mittelwelle-ein.3c569263-1108-4bbd-842c-b0cbb767539f.html<\/p>\n","protected":false},"author":1,"featured_media":0,"comment_status":"open","ping_status":"open","sticky":false,"template":"","format":"standard","meta":{"_jetpack_memberships_contains_paid_content":false,"footnotes":"","jetpack_publicize_message":"","jetpack_publicize_feature_enabled":true,"jetpack_social_post_already_shared":true,"jetpack_social_options":{"image_generator_settings":{"template":"highway","default_image_id":0,"font":"","enabled":false},"version":2}},"categories":[1],"tags":[],"class_list":["post-4504","post","type-post","status-publish","format-standard","hentry","category-deutsch"],"jetpack_publicize_connections":[],"jetpack_featured_media_url":"","jetpack_sharing_enabled":true,"jetpack_shortlink":"https:\/\/wp.me\/p5CDmr-1aE","jetpack-related-posts":[{"id":4490,"url":"https:\/\/www.achimbrueckner.de\/dxradio\/php\/wordpress\/?p=4490","url_meta":{"origin":4504,"position":0},"title":"Auch WDR stellt Verbreitung via Mittelwelle ein","author":"Administrator","date":"April 29, 2015","format":false,"excerpt":"https:\/\/www.infosat.de\/radio\/auch-wdr-stellt-verbreitung-mittelwelle-ein","rel":"","context":"In &quot;Deutsch&quot;","block_context":{"text":"Deutsch","link":"https:\/\/www.achimbrueckner.de\/dxradio\/php\/wordpress\/?cat=1"},"img":{"alt_text":"","src":"","width":0,"height":0},"classes":[]},{"id":2297,"url":"https:\/\/www.achimbrueckner.de\/dxradio\/php\/wordpress\/?p=2297","url_meta":{"origin":4504,"position":1},"title":"Mittelwellen-Rundfunk in Deutschland 1944-1960","author":"Administrator","date":"September 15, 2012","format":false,"excerpt":"Band 4: Mittelwellen-Rundfunk in Deutschland 1944-1960 Der vorliegende vierte Band der Reihe zur Mittelwelle stellt in chronologischer Folge die rundfunktechnische wie auch rundfunkpolitische Entwicklung der Mittelwelle in Deutschland anhand von Originaltexten aus der allgemeinen Presse und den Fachzeitschriften dar. Autor: Wilhelm Herbst 300 Seiten, zahlreiche historische Abbildungen, 2010 Info via\u2026","rel":"","context":"In &quot;Deutsch&quot;","block_context":{"text":"Deutsch","link":"https:\/\/www.achimbrueckner.de\/dxradio\/php\/wordpress\/?cat=1"},"img":{"alt_text":"","src":"","width":0,"height":0},"classes":[]},{"id":27782,"url":"https:\/\/www.achimbrueckner.de\/dxradio\/php\/wordpress\/?p=27782","url_meta":{"origin":4504,"position":2},"title":"ORF stellt Pirnis Plattenkiste ein \u2013 Eigener Radiosender auf Mittelwelle geplant","author":"Administrator","date":"March 27, 2020","format":false,"excerpt":"http:\/\/www.radiowoche.de\/orf-stellt-pirnis-plattenkiste-ein-eigener-radiosender-auf-mittelwelle-geplant\/","rel":"","context":"In &quot;Deutsch&quot;","block_context":{"text":"Deutsch","link":"https:\/\/www.achimbrueckner.de\/dxradio\/php\/wordpress\/?cat=1"},"img":{"alt_text":"","src":"","width":0,"height":0},"classes":[]},{"id":31810,"url":"https:\/\/www.achimbrueckner.de\/dxradio\/php\/wordpress\/?p=31810","url_meta":{"origin":4504,"position":3},"title":"Litauen Rimantas Pleykis RIP","author":"Administrator","date":"January 25, 2021","format":false,"excerpt":"Traurige Nachrichten aus Litauen: Wieder verl\u00e4sst eine Radiopers\u00f6nlichkeit diese Welt viel zu fr\u00fch. Gestern wurde bekannt, dass der Gr\u00fcnder des ersten Privatradios zu Zeiten der Sowjetunion, Radio M1 sowie der Gr\u00fcnder und Betreiber der Mittelwelle 1386 kHz (Radio Baltic Waves), Rimantas Pleykis im Alter von nur 64 Jahren gestorben ist.\u2026","rel":"","context":"In &quot;audio&quot;","block_context":{"text":"audio","link":"https:\/\/www.achimbrueckner.de\/dxradio\/php\/wordpress\/?cat=47"},"img":{"alt_text":"","src":"","width":0,"height":0},"classes":[]},{"id":43213,"url":"https:\/\/www.achimbrueckner.de\/dxradio\/php\/wordpress\/?p=43213","url_meta":{"origin":4504,"position":4},"title":"Vorgabe der Politik: BR stellt vier Radiosender ein","author":"Administrator","date":"July 4, 2025","format":false,"excerpt":"https:\/\/www.br.de\/nachrichten\/deutschland-welt\/vorgabe-der-politik-br-stellt-vier-radiosender-ein,Upxlr4v","rel":"","context":"In &quot;Deutsch&quot;","block_context":{"text":"Deutsch","link":"https:\/\/www.achimbrueckner.de\/dxradio\/php\/wordpress\/?cat=1"},"img":{"alt_text":"","src":"","width":0,"height":0},"classes":[]},{"id":6113,"url":"https:\/\/www.achimbrueckner.de\/dxradio\/php\/wordpress\/?p=6113","url_meta":{"origin":4504,"position":5},"title":"Abschied von der BR-Mittelwelle Mitschnitt der letzten Minuten in Mittelwellenquali\u00e4t","author":"Administrator","date":"October 1, 2015","format":false,"excerpt":"http:\/\/www.br.de\/radio\/bayern-plus\/sendungen\/elf-bis-drei\/abschaltung-mittelwelle-empfang100.html?time=33.861","rel":"","context":"In &quot;Deutsch&quot;","block_context":{"text":"Deutsch","link":"https:\/\/www.achimbrueckner.de\/dxradio\/php\/wordpress\/?cat=1"},"img":{"alt_text":"","src":"","width":0,"height":0},"classes":[]}],"_links":{"self":[{"href":"https:\/\/www.achimbrueckner.de\/dxradio\/php\/wordpress\/index.php?rest_route=\/wp\/v2\/posts\/4504","targetHints":{"allow":["GET"]}}],"collection":[{"href":"https:\/\/www.achimbrueckner.de\/dxradio\/php\/wordpress\/index.php?rest_route=\/wp\/v2\/posts"}],"about":[{"href":"https:\/\/www.achimbrueckner.de\/dxradio\/php\/wordpress\/index.php?rest_route=\/wp\/v2\/types\/post"}],"author":[{"embeddable":true,"href":"https:\/\/www.achimbrueckner.de\/dxradio\/php\/wordpress\/index.php?rest_route=\/wp\/v2\/users\/1"}],"replies":[{"embeddable":true,"href":"https:\/\/www.achimbrueckner.de\/dxradio\/php\/wordpress\/index.php?rest_route=%2Fwp%2Fv2%2Fcomments&post=4504"}],"version-history":[{"count":0,"href":"https:\/\/www.achimbrueckner.de\/dxradio\/php\/wordpress\/index.php?rest_route=\/wp\/v2\/posts\/4504\/revisions"}],"wp:attachment":[{"href":"https:\/\/www.achimbrueckner.de\/dxradio\/php\/wordpress\/index.php?rest_route=%2Fwp%2Fv2%2Fmedia&parent=4504"}],"wp:term":[{"taxonomy":"category","embeddable":true,"href":"https:\/\/www.achimbrueckner.de\/dxradio\/php\/wordpress\/index.php?rest_route=%2Fwp%2Fv2%2Fcategories&post=4504"},{"taxonomy":"post_tag","embeddable":true,"href":"https:\/\/www.achimbrueckner.de\/dxradio\/php\/wordpress\/index.php?rest_route=%2Fwp%2Fv2%2Ftags&post=4504"}],"curies":[{"name":"wp","href":"https:\/\/api.w.org\/{rel}","templated":true}]}}