{"id":4506,"date":"2015-04-30T17:14:02","date_gmt":"2015-04-30T17:14:02","guid":{"rendered":"https:\/\/www.achimbrueckner.de\/dxradio\/php\/wordpress\/?p=4506"},"modified":"2015-04-30T17:14:02","modified_gmt":"2015-04-30T17:14:02","slug":"freie-radios-konnen-aufatmen","status":"publish","type":"post","link":"https:\/\/www.achimbrueckner.de\/dxradio\/php\/wordpress\/?p=4506","title":{"rendered":"Freie Radios k\u00f6nnen Aufatmen"},"content":{"rendered":"<p><a href=\"https:\/\/www.addn.me\/freiraeume\/freie-radios-koennen-aufatmen\/\" target=\"_blank\">https:\/\/www.addn.me\/freiraeume\/freie-radios-koennen-aufatmen\/<\/a><\/p>\n","protected":false},"excerpt":{"rendered":"<p>https:\/\/www.addn.me\/freiraeume\/freie-radios-koennen-aufatmen\/<\/p>\n","protected":false},"author":1,"featured_media":0,"comment_status":"open","ping_status":"open","sticky":false,"template":"","format":"standard","meta":{"_jetpack_memberships_contains_paid_content":false,"footnotes":"","jetpack_publicize_message":"","jetpack_publicize_feature_enabled":true,"jetpack_social_post_already_shared":true,"jetpack_social_options":{"image_generator_settings":{"template":"highway","default_image_id":0,"font":"","enabled":false},"version":2}},"categories":[1],"tags":[],"class_list":["post-4506","post","type-post","status-publish","format-standard","hentry","category-deutsch"],"jetpack_publicize_connections":[],"jetpack_featured_media_url":"","jetpack_sharing_enabled":true,"jetpack_shortlink":"https:\/\/wp.me\/p5CDmr-1aG","jetpack-related-posts":[{"id":2904,"url":"https:\/\/www.achimbrueckner.de\/dxradio\/php\/wordpress\/?p=2904","url_meta":{"origin":4506,"position":0},"title":"Landesmedienanstalt k\u00fcrzt F\u00f6rderung f\u00fcr B\u00fcrgerradios \u2013 Sachsens Sender bedroht","author":"Administrator","date":"February 22, 2014","format":false,"excerpt":"http:\/\/www.lvz-online.de\/leipzig\/citynews\/landesmedienanstalt-kuerzt-foerderung-fuer-buergerradios-sachsens-sender-bedroht\/r-citynews-a-228013.html http:\/\/www.addn.me\/freiraeume\/freien-radios-drohen-weitere-einschnitte\/","rel":"","context":"In &quot;Deutsch&quot;","block_context":{"text":"Deutsch","link":"https:\/\/www.achimbrueckner.de\/dxradio\/php\/wordpress\/?cat=1"},"img":{"alt_text":"","src":"","width":0,"height":0},"classes":[]},{"id":18229,"url":"https:\/\/www.achimbrueckner.de\/dxradio\/php\/wordpress\/?p=18229","url_meta":{"origin":4506,"position":1},"title":"Freie Radios \u00d6sterreichs haben neuen Vorstand gew\u00e4hlt","author":"Administrator","date":"June 14, 2018","format":false,"excerpt":"https:\/\/www.infosat.de\/radio\/freie-radios-sterreichs-haben-neuen-vorstand-gew-hlt","rel":"","context":"In &quot;Deutsch&quot;","block_context":{"text":"Deutsch","link":"https:\/\/www.achimbrueckner.de\/dxradio\/php\/wordpress\/?cat=1"},"img":{"alt_text":"","src":"","width":0,"height":0},"classes":[]},{"id":10810,"url":"https:\/\/www.achimbrueckner.de\/dxradio\/php\/wordpress\/?p=10810","url_meta":{"origin":4506,"position":2},"title":"B\u00fcrgerpreis statt Basisfinanzierung f\u00fcr zwei freie Radios","author":"Administrator","date":"October 23, 2016","format":false,"excerpt":"https:\/\/rdl.de\/beitrag\/b-rgerpreis-statt-basisfinanzierung-f-r-zwei-freie-radios","rel":"","context":"In &quot;Deutsch&quot;","block_context":{"text":"Deutsch","link":"https:\/\/www.achimbrueckner.de\/dxradio\/php\/wordpress\/?cat=1"},"img":{"alt_text":"","src":"","width":0,"height":0},"classes":[]},{"id":30563,"url":"https:\/\/www.achimbrueckner.de\/dxradio\/php\/wordpress\/?p=30563","url_meta":{"origin":4506,"position":3},"title":"Freie Radios \u00d6sterreich: Ein Radio-Roadtripp zu neuer Mobilit\u00e4t","author":"Administrator","date":"October 24, 2020","format":false,"excerpt":"https:\/\/www.ots.at\/presseaussendung\/OTS_20201022_OTS0031\/freie-radios-oesterreich-ein-radio-roadtripp-zu-neuer-mobilitaet","rel":"","context":"In &quot;Deutsch&quot;","block_context":{"text":"Deutsch","link":"https:\/\/www.achimbrueckner.de\/dxradio\/php\/wordpress\/?cat=1"},"img":{"alt_text":"","src":"","width":0,"height":0},"classes":[]},{"id":25996,"url":"https:\/\/www.achimbrueckner.de\/dxradio\/php\/wordpress\/?p=25996","url_meta":{"origin":4506,"position":4},"title":"Freie Radios im L\u00e4ndle fordern gleichberechtigten Zugang zu Digitalradiokan\u00e4len","author":"Administrator","date":"November 28, 2019","format":false,"excerpt":"https:\/\/rdl.de\/beitrag\/freie-radios-im-l-ndle-fordern-gleichberechtigten-zugang-zu-digitalradiokan-len","rel":"","context":"In &quot;Deutsch&quot;","block_context":{"text":"Deutsch","link":"https:\/\/www.achimbrueckner.de\/dxradio\/php\/wordpress\/?cat=1"},"img":{"alt_text":"","src":"","width":0,"height":0},"classes":[]},{"id":21109,"url":"https:\/\/www.achimbrueckner.de\/dxradio\/php\/wordpress\/?p=21109","url_meta":{"origin":4506,"position":5},"title":"Radiopreise der Erwachsenenbildung f\u00fcr freie Radios, Sch\u00fcler und \u00d61","author":"Administrator","date":"January 24, 2019","format":false,"excerpt":"https:\/\/diepresse.com\/home\/kultur\/medien\/5567532\/Radiopreise-fuer-freie-Radios-Schueler-und-Oe1","rel":"","context":"In &quot;Deutsch&quot;","block_context":{"text":"Deutsch","link":"https:\/\/www.achimbrueckner.de\/dxradio\/php\/wordpress\/?cat=1"},"img":{"alt_text":"","src":"","width":0,"height":0},"classes":[]}],"_links":{"self":[{"href":"https:\/\/www.achimbrueckner.de\/dxradio\/php\/wordpress\/index.php?rest_route=\/wp\/v2\/posts\/4506","targetHints":{"allow":["GET"]}}],"collection":[{"href":"https:\/\/www.achimbrueckner.de\/dxradio\/php\/wordpress\/index.php?rest_route=\/wp\/v2\/posts"}],"about":[{"href":"https:\/\/www.achimbrueckner.de\/dxradio\/php\/wordpress\/index.php?rest_route=\/wp\/v2\/types\/post"}],"author":[{"embeddable":true,"href":"https:\/\/www.achimbrueckner.de\/dxradio\/php\/wordpress\/index.php?rest_route=\/wp\/v2\/users\/1"}],"replies":[{"embeddable":true,"href":"https:\/\/www.achimbrueckner.de\/dxradio\/php\/wordpress\/index.php?rest_route=%2Fwp%2Fv2%2Fcomments&post=4506"}],"version-history":[{"count":0,"href":"https:\/\/www.achimbrueckner.de\/dxradio\/php\/wordpress\/index.php?rest_route=\/wp\/v2\/posts\/4506\/revisions"}],"wp:attachment":[{"href":"https:\/\/www.achimbrueckner.de\/dxradio\/php\/wordpress\/index.php?rest_route=%2Fwp%2Fv2%2Fmedia&parent=4506"}],"wp:term":[{"taxonomy":"category","embeddable":true,"href":"https:\/\/www.achimbrueckner.de\/dxradio\/php\/wordpress\/index.php?rest_route=%2Fwp%2Fv2%2Fcategories&post=4506"},{"taxonomy":"post_tag","embeddable":true,"href":"https:\/\/www.achimbrueckner.de\/dxradio\/php\/wordpress\/index.php?rest_route=%2Fwp%2Fv2%2Ftags&post=4506"}],"curies":[{"name":"wp","href":"https:\/\/api.w.org\/{rel}","templated":true}]}}