{"id":4509,"date":"2015-04-30T17:19:51","date_gmt":"2015-04-30T17:19:51","guid":{"rendered":"https:\/\/www.achimbrueckner.de\/dxradio\/php\/wordpress\/?p=4509"},"modified":"2015-04-30T17:19:51","modified_gmt":"2015-04-30T17:19:51","slug":"als-radio-saigon-befreit-wurde","status":"publish","type":"post","link":"https:\/\/www.achimbrueckner.de\/dxradio\/php\/wordpress\/?p=4509","title":{"rendered":"Als Radio Saigon befreit wurde"},"content":{"rendered":"<p><a href=\"http:\/\/www.redglobe.de\/asien\/vietnam\/6792-als-radio-saigon-befreit-wurde\" target=\"_blank\">http:\/\/www.redglobe.de\/asien\/vietnam\/6792-als-radio-saigon-befreit-wurde<\/a><\/p>\n","protected":false},"excerpt":{"rendered":"<p>http:\/\/www.redglobe.de\/asien\/vietnam\/6792-als-radio-saigon-befreit-wurde<\/p>\n","protected":false},"author":1,"featured_media":0,"comment_status":"open","ping_status":"open","sticky":false,"template":"","format":"standard","meta":{"_jetpack_memberships_contains_paid_content":false,"footnotes":"","jetpack_publicize_message":"","jetpack_publicize_feature_enabled":true,"jetpack_social_post_already_shared":true,"jetpack_social_options":{"image_generator_settings":{"template":"highway","default_image_id":0,"font":"","enabled":false},"version":2}},"categories":[1],"tags":[24],"class_list":["post-4509","post","type-post","status-publish","format-standard","hentry","category-deutsch","tag-am"],"jetpack_publicize_connections":[],"jetpack_featured_media_url":"","jetpack_sharing_enabled":true,"jetpack_shortlink":"https:\/\/wp.me\/p5CDmr-1aJ","jetpack-related-posts":[{"id":4295,"url":"https:\/\/www.achimbrueckner.de\/dxradio\/php\/wordpress\/?p=4295","url_meta":{"origin":4509,"position":0},"title":"25 Jahre RHCI","author":"Administrator","date":"March 27, 2015","format":false,"excerpt":"In wenigen Tagen wird der Radio-H\u00f6rer-Club-International 25 bestehen. Er wurde am 31. M\u00e4rz 1990 in Leipzig, als erster Radioh\u00f6rerclub der DDR, gegr\u00fcndet. Ab 2003 ist der RHCI Online t\u00e4tig. Der RHCI-Online unterst\u00fctzt den v\u00f6lkerverbindenden Gedanken des Rundfunkh\u00f6rens im deutschsprachigem Raum und International. Die Mitgliedschaft ist kostenlos. Aktuelle Infos verbreiten wir\u2026","rel":"","context":"In &quot;Deutsch&quot;","block_context":{"text":"Deutsch","link":"https:\/\/www.achimbrueckner.de\/dxradio\/php\/wordpress\/?cat=1"},"img":{"alt_text":"","src":"","width":0,"height":0},"classes":[]},{"id":928,"url":"https:\/\/www.achimbrueckner.de\/dxradio\/php\/wordpress\/?p=928","url_meta":{"origin":4509,"position":1},"title":"Alles Gute Polskie Radio!","author":"Administrator","date":"February 26, 2010","format":false,"excerpt":"Der Polnische Rundfunk feiert in diesem Jahr seinen 85. Geburtstag. Aus diesem Grund wollen wir Ihnen heute die Geschichte der gr\u00f6\u00dften polnischen Rundfunkanstalt n\u00e4herbringen. Wie waren die Anf\u00e4nge, was und wie wurde gesendet und wieso wird Polskie Radio bis heute als das Schlagende Herz Polens bezeichnet http:\/\/www.polskieradio.pl\/zagranica\/de\/news\/artykul126446.html Info via A-DX","rel":"","context":"In &quot;Deutsch&quot;","block_context":{"text":"Deutsch","link":"https:\/\/www.achimbrueckner.de\/dxradio\/php\/wordpress\/?cat=1"},"img":{"alt_text":"","src":"","width":0,"height":0},"classes":[]},{"id":30281,"url":"https:\/\/www.achimbrueckner.de\/dxradio\/php\/wordpress\/?p=30281","url_meta":{"origin":4509,"position":2},"title":"Programmtipp: 50 Jahre Close-Down von Radio CAE","author":"Administrator","date":"October 2, 2020","format":false,"excerpt":"\u201cAt 87.8 on the FM-dial, this is Canadian Forces Radio CAE in Werl, Germany\u2026\u201d \u00dcber 14 Jahre lang h\u00f6rte man diesen Station Break auf UKW ganz vorne, am Anfang der Skala, sofern man am \u00f6stlichen Rande des Ruhrgebiets wohnte. Am 21. M\u00e4rz 1956 um 17.00 Uhr war hier ein einzigartiger\u2026","rel":"","context":"In &quot;Deutsch&quot;","block_context":{"text":"Deutsch","link":"https:\/\/www.achimbrueckner.de\/dxradio\/php\/wordpress\/?cat=1"},"img":{"alt_text":"","src":"","width":0,"height":0},"classes":[]},{"id":9093,"url":"https:\/\/www.achimbrueckner.de\/dxradio\/php\/wordpress\/?p=9093","url_meta":{"origin":4509,"position":3},"title":"Feuerwehr befreit Monteur aus Funkturm am K\u00f6terberg","author":"Administrator","date":"August 9, 2016","format":false,"excerpt":"http:\/\/www.lz.de\/lippe\/luegde\/20880713_Feuerwehr-befreit-Monteur-aus-Funkturm-am-Koeterberg.html","rel":"","context":"In &quot;Deutsch&quot;","block_context":{"text":"Deutsch","link":"https:\/\/www.achimbrueckner.de\/dxradio\/php\/wordpress\/?cat=1"},"img":{"alt_text":"","src":"","width":0,"height":0},"classes":[]},{"id":39645,"url":"https:\/\/www.achimbrueckner.de\/dxradio\/php\/wordpress\/?p=39645","url_meta":{"origin":4509,"position":4},"title":"Radio Forum als Webradio zur\u00fcck!","author":"Administrator","date":"June 13, 2023","format":false,"excerpt":"Radio Forum als Webradio zur\u00fcck! Radio Forum, ein Pionier aus Lothringen, geh\u00f6rte in den 1980iger Jahren zu den Radiostationen, welche gezielt in Richtung Saarland sendeten. Mitte 2023 wurde ein Webstream gestartet: https:\/\/www.radio-forum2.de\/ Radio Forum - Wir H\u00f6ren uns Das Webradio wird von Bernd Sambo betrieben - mit dem ehemaligen UKW-Sender\u2026","rel":"","context":"In &quot;Deutsch&quot;","block_context":{"text":"Deutsch","link":"https:\/\/www.achimbrueckner.de\/dxradio\/php\/wordpress\/?cat=1"},"img":{"alt_text":"","src":"","width":0,"height":0},"classes":[]},{"id":31810,"url":"https:\/\/www.achimbrueckner.de\/dxradio\/php\/wordpress\/?p=31810","url_meta":{"origin":4509,"position":5},"title":"Litauen Rimantas Pleykis RIP","author":"Administrator","date":"January 25, 2021","format":false,"excerpt":"Traurige Nachrichten aus Litauen: Wieder verl\u00e4sst eine Radiopers\u00f6nlichkeit diese Welt viel zu fr\u00fch. Gestern wurde bekannt, dass der Gr\u00fcnder des ersten Privatradios zu Zeiten der Sowjetunion, Radio M1 sowie der Gr\u00fcnder und Betreiber der Mittelwelle 1386 kHz (Radio Baltic Waves), Rimantas Pleykis im Alter von nur 64 Jahren gestorben ist.\u2026","rel":"","context":"In &quot;audio&quot;","block_context":{"text":"audio","link":"https:\/\/www.achimbrueckner.de\/dxradio\/php\/wordpress\/?cat=47"},"img":{"alt_text":"","src":"","width":0,"height":0},"classes":[]}],"_links":{"self":[{"href":"https:\/\/www.achimbrueckner.de\/dxradio\/php\/wordpress\/index.php?rest_route=\/wp\/v2\/posts\/4509","targetHints":{"allow":["GET"]}}],"collection":[{"href":"https:\/\/www.achimbrueckner.de\/dxradio\/php\/wordpress\/index.php?rest_route=\/wp\/v2\/posts"}],"about":[{"href":"https:\/\/www.achimbrueckner.de\/dxradio\/php\/wordpress\/index.php?rest_route=\/wp\/v2\/types\/post"}],"author":[{"embeddable":true,"href":"https:\/\/www.achimbrueckner.de\/dxradio\/php\/wordpress\/index.php?rest_route=\/wp\/v2\/users\/1"}],"replies":[{"embeddable":true,"href":"https:\/\/www.achimbrueckner.de\/dxradio\/php\/wordpress\/index.php?rest_route=%2Fwp%2Fv2%2Fcomments&post=4509"}],"version-history":[{"count":0,"href":"https:\/\/www.achimbrueckner.de\/dxradio\/php\/wordpress\/index.php?rest_route=\/wp\/v2\/posts\/4509\/revisions"}],"wp:attachment":[{"href":"https:\/\/www.achimbrueckner.de\/dxradio\/php\/wordpress\/index.php?rest_route=%2Fwp%2Fv2%2Fmedia&parent=4509"}],"wp:term":[{"taxonomy":"category","embeddable":true,"href":"https:\/\/www.achimbrueckner.de\/dxradio\/php\/wordpress\/index.php?rest_route=%2Fwp%2Fv2%2Fcategories&post=4509"},{"taxonomy":"post_tag","embeddable":true,"href":"https:\/\/www.achimbrueckner.de\/dxradio\/php\/wordpress\/index.php?rest_route=%2Fwp%2Fv2%2Ftags&post=4509"}],"curies":[{"name":"wp","href":"https:\/\/api.w.org\/{rel}","templated":true}]}}