{"id":45159,"date":"2026-03-04T16:20:47","date_gmt":"2026-03-04T16:20:47","guid":{"rendered":"https:\/\/www.achimbrueckner.de\/dxradio\/php\/wordpress\/?p=45159"},"modified":"2026-03-04T16:20:47","modified_gmt":"2026-03-04T16:20:47","slug":"osterreich-stadtradio-1-vergrosert-sendegebiet","status":"publish","type":"post","link":"https:\/\/www.achimbrueckner.de\/dxradio\/php\/wordpress\/?p=45159","title":{"rendered":"\u00d6sterreich: Stadtradio 1 vergr\u00f6\u00dfert Sendegebiet"},"content":{"rendered":"<p><a href=\"https:\/\/www.radioblog.eu\/2026\/03\/04\/oesterreich-stadtradio-1-vergroessert-sendegebiet\/\" target=\"_blank\">https:\/\/www.radioblog.eu\/2026\/03\/04\/oesterreich-stadtradio-1-vergroessert-sendegebiet\/<\/a><\/p>\n","protected":false},"excerpt":{"rendered":"<p>https:\/\/www.radioblog.eu\/2026\/03\/04\/oesterreich-stadtradio-1-vergroessert-sendegebiet\/<\/p>\n","protected":false},"author":1,"featured_media":0,"comment_status":"closed","ping_status":"open","sticky":false,"template":"","format":"standard","meta":{"_jetpack_memberships_contains_paid_content":false,"footnotes":"","jetpack_publicize_message":"","jetpack_publicize_feature_enabled":true,"jetpack_social_post_already_shared":true,"jetpack_social_options":{"image_generator_settings":{"template":"highway","default_image_id":0,"font":"","enabled":false},"version":2}},"categories":[1],"tags":[],"class_list":["post-45159","post","type-post","status-publish","format-standard","hentry","category-deutsch"],"jetpack_publicize_connections":[],"jetpack_featured_media_url":"","jetpack_sharing_enabled":true,"jetpack_shortlink":"https:\/\/wp.me\/p5CDmr-bKn","jetpack-related-posts":[{"id":43473,"url":"https:\/\/www.achimbrueckner.de\/dxradio\/php\/wordpress\/?p=43473","url_meta":{"origin":45159,"position":0},"title":"\u00d6sterreich: Aus Stadtradio Krems wurde Stadtradio 1","author":"Administrator","date":"August 2, 2025","format":false,"excerpt":"https:\/\/www.radioblog.eu\/2025\/08\/02\/oesterreich-aus-stadtradio-krems-wurde-stadtradio-1\/","rel":"","context":"In &quot;Deutsch&quot;","block_context":{"text":"Deutsch","link":"https:\/\/www.achimbrueckner.de\/dxradio\/php\/wordpress\/?cat=1"},"img":{"alt_text":"","src":"","width":0,"height":0},"classes":[]},{"id":33192,"url":"https:\/\/www.achimbrueckner.de\/dxradio\/php\/wordpress\/?p=33192","url_meta":{"origin":45159,"position":1},"title":"DAB+ Bundesmux in \u00d6sterreich: Sendegebiet mit Luft nach oben","author":"Administrator","date":"July 30, 2021","format":false,"excerpt":"https:\/\/www.smartphonefan.de\/2021\/07\/30\/dab-bundesmux-in-oesterreich-sendegebiet-mit-luft-nach-oben\/","rel":"","context":"In &quot;Deutsch&quot;","block_context":{"text":"Deutsch","link":"https:\/\/www.achimbrueckner.de\/dxradio\/php\/wordpress\/?cat=1"},"img":{"alt_text":"","src":"","width":0,"height":0},"classes":[]},{"id":45187,"url":"https:\/\/www.achimbrueckner.de\/dxradio\/php\/wordpress\/?p=45187","url_meta":{"origin":45159,"position":2},"title":"Niederlande: Kiss FM weitet Sendegebiet auf DAB+ aus","author":"Administrator","date":"March 7, 2026","format":false,"excerpt":"https:\/\/www.radioblog.eu\/2026\/03\/06\/niederlande-kiss-fm-weitet-sendegebiet-auf-dab-aus\/","rel":"","context":"In &quot;Deutsch&quot;","block_context":{"text":"Deutsch","link":"https:\/\/www.achimbrueckner.de\/dxradio\/php\/wordpress\/?cat=1"},"img":{"alt_text":"","src":"","width":0,"height":0},"classes":[]},{"id":44785,"url":"https:\/\/www.achimbrueckner.de\/dxradio\/php\/wordpress\/?p=44785","url_meta":{"origin":45159,"position":3},"title":"Vogtland Radio verkleinert terrestrisches Sendegebiet","author":"Administrator","date":"January 12, 2026","format":false,"excerpt":"https:\/\/www.radioblog.eu\/2026\/01\/12\/vogtland-radio-verkleinert-terrestrisches-sendegebiet\/","rel":"","context":"In &quot;Deutsch&quot;","block_context":{"text":"Deutsch","link":"https:\/\/www.achimbrueckner.de\/dxradio\/php\/wordpress\/?cat=1"},"img":{"alt_text":"","src":"","width":0,"height":0},"classes":[]},{"id":44852,"url":"https:\/\/www.achimbrueckner.de\/dxradio\/php\/wordpress\/?p=44852","url_meta":{"origin":45159,"position":4},"title":"Schweiz: Radio Bollerwagen baut DAB+ Sendegebiet aus","author":"Administrator","date":"January 20, 2026","format":false,"excerpt":"https:\/\/www.radioblog.eu\/2026\/01\/20\/schweiz-radio-bollerwagen-baut-dab-sendegebiet-aus\/","rel":"","context":"In &quot;Deutsch&quot;","block_context":{"text":"Deutsch","link":"https:\/\/www.achimbrueckner.de\/dxradio\/php\/wordpress\/?cat=1"},"img":{"alt_text":"","src":"","width":0,"height":0},"classes":[]},{"id":45080,"url":"https:\/\/www.achimbrueckner.de\/dxradio\/php\/wordpress\/?p=45080","url_meta":{"origin":45159,"position":5},"title":"Schweiz: sunshine live baut DAB+ Sendegebiet aus","author":"Administrator","date":"February 19, 2026","format":false,"excerpt":"https:\/\/www.radioblog.eu\/2026\/02\/19\/schweiz-sunshine-live-baut-dab-sendegebiet-aus\/","rel":"","context":"In &quot;Deutsch&quot;","block_context":{"text":"Deutsch","link":"https:\/\/www.achimbrueckner.de\/dxradio\/php\/wordpress\/?cat=1"},"img":{"alt_text":"","src":"","width":0,"height":0},"classes":[]}],"_links":{"self":[{"href":"https:\/\/www.achimbrueckner.de\/dxradio\/php\/wordpress\/index.php?rest_route=\/wp\/v2\/posts\/45159","targetHints":{"allow":["GET"]}}],"collection":[{"href":"https:\/\/www.achimbrueckner.de\/dxradio\/php\/wordpress\/index.php?rest_route=\/wp\/v2\/posts"}],"about":[{"href":"https:\/\/www.achimbrueckner.de\/dxradio\/php\/wordpress\/index.php?rest_route=\/wp\/v2\/types\/post"}],"author":[{"embeddable":true,"href":"https:\/\/www.achimbrueckner.de\/dxradio\/php\/wordpress\/index.php?rest_route=\/wp\/v2\/users\/1"}],"replies":[{"embeddable":true,"href":"https:\/\/www.achimbrueckner.de\/dxradio\/php\/wordpress\/index.php?rest_route=%2Fwp%2Fv2%2Fcomments&post=45159"}],"version-history":[{"count":0,"href":"https:\/\/www.achimbrueckner.de\/dxradio\/php\/wordpress\/index.php?rest_route=\/wp\/v2\/posts\/45159\/revisions"}],"wp:attachment":[{"href":"https:\/\/www.achimbrueckner.de\/dxradio\/php\/wordpress\/index.php?rest_route=%2Fwp%2Fv2%2Fmedia&parent=45159"}],"wp:term":[{"taxonomy":"category","embeddable":true,"href":"https:\/\/www.achimbrueckner.de\/dxradio\/php\/wordpress\/index.php?rest_route=%2Fwp%2Fv2%2Fcategories&post=45159"},{"taxonomy":"post_tag","embeddable":true,"href":"https:\/\/www.achimbrueckner.de\/dxradio\/php\/wordpress\/index.php?rest_route=%2Fwp%2Fv2%2Ftags&post=45159"}],"curies":[{"name":"wp","href":"https:\/\/api.w.org\/{rel}","templated":true}]}}