{"id":4516,"date":"2015-05-02T16:55:44","date_gmt":"2015-05-02T16:55:44","guid":{"rendered":"https:\/\/www.achimbrueckner.de\/dxradio\/php\/wordpress\/?p=4516"},"modified":"2015-05-02T16:55:44","modified_gmt":"2015-05-02T16:55:44","slug":"erfolg-fur-radio-t-radio-blau-und-coloradio-anderung-der-sachsischen-mediengesetze-erkennt-die-bedeutung-der-freien-radios-an","status":"publish","type":"post","link":"https:\/\/www.achimbrueckner.de\/dxradio\/php\/wordpress\/?p=4516","title":{"rendered":"Erfolg f\u00fcr Radio T, Radio Blau und coloRadio: \u00c4nderung der s\u00e4chsischen Mediengesetze erkennt die Bedeutung der Freien Radios an"},"content":{"rendered":"<p><a href=\"http:\/\/www.radiowoche.de\/erfolg-fuer-radio-t-radio-blau-und-coloradio-aenderung-der-saechsischen-mediengesetze-erkennt-die-bedeutung-der-freien-radios-an\/\" target=\"_blank\">http:\/\/www.radiowoche.de\/erfolg-fuer-radio-t-radio-blau-und-coloradio-aenderung-der-saechsischen-mediengesetze-erkennt-die-bedeutung-der-freien-radios-an\/<\/a><\/p>\n","protected":false},"excerpt":{"rendered":"<p>http:\/\/www.radiowoche.de\/erfolg-fuer-radio-t-radio-blau-und-coloradio-aenderung-der-saechsischen-mediengesetze-erkennt-die-bedeutung-der-freien-radios-an\/<\/p>\n","protected":false},"author":1,"featured_media":0,"comment_status":"open","ping_status":"open","sticky":false,"template":"","format":"standard","meta":{"_jetpack_memberships_contains_paid_content":false,"footnotes":"","jetpack_publicize_message":"","jetpack_publicize_feature_enabled":true,"jetpack_social_post_already_shared":true,"jetpack_social_options":{"image_generator_settings":{"template":"highway","default_image_id":0,"font":"","enabled":false},"version":2}},"categories":[1,15],"tags":[45],"class_list":["post-4516","post","type-post","status-publish","format-standard","hentry","category-deutsch","category-medien","tag-medien"],"jetpack_publicize_connections":[],"jetpack_featured_media_url":"","jetpack_sharing_enabled":true,"jetpack_shortlink":"https:\/\/wp.me\/p5CDmr-1aQ","jetpack-related-posts":[{"id":26286,"url":"https:\/\/www.achimbrueckner.de\/dxradio\/php\/wordpress\/?p=26286","url_meta":{"origin":4516,"position":0},"title":"Schwarzer Tag f\u00fcr die Medienfreiheit in Ungarn","author":"Administrator","date":"December 21, 2019","format":false,"excerpt":"Heute ist ein weiterer schwarzer Tag f\u00fcr die Medienfreiheit in Ungarn. Das selbstverwaltete, nichtkommerzielle CIVIL R\u00c1DI\u00d3 - FM 98 muss heute Nacht zum Sonntag um 2 Uhr nach 25 Jahren seine UKW-Frequenz 98,0 MHz in Budapest aufgeben und im Internet weitersenden. Die Medienbeh\u00f6rde hatte die UKW-Lizenz nicht verl\u00e4ngert. Damit wird\u2026","rel":"","context":"In &quot;Deutsch&quot;","block_context":{"text":"Deutsch","link":"https:\/\/www.achimbrueckner.de\/dxradio\/php\/wordpress\/?cat=1"},"img":{"alt_text":"","src":"","width":0,"height":0},"classes":[]},{"id":39706,"url":"https:\/\/www.achimbrueckner.de\/dxradio\/php\/wordpress\/?p=39706","url_meta":{"origin":4516,"position":1},"title":"coloRadio und Radio Zett starten Gemeinschaftsprogramm auf DAB+","author":"Administrator","date":"June 24, 2023","format":false,"excerpt":"https:\/\/www.radioblog.eu\/2023\/06\/23\/coloradio-und-radio-zett-starten-gemeinschaftsprogramm-auf-dab\/","rel":"","context":"In &quot;Deutsch&quot;","block_context":{"text":"Deutsch","link":"https:\/\/www.achimbrueckner.de\/dxradio\/php\/wordpress\/?cat=1"},"img":{"alt_text":"","src":"","width":0,"height":0},"classes":[]},{"id":43381,"url":"https:\/\/www.achimbrueckner.de\/dxradio\/php\/wordpress\/?p=43381","url_meta":{"origin":4516,"position":2},"title":"SLM verl\u00e4ngert UKW-Lizenzen f\u00fcr Energy, Radio Erzgebirge 107,7 und coloRadio","author":"Administrator","date":"July 24, 2025","format":false,"excerpt":"https:\/\/www.radioblog.eu\/2025\/07\/23\/slm-verlaengert-ukw-lizenzen-fuer-energy-radio-erzgebirge-1077-und-coloradio\/","rel":"","context":"In &quot;Deutsch&quot;","block_context":{"text":"Deutsch","link":"https:\/\/www.achimbrueckner.de\/dxradio\/php\/wordpress\/?cat=1"},"img":{"alt_text":"","src":"","width":0,"height":0},"classes":[]},{"id":18426,"url":"https:\/\/www.achimbrueckner.de\/dxradio\/php\/wordpress\/?p=18426","url_meta":{"origin":4516,"position":3},"title":"Freies Radio Coloradio feiert 25. Geburtstag \u2013 neues Projekt l\u00e4dt Pieschener zum Radiomachen ein","author":"Administrator","date":"July 10, 2018","format":false,"excerpt":"https:\/\/pieschen-aktuell.de\/2018\/freies-radio-coloradio-feiert-25-geburtstag-neues-projekt-laedt-pieschener-zum-radiomachen-ein\/","rel":"","context":"In &quot;Deutsch&quot;","block_context":{"text":"Deutsch","link":"https:\/\/www.achimbrueckner.de\/dxradio\/php\/wordpress\/?cat=1"},"img":{"alt_text":"","src":"","width":0,"height":0},"classes":[]},{"id":39684,"url":"https:\/\/www.achimbrueckner.de\/dxradio\/php\/wordpress\/?p=39684","url_meta":{"origin":4516,"position":4},"title":"coloRadio und Radio Zett auf DAB+ gestartet","author":"Administrator","date":"June 19, 2023","format":false,"excerpt":"https:\/\/www.satellifax.de\/mlesen.php?id=523f59f2c2d643b2bc3e9ed5dca2a84f","rel":"","context":"In &quot;Deutsch&quot;","block_context":{"text":"Deutsch","link":"https:\/\/www.achimbrueckner.de\/dxradio\/php\/wordpress\/?cat=1"},"img":{"alt_text":"","src":"","width":0,"height":0},"classes":[]},{"id":1512,"url":"https:\/\/www.achimbrueckner.de\/dxradio\/php\/wordpress\/?p=1512","url_meta":{"origin":4516,"position":5},"title":"Koalitionsvertrag in BaW\u00fc: &#8220;Eine Lanze f\u00fcr die Freien Radios brechen&#8221;","author":"Administrator","date":"April 29, 2011","format":false,"excerpt":"Koalitionsvertrag in BaW\u00fc: \"Eine Lanze f\u00fcr die Freien Radios brechen\" http:\/\/medienmagazin.net\/koalitionsvertrag-in-bawu-eine-lanze-fur-die Info via Twitter","rel":"","context":"In &quot;Deutsch&quot;","block_context":{"text":"Deutsch","link":"https:\/\/www.achimbrueckner.de\/dxradio\/php\/wordpress\/?cat=1"},"img":{"alt_text":"","src":"","width":0,"height":0},"classes":[]}],"_links":{"self":[{"href":"https:\/\/www.achimbrueckner.de\/dxradio\/php\/wordpress\/index.php?rest_route=\/wp\/v2\/posts\/4516","targetHints":{"allow":["GET"]}}],"collection":[{"href":"https:\/\/www.achimbrueckner.de\/dxradio\/php\/wordpress\/index.php?rest_route=\/wp\/v2\/posts"}],"about":[{"href":"https:\/\/www.achimbrueckner.de\/dxradio\/php\/wordpress\/index.php?rest_route=\/wp\/v2\/types\/post"}],"author":[{"embeddable":true,"href":"https:\/\/www.achimbrueckner.de\/dxradio\/php\/wordpress\/index.php?rest_route=\/wp\/v2\/users\/1"}],"replies":[{"embeddable":true,"href":"https:\/\/www.achimbrueckner.de\/dxradio\/php\/wordpress\/index.php?rest_route=%2Fwp%2Fv2%2Fcomments&post=4516"}],"version-history":[{"count":0,"href":"https:\/\/www.achimbrueckner.de\/dxradio\/php\/wordpress\/index.php?rest_route=\/wp\/v2\/posts\/4516\/revisions"}],"wp:attachment":[{"href":"https:\/\/www.achimbrueckner.de\/dxradio\/php\/wordpress\/index.php?rest_route=%2Fwp%2Fv2%2Fmedia&parent=4516"}],"wp:term":[{"taxonomy":"category","embeddable":true,"href":"https:\/\/www.achimbrueckner.de\/dxradio\/php\/wordpress\/index.php?rest_route=%2Fwp%2Fv2%2Fcategories&post=4516"},{"taxonomy":"post_tag","embeddable":true,"href":"https:\/\/www.achimbrueckner.de\/dxradio\/php\/wordpress\/index.php?rest_route=%2Fwp%2Fv2%2Ftags&post=4516"}],"curies":[{"name":"wp","href":"https:\/\/api.w.org\/{rel}","templated":true}]}}