{"id":45168,"date":"2026-03-05T16:22:13","date_gmt":"2026-03-05T16:22:13","guid":{"rendered":"https:\/\/www.achimbrueckner.de\/dxradio\/php\/wordpress\/?p=45168"},"modified":"2026-03-05T16:22:13","modified_gmt":"2026-03-05T16:22:13","slug":"osterreich-austrian-power-radio-jetzt-auch-im-internet-abgeschaltet","status":"publish","type":"post","link":"https:\/\/www.achimbrueckner.de\/dxradio\/php\/wordpress\/?p=45168","title":{"rendered":"\u00d6sterreich: Austrian Power Radio jetzt auch im Internet abgeschaltet"},"content":{"rendered":"<p><a href=\"https:\/\/www.radioblog.eu\/2026\/03\/05\/oesterreich-austrian-power-radio-jetzt-auch-im-internet-abgeschaltet\/\" target=\"_blank\">https:\/\/www.radioblog.eu\/2026\/03\/05\/oesterreich-austrian-power-radio-jetzt-auch-im-internet-abgeschaltet\/<\/a><\/p>\n","protected":false},"excerpt":{"rendered":"<p>https:\/\/www.radioblog.eu\/2026\/03\/05\/oesterreich-austrian-power-radio-jetzt-auch-im-internet-abgeschaltet\/<\/p>\n","protected":false},"author":1,"featured_media":0,"comment_status":"closed","ping_status":"open","sticky":false,"template":"","format":"standard","meta":{"_jetpack_memberships_contains_paid_content":false,"footnotes":"","jetpack_publicize_message":"","jetpack_publicize_feature_enabled":true,"jetpack_social_post_already_shared":true,"jetpack_social_options":{"image_generator_settings":{"template":"highway","default_image_id":0,"font":"","enabled":false},"version":2}},"categories":[1],"tags":[],"class_list":["post-45168","post","type-post","status-publish","format-standard","hentry","category-deutsch"],"jetpack_publicize_connections":[],"jetpack_featured_media_url":"","jetpack_sharing_enabled":true,"jetpack_shortlink":"https:\/\/wp.me\/p5CDmr-bKw","jetpack-related-posts":[{"id":44825,"url":"https:\/\/www.achimbrueckner.de\/dxradio\/php\/wordpress\/?p=44825","url_meta":{"origin":45168,"position":0},"title":"Stream abgeschaltet: extra radio schweigt jetzt auch im Internet","author":"Administrator","date":"January 15, 2026","format":false,"excerpt":"https:\/\/www.radioblog.eu\/2026\/01\/14\/stream-abgeschaltet-extra-radio-schweigt-jetzt-auch-im-internet\/","rel":"","context":"In &quot;Deutsch&quot;","block_context":{"text":"Deutsch","link":"https:\/\/www.achimbrueckner.de\/dxradio\/php\/wordpress\/?cat=1"},"img":{"alt_text":"","src":"","width":0,"height":0},"classes":[]},{"id":17056,"url":"https:\/\/www.achimbrueckner.de\/dxradio\/php\/wordpress\/?p=17056","url_meta":{"origin":45168,"position":1},"title":"Nicht nur TV wird abgeschaltet: Auch das Ende des analogen Radios im Kabel naht","author":"Administrator","date":"March 25, 2018","format":false,"excerpt":"http:\/\/www.chip.de\/news\/Nicht-nur-TV-wird-abgeschaltet-Auch-das-Ende-des-analogen-Radios-im-Kabel-naht_136380079.html?layout=amp","rel":"","context":"In &quot;Deutsch&quot;","block_context":{"text":"Deutsch","link":"https:\/\/www.achimbrueckner.de\/dxradio\/php\/wordpress\/?cat=1"},"img":{"alt_text":"","src":"","width":0,"height":0},"classes":[]},{"id":22973,"url":"https:\/\/www.achimbrueckner.de\/dxradio\/php\/wordpress\/?p=22973","url_meta":{"origin":45168,"position":2},"title":"DAB+ abgeschaltet: LX Classics nur noch im Internet","author":"Administrator","date":"May 4, 2019","format":false,"excerpt":"https:\/\/www.smartphonefan.de\/2019\/05\/04\/dab-abgeschaltet-lx-classics-nur-noch-im-internet\/","rel":"","context":"In &quot;Deutsch&quot;","block_context":{"text":"Deutsch","link":"https:\/\/www.achimbrueckner.de\/dxradio\/php\/wordpress\/?cat=1"},"img":{"alt_text":"","src":"","width":0,"height":0},"classes":[]},{"id":45224,"url":"https:\/\/www.achimbrueckner.de\/dxradio\/php\/wordpress\/?p=45224","url_meta":{"origin":45168,"position":3},"title":"\u00d6sterreich: Austrian International Radio startet Testbetrieb im Internet","author":"Administrator","date":"March 12, 2026","format":false,"excerpt":"https:\/\/www.radioblog.eu\/2026\/03\/12\/oesterreich-austrian-international-radio-startet-testbetrieb-im-internet\/","rel":"","context":"In &quot;Deutsch&quot;","block_context":{"text":"Deutsch","link":"https:\/\/www.achimbrueckner.de\/dxradio\/php\/wordpress\/?cat=1"},"img":{"alt_text":"","src":"","width":0,"height":0},"classes":[]},{"id":16211,"url":"https:\/\/www.achimbrueckner.de\/dxradio\/php\/wordpress\/?p=16211","url_meta":{"origin":45168,"position":4},"title":"Government Shutdown in den USA: Auch der AFN ist abgeschaltet","author":"Administrator","date":"January 20, 2018","format":false,"excerpt":"http:\/\/www.smartphonefan.de\/2018\/01\/20\/government-shoutdown-in-den-usa-auch-der-afn-ist-abgeschaltet\/","rel":"","context":"In &quot;Deutsch&quot;","block_context":{"text":"Deutsch","link":"https:\/\/www.achimbrueckner.de\/dxradio\/php\/wordpress\/?cat=1"},"img":{"alt_text":"","src":"","width":0,"height":0},"classes":[]},{"id":1162,"url":"https:\/\/www.achimbrueckner.de\/dxradio\/php\/wordpress\/?p=1162","url_meta":{"origin":45168,"position":5},"title":"RTI Sondersendungen im Oktober via Tainan","author":"Administrator","date":"September 25, 2010","format":false,"excerpt":"im Oktober gibt es wieder Direktsendungen von Radio Taiwan International \u00fcber die Sendeanlagen in Tainan in S\u00fcdtaiwan. Vom 1. bis 3. Oktober 2010 und vom 8. bis 11. Oktober 2010 jeweils von 1700-1800 UTC wird das regul\u00e4re deutsche Programm zus\u00e4tzlich auch auf 9955 kHz ausgestrahlt. Bis 1700 UTC sendet dort\u2026","rel":"","context":"In &quot;Deutsch&quot;","block_context":{"text":"Deutsch","link":"https:\/\/www.achimbrueckner.de\/dxradio\/php\/wordpress\/?cat=1"},"img":{"alt_text":"","src":"","width":0,"height":0},"classes":[]}],"_links":{"self":[{"href":"https:\/\/www.achimbrueckner.de\/dxradio\/php\/wordpress\/index.php?rest_route=\/wp\/v2\/posts\/45168","targetHints":{"allow":["GET"]}}],"collection":[{"href":"https:\/\/www.achimbrueckner.de\/dxradio\/php\/wordpress\/index.php?rest_route=\/wp\/v2\/posts"}],"about":[{"href":"https:\/\/www.achimbrueckner.de\/dxradio\/php\/wordpress\/index.php?rest_route=\/wp\/v2\/types\/post"}],"author":[{"embeddable":true,"href":"https:\/\/www.achimbrueckner.de\/dxradio\/php\/wordpress\/index.php?rest_route=\/wp\/v2\/users\/1"}],"replies":[{"embeddable":true,"href":"https:\/\/www.achimbrueckner.de\/dxradio\/php\/wordpress\/index.php?rest_route=%2Fwp%2Fv2%2Fcomments&post=45168"}],"version-history":[{"count":0,"href":"https:\/\/www.achimbrueckner.de\/dxradio\/php\/wordpress\/index.php?rest_route=\/wp\/v2\/posts\/45168\/revisions"}],"wp:attachment":[{"href":"https:\/\/www.achimbrueckner.de\/dxradio\/php\/wordpress\/index.php?rest_route=%2Fwp%2Fv2%2Fmedia&parent=45168"}],"wp:term":[{"taxonomy":"category","embeddable":true,"href":"https:\/\/www.achimbrueckner.de\/dxradio\/php\/wordpress\/index.php?rest_route=%2Fwp%2Fv2%2Fcategories&post=45168"},{"taxonomy":"post_tag","embeddable":true,"href":"https:\/\/www.achimbrueckner.de\/dxradio\/php\/wordpress\/index.php?rest_route=%2Fwp%2Fv2%2Ftags&post=45168"}],"curies":[{"name":"wp","href":"https:\/\/api.w.org\/{rel}","templated":true}]}}