{"id":4518,"date":"2015-05-02T17:15:36","date_gmt":"2015-05-02T17:15:36","guid":{"rendered":"https:\/\/www.achimbrueckner.de\/dxradio\/php\/wordpress\/?p=4518"},"modified":"2015-05-02T17:15:36","modified_gmt":"2015-05-02T17:15:36","slug":"der-aargau-hat-seit-25-jahren-ein-privatradio","status":"publish","type":"post","link":"https:\/\/www.achimbrueckner.de\/dxradio\/php\/wordpress\/?p=4518","title":{"rendered":"Der Aargau hat seit 25 Jahren ein Privatradio"},"content":{"rendered":"<p><a href=\"http:\/\/www.srf.ch\/news\/regional\/aargau-solothurn\/der-aargau-hat-seit-25-jahren-ein-privatradio\" target=\"_blank\">http:\/\/www.srf.ch\/news\/regional\/aargau-solothurn\/der-aargau-hat-seit-25-jahren-ein-privatradio<\/a><\/p>\n","protected":false},"excerpt":{"rendered":"<p>http:\/\/www.srf.ch\/news\/regional\/aargau-solothurn\/der-aargau-hat-seit-25-jahren-ein-privatradio<\/p>\n","protected":false},"author":1,"featured_media":0,"comment_status":"open","ping_status":"open","sticky":false,"template":"","format":"standard","meta":{"_jetpack_memberships_contains_paid_content":false,"footnotes":"","jetpack_publicize_message":"","jetpack_publicize_feature_enabled":true,"jetpack_social_post_already_shared":true,"jetpack_social_options":{"image_generator_settings":{"template":"highway","default_image_id":0,"font":"","enabled":false},"version":2}},"categories":[1],"tags":[],"class_list":["post-4518","post","type-post","status-publish","format-standard","hentry","category-deutsch"],"jetpack_publicize_connections":[],"jetpack_featured_media_url":"","jetpack_sharing_enabled":true,"jetpack_shortlink":"https:\/\/wp.me\/p5CDmr-1aS","jetpack-related-posts":[{"id":14436,"url":"https:\/\/www.achimbrueckner.de\/dxradio\/php\/wordpress\/?p=14436","url_meta":{"origin":4518,"position":0},"title":"Radio Kanal K 30 Jahre Musik gegen den Strom","author":"Administrator","date":"September 4, 2017","format":false,"excerpt":"https:\/\/www.srf.ch\/news\/regional\/aargau-solothurn\/30-jahre-musik-gegen-den-strom","rel":"","context":"In &quot;Deutsch&quot;","block_context":{"text":"Deutsch","link":"https:\/\/www.achimbrueckner.de\/dxradio\/php\/wordpress\/?cat=1"},"img":{"alt_text":"","src":"","width":0,"height":0},"classes":[]},{"id":28291,"url":"https:\/\/www.achimbrueckner.de\/dxradio\/php\/wordpress\/?p=28291","url_meta":{"origin":4518,"position":1},"title":"Radio wird zum Massenmedium &#8211; Hundert Jahre Radio und Aarau war zu Beginn mitten drin","author":"Administrator","date":"April 23, 2020","format":false,"excerpt":"https:\/\/www.srf.ch\/news\/regional\/aargau-solothurn\/radio-wird-zum-massenmedium-hundert-jahre-radio-und-aarau-war-zu-beginn-mitten-drin","rel":"","context":"In &quot;Deutsch&quot;","block_context":{"text":"Deutsch","link":"https:\/\/www.achimbrueckner.de\/dxradio\/php\/wordpress\/?cat=1"},"img":{"alt_text":"","src":"","width":0,"height":0},"classes":[]},{"id":19659,"url":"https:\/\/www.achimbrueckner.de\/dxradio\/php\/wordpress\/?p=19659","url_meta":{"origin":4518,"position":2},"title":"Seit 40 Jahren die Stimme der Zentralschweiz","author":"Administrator","date":"October 21, 2018","format":false,"excerpt":"https:\/\/www.srf.ch\/news\/regional\/zentralschweiz\/jubilaeum-regionaljournal-seit-40-jahren-die-stimme-der-zentralschweiz","rel":"","context":"In &quot;Deutsch&quot;","block_context":{"text":"Deutsch","link":"https:\/\/www.achimbrueckner.de\/dxradio\/php\/wordpress\/?cat=1"},"img":{"alt_text":"","src":"","width":0,"height":0},"classes":[]},{"id":17612,"url":"https:\/\/www.achimbrueckner.de\/dxradio\/php\/wordpress\/?p=17612","url_meta":{"origin":4518,"position":3},"title":"Radio Oberland feiert: Sender produziert seit 25 Jahren ein Programm f\u00fcr Einheimische","author":"Administrator","date":"May 3, 2018","format":false,"excerpt":"https:\/\/www.merkur.de\/lokales\/garmisch-partenkirchen\/garmisch-partenkirchen-ort28711\/radio-oberland-feiert-seit-25-jahren-produziert-sender-ein-programm-fuer-einheimische-9834680.html","rel":"","context":"In &quot;Deutsch&quot;","block_context":{"text":"Deutsch","link":"https:\/\/www.achimbrueckner.de\/dxradio\/php\/wordpress\/?cat=1"},"img":{"alt_text":"","src":"","width":0,"height":0},"classes":[]},{"id":25672,"url":"https:\/\/www.achimbrueckner.de\/dxradio\/php\/wordpress\/?p=25672","url_meta":{"origin":4518,"position":4},"title":"Soziale Medien: Sind sie nur ein tempor\u00e4res Ph\u00e4nomen?","author":"Administrator","date":"November 8, 2019","format":false,"excerpt":"https:\/\/www.aargauerzeitung.ch\/aargau\/lenzburg\/soziale-medien-sind-sie-nur-ein-temporaeres-phaenomen-135923667","rel":"","context":"In &quot;Deutsch&quot;","block_context":{"text":"Deutsch","link":"https:\/\/www.achimbrueckner.de\/dxradio\/php\/wordpress\/?cat=1"},"img":{"alt_text":"","src":"","width":0,"height":0},"classes":[]},{"id":5804,"url":"https:\/\/www.achimbrueckner.de\/dxradio\/php\/wordpress\/?p=5804","url_meta":{"origin":4518,"position":5},"title":"Einstellung Webpr\u00e4senz KWRS","author":"Administrator","date":"September 3, 2015","format":false,"excerpt":"Deutschland (Bayern): Nach 21 Jahren Betreuung der Internetpr\u00e4senz des Kurzwellenring S\u00fcd, seit 1999 unter www.kwrs.de, und vielen weiteren Engagements im Rahmen des Kurzwellenring S\u00fcd zieht Georg Einfalt zum Jahresende 2015 einen Schlussstrich. \u201eDie Attraktivit\u00e4t des Hobbys hat \u00fcber die letzten Jahre durch den Sendeschluss von immer mehr Kurzwellenstationen doch sehr\u2026","rel":"","context":"In &quot;Deutsch&quot;","block_context":{"text":"Deutsch","link":"https:\/\/www.achimbrueckner.de\/dxradio\/php\/wordpress\/?cat=1"},"img":{"alt_text":"","src":"","width":0,"height":0},"classes":[]}],"_links":{"self":[{"href":"https:\/\/www.achimbrueckner.de\/dxradio\/php\/wordpress\/index.php?rest_route=\/wp\/v2\/posts\/4518","targetHints":{"allow":["GET"]}}],"collection":[{"href":"https:\/\/www.achimbrueckner.de\/dxradio\/php\/wordpress\/index.php?rest_route=\/wp\/v2\/posts"}],"about":[{"href":"https:\/\/www.achimbrueckner.de\/dxradio\/php\/wordpress\/index.php?rest_route=\/wp\/v2\/types\/post"}],"author":[{"embeddable":true,"href":"https:\/\/www.achimbrueckner.de\/dxradio\/php\/wordpress\/index.php?rest_route=\/wp\/v2\/users\/1"}],"replies":[{"embeddable":true,"href":"https:\/\/www.achimbrueckner.de\/dxradio\/php\/wordpress\/index.php?rest_route=%2Fwp%2Fv2%2Fcomments&post=4518"}],"version-history":[{"count":0,"href":"https:\/\/www.achimbrueckner.de\/dxradio\/php\/wordpress\/index.php?rest_route=\/wp\/v2\/posts\/4518\/revisions"}],"wp:attachment":[{"href":"https:\/\/www.achimbrueckner.de\/dxradio\/php\/wordpress\/index.php?rest_route=%2Fwp%2Fv2%2Fmedia&parent=4518"}],"wp:term":[{"taxonomy":"category","embeddable":true,"href":"https:\/\/www.achimbrueckner.de\/dxradio\/php\/wordpress\/index.php?rest_route=%2Fwp%2Fv2%2Fcategories&post=4518"},{"taxonomy":"post_tag","embeddable":true,"href":"https:\/\/www.achimbrueckner.de\/dxradio\/php\/wordpress\/index.php?rest_route=%2Fwp%2Fv2%2Ftags&post=4518"}],"curies":[{"name":"wp","href":"https:\/\/api.w.org\/{rel}","templated":true}]}}