{"id":45188,"date":"2026-03-07T09:39:11","date_gmt":"2026-03-07T09:39:11","guid":{"rendered":"https:\/\/www.achimbrueckner.de\/dxradio\/php\/wordpress\/?p=45188"},"modified":"2026-03-07T09:39:11","modified_gmt":"2026-03-07T09:39:11","slug":"nominierungen-fur-den-lfk-medienpreis-2026-stehen-fest","status":"publish","type":"post","link":"https:\/\/www.achimbrueckner.de\/dxradio\/php\/wordpress\/?p=45188","title":{"rendered":"Nominierungen f\u00fcr den LFK-Medienpreis 2026 stehen fest"},"content":{"rendered":"<p><a href=\"https:\/\/www.radioszene.de\/211997\/lfk-medienpreis-2026-nominierungen.html\" target=\"_blank\">https:\/\/www.radioszene.de\/211997\/lfk-medienpreis-2026-nominierungen.html<\/a><\/p>\n","protected":false},"excerpt":{"rendered":"<p>https:\/\/www.radioszene.de\/211997\/lfk-medienpreis-2026-nominierungen.html<\/p>\n","protected":false},"author":1,"featured_media":0,"comment_status":"closed","ping_status":"open","sticky":false,"template":"","format":"standard","meta":{"_jetpack_memberships_contains_paid_content":false,"footnotes":"","jetpack_publicize_message":"","jetpack_publicize_feature_enabled":true,"jetpack_social_post_already_shared":true,"jetpack_social_options":{"image_generator_settings":{"template":"highway","default_image_id":0,"font":"","enabled":false},"version":2}},"categories":[1],"tags":[],"class_list":["post-45188","post","type-post","status-publish","format-standard","hentry","category-deutsch"],"jetpack_publicize_connections":[],"jetpack_featured_media_url":"","jetpack_sharing_enabled":true,"jetpack_shortlink":"https:\/\/wp.me\/p5CDmr-bKQ","jetpack-related-posts":[{"id":41236,"url":"https:\/\/www.achimbrueckner.de\/dxradio\/php\/wordpress\/?p=41236","url_meta":{"origin":45188,"position":0},"title":"LFK-Medienpreis 2024 f\u00fcr herausragende journalistische Leistungen aus Baden-W\u00fcrttemberg verliehen","author":"Administrator","date":"May 9, 2024","format":false,"excerpt":"https:\/\/www.radioszene.de\/186679\/lfk-medienpreis-2024.html","rel":"","context":"In &quot;Deutsch&quot;","block_context":{"text":"Deutsch","link":"https:\/\/www.achimbrueckner.de\/dxradio\/php\/wordpress\/?cat=1"},"img":{"alt_text":"","src":"","width":0,"height":0},"classes":[]},{"id":4595,"url":"https:\/\/www.achimbrueckner.de\/dxradio\/php\/wordpress\/?p=4595","url_meta":{"origin":45188,"position":1},"title":"LFK-Medienpreis 2015: Das sind die Preistr\u00e4ger","author":"Administrator","date":"May 12, 2015","format":false,"excerpt":"http:\/\/www.radioszene.de\/79738\/lfk-medienpreis-2015-preistraeger.html","rel":"","context":"In &quot;Deutsch&quot;","block_context":{"text":"Deutsch","link":"https:\/\/www.achimbrueckner.de\/dxradio\/php\/wordpress\/?cat=1"},"img":{"alt_text":"","src":"","width":0,"height":0},"classes":[]},{"id":17707,"url":"https:\/\/www.achimbrueckner.de\/dxradio\/php\/wordpress\/?p=17707","url_meta":{"origin":45188,"position":2},"title":"LfK vergibt Medienpreise 2018","author":"Administrator","date":"May 10, 2018","format":false,"excerpt":"http:\/\/www.radioszene.de\/122011\/lfk-medienpreis-2018.html","rel":"","context":"In &quot;Deutsch&quot;","block_context":{"text":"Deutsch","link":"https:\/\/www.achimbrueckner.de\/dxradio\/php\/wordpress\/?cat=1"},"img":{"alt_text":"","src":"","width":0,"height":0},"classes":[]},{"id":8249,"url":"https:\/\/www.achimbrueckner.de\/dxradio\/php\/wordpress\/?p=8249","url_meta":{"origin":45188,"position":3},"title":"Zum 25. Mal: LFK-Medienpreis vor tausend geladenen G\u00e4sten verliehen","author":"Administrator","date":"May 8, 2016","format":false,"excerpt":"http:\/\/www.radiowoche.de\/zum-25-mal-lfk-medienpreis-vor-tausend-geladenen-gaesten-verliehen\/","rel":"","context":"In &quot;Deutsch&quot;","block_context":{"text":"Deutsch","link":"https:\/\/www.achimbrueckner.de\/dxradio\/php\/wordpress\/?cat=1"},"img":{"alt_text":"","src":"","width":0,"height":0},"classes":[]},{"id":44271,"url":"https:\/\/www.achimbrueckner.de\/dxradio\/php\/wordpress\/?p=44271","url_meta":{"origin":45188,"position":4},"title":"Nieders\u00e4chsischer Medienpreis 2025: Die Nominierten stehen fest","author":"Administrator","date":"November 12, 2025","format":false,"excerpt":"https:\/\/www.radioszene.de\/207783\/niedersaechsischer-medienpreis-2025-nominierte.html","rel":"","context":"In &quot;Deutsch&quot;","block_context":{"text":"Deutsch","link":"https:\/\/www.achimbrueckner.de\/dxradio\/php\/wordpress\/?cat=1"},"img":{"alt_text":"","src":"","width":0,"height":0},"classes":[]},{"id":23696,"url":"https:\/\/www.achimbrueckner.de\/dxradio\/php\/wordpress\/?p=23696","url_meta":{"origin":45188,"position":5},"title":"DAB+ in Baden-W\u00fcrttemberg: LFK verl\u00e4ngert Bedarf f\u00fcr landesweiten DAB+ Multiplex bis 2026","author":"Administrator","date":"July 8, 2019","format":false,"excerpt":"https:\/\/www.dabplus.de\/2019\/07\/08\/dab-in-baden-wuerttemberg-lfk-verlaengert-bedarf-fuer-landesweiten-dab-multiplex-bis-2026\/","rel":"","context":"In &quot;Deutsch&quot;","block_context":{"text":"Deutsch","link":"https:\/\/www.achimbrueckner.de\/dxradio\/php\/wordpress\/?cat=1"},"img":{"alt_text":"","src":"","width":0,"height":0},"classes":[]}],"_links":{"self":[{"href":"https:\/\/www.achimbrueckner.de\/dxradio\/php\/wordpress\/index.php?rest_route=\/wp\/v2\/posts\/45188","targetHints":{"allow":["GET"]}}],"collection":[{"href":"https:\/\/www.achimbrueckner.de\/dxradio\/php\/wordpress\/index.php?rest_route=\/wp\/v2\/posts"}],"about":[{"href":"https:\/\/www.achimbrueckner.de\/dxradio\/php\/wordpress\/index.php?rest_route=\/wp\/v2\/types\/post"}],"author":[{"embeddable":true,"href":"https:\/\/www.achimbrueckner.de\/dxradio\/php\/wordpress\/index.php?rest_route=\/wp\/v2\/users\/1"}],"replies":[{"embeddable":true,"href":"https:\/\/www.achimbrueckner.de\/dxradio\/php\/wordpress\/index.php?rest_route=%2Fwp%2Fv2%2Fcomments&post=45188"}],"version-history":[{"count":0,"href":"https:\/\/www.achimbrueckner.de\/dxradio\/php\/wordpress\/index.php?rest_route=\/wp\/v2\/posts\/45188\/revisions"}],"wp:attachment":[{"href":"https:\/\/www.achimbrueckner.de\/dxradio\/php\/wordpress\/index.php?rest_route=%2Fwp%2Fv2%2Fmedia&parent=45188"}],"wp:term":[{"taxonomy":"category","embeddable":true,"href":"https:\/\/www.achimbrueckner.de\/dxradio\/php\/wordpress\/index.php?rest_route=%2Fwp%2Fv2%2Fcategories&post=45188"},{"taxonomy":"post_tag","embeddable":true,"href":"https:\/\/www.achimbrueckner.de\/dxradio\/php\/wordpress\/index.php?rest_route=%2Fwp%2Fv2%2Ftags&post=45188"}],"curies":[{"name":"wp","href":"https:\/\/api.w.org\/{rel}","templated":true}]}}