{"id":45193,"date":"2026-03-09T16:24:22","date_gmt":"2026-03-09T16:24:22","guid":{"rendered":"https:\/\/www.achimbrueckner.de\/dxradio\/php\/wordpress\/?p=45193"},"modified":"2026-03-09T16:24:22","modified_gmt":"2026-03-09T16:24:22","slug":"tschechien-slagr-radio-testet-auf-dab","status":"publish","type":"post","link":"https:\/\/www.achimbrueckner.de\/dxradio\/php\/wordpress\/?p=45193","title":{"rendered":"Tschechien: \u0160l\u00e1gr R\u00e1dio testet auf DAB+"},"content":{"rendered":"<p><a href=\"https:\/\/www.radioblog.eu\/2026\/03\/09\/tschechien-slagr-radio-testet-auf-dab\/\" target=\"_blank\">https:\/\/www.radioblog.eu\/2026\/03\/09\/tschechien-slagr-radio-testet-auf-dab\/<\/a><\/p>\n","protected":false},"excerpt":{"rendered":"<p>https:\/\/www.radioblog.eu\/2026\/03\/09\/tschechien-slagr-radio-testet-auf-dab\/<\/p>\n","protected":false},"author":1,"featured_media":0,"comment_status":"closed","ping_status":"open","sticky":false,"template":"","format":"standard","meta":{"_jetpack_memberships_contains_paid_content":false,"footnotes":"","jetpack_publicize_message":"","jetpack_publicize_feature_enabled":true,"jetpack_social_post_already_shared":true,"jetpack_social_options":{"image_generator_settings":{"template":"highway","default_image_id":0,"font":"","enabled":false},"version":2}},"categories":[1],"tags":[],"class_list":["post-45193","post","type-post","status-publish","format-standard","hentry","category-deutsch"],"jetpack_publicize_connections":[],"jetpack_featured_media_url":"","jetpack_sharing_enabled":true,"jetpack_shortlink":"https:\/\/wp.me\/p5CDmr-bKV","jetpack-related-posts":[{"id":43715,"url":"https:\/\/www.achimbrueckner.de\/dxradio\/php\/wordpress\/?p=43715","url_meta":{"origin":45193,"position":0},"title":"Tschechien: Comeback f\u00fcr Oldies Radio \u2013 Rock Radio Stage auf DAB+","author":"Administrator","date":"September 3, 2025","format":false,"excerpt":"https:\/\/www.radioblog.eu\/2025\/09\/02\/tschechien-comeback-fuer-oldies-radio-rock-radio-stage-auf-dab\/","rel":"","context":"In &quot;Deutsch&quot;","block_context":{"text":"Deutsch","link":"https:\/\/www.achimbrueckner.de\/dxradio\/php\/wordpress\/?cat=1"},"img":{"alt_text":"","src":"","width":0,"height":0},"classes":[]},{"id":42324,"url":"https:\/\/www.achimbrueckner.de\/dxradio\/php\/wordpress\/?p=42324","url_meta":{"origin":45193,"position":1},"title":"antenne WIESBADEN testet auf DAB+","author":"Administrator","date":"March 9, 2025","format":false,"excerpt":"https:\/\/www.radioblog.eu\/2025\/03\/08\/antenne-wiesbaden-testet-auf-dab\/","rel":"","context":"In &quot;Deutsch&quot;","block_context":{"text":"Deutsch","link":"https:\/\/www.achimbrueckner.de\/dxradio\/php\/wordpress\/?cat=1"},"img":{"alt_text":"","src":"","width":0,"height":0},"classes":[]},{"id":42618,"url":"https:\/\/www.achimbrueckner.de\/dxradio\/php\/wordpress\/?p=42618","url_meta":{"origin":45193,"position":2},"title":"Tschechien: Gro\u00dfe Privatradios starten auf DAB+","author":"Administrator","date":"April 18, 2025","format":false,"excerpt":"https:\/\/www.radioblog.eu\/2025\/04\/18\/tschechien-grosse-privatradios-starten-auf-dab\/","rel":"","context":"In &quot;Deutsch&quot;","block_context":{"text":"Deutsch","link":"https:\/\/www.achimbrueckner.de\/dxradio\/php\/wordpress\/?cat=1"},"img":{"alt_text":"","src":"","width":0,"height":0},"classes":[]},{"id":42986,"url":"https:\/\/www.achimbrueckner.de\/dxradio\/php\/wordpress\/?p=42986","url_meta":{"origin":45193,"position":3},"title":"Tschechien: \u010cesk\u00fd Blan\u00edk, Helax, Oldies und Hitr\u00e1dio 90 starten im Juli auf DAB+","author":"Administrator","date":"June 8, 2025","format":false,"excerpt":"https:\/\/www.radioblog.eu\/2025\/06\/08\/tschechien-cesky-blanik-helax-oldies-und-hitradio-90-starten-im-juli-auf-dab\/","rel":"","context":"In &quot;Deutsch&quot;","block_context":{"text":"Deutsch","link":"https:\/\/www.achimbrueckner.de\/dxradio\/php\/wordpress\/?cat=1"},"img":{"alt_text":"","src":"","width":0,"height":0},"classes":[]},{"id":43854,"url":"https:\/\/www.achimbrueckner.de\/dxradio\/php\/wordpress\/?p=43854","url_meta":{"origin":45193,"position":4},"title":"Niederlande: KilRock Radio testet auf Mittelwelle","author":"Administrator","date":"September 22, 2025","format":false,"excerpt":"https:\/\/www.radioblog.eu\/2025\/09\/22\/niederlande-kilrock-radio-testet-auf-mittelwelle\/","rel":"","context":"In &quot;Deutsch&quot;","block_context":{"text":"Deutsch","link":"https:\/\/www.achimbrueckner.de\/dxradio\/php\/wordpress\/?cat=1"},"img":{"alt_text":"","src":"","width":0,"height":0},"classes":[]},{"id":45208,"url":"https:\/\/www.achimbrueckner.de\/dxradio\/php\/wordpress\/?p=45208","url_meta":{"origin":45193,"position":5},"title":"NIUS \u2013 Das Radio jetzt auch auf DAB+ in S\u00fcdhessen","author":"Administrator","date":"March 10, 2026","format":false,"excerpt":"https:\/\/www.radioblog.eu\/2026\/03\/09\/nius-das-radio-jetzt-auch-auf-dab-in-suedhessen\/","rel":"","context":"In &quot;Deutsch&quot;","block_context":{"text":"Deutsch","link":"https:\/\/www.achimbrueckner.de\/dxradio\/php\/wordpress\/?cat=1"},"img":{"alt_text":"","src":"","width":0,"height":0},"classes":[]}],"_links":{"self":[{"href":"https:\/\/www.achimbrueckner.de\/dxradio\/php\/wordpress\/index.php?rest_route=\/wp\/v2\/posts\/45193","targetHints":{"allow":["GET"]}}],"collection":[{"href":"https:\/\/www.achimbrueckner.de\/dxradio\/php\/wordpress\/index.php?rest_route=\/wp\/v2\/posts"}],"about":[{"href":"https:\/\/www.achimbrueckner.de\/dxradio\/php\/wordpress\/index.php?rest_route=\/wp\/v2\/types\/post"}],"author":[{"embeddable":true,"href":"https:\/\/www.achimbrueckner.de\/dxradio\/php\/wordpress\/index.php?rest_route=\/wp\/v2\/users\/1"}],"replies":[{"embeddable":true,"href":"https:\/\/www.achimbrueckner.de\/dxradio\/php\/wordpress\/index.php?rest_route=%2Fwp%2Fv2%2Fcomments&post=45193"}],"version-history":[{"count":0,"href":"https:\/\/www.achimbrueckner.de\/dxradio\/php\/wordpress\/index.php?rest_route=\/wp\/v2\/posts\/45193\/revisions"}],"wp:attachment":[{"href":"https:\/\/www.achimbrueckner.de\/dxradio\/php\/wordpress\/index.php?rest_route=%2Fwp%2Fv2%2Fmedia&parent=45193"}],"wp:term":[{"taxonomy":"category","embeddable":true,"href":"https:\/\/www.achimbrueckner.de\/dxradio\/php\/wordpress\/index.php?rest_route=%2Fwp%2Fv2%2Fcategories&post=45193"},{"taxonomy":"post_tag","embeddable":true,"href":"https:\/\/www.achimbrueckner.de\/dxradio\/php\/wordpress\/index.php?rest_route=%2Fwp%2Fv2%2Ftags&post=45193"}],"curies":[{"name":"wp","href":"https:\/\/api.w.org\/{rel}","templated":true}]}}