{"id":45194,"date":"2026-03-09T16:25:00","date_gmt":"2026-03-09T16:25:00","guid":{"rendered":"https:\/\/www.achimbrueckner.de\/dxradio\/php\/wordpress\/?p=45194"},"modified":"2026-03-09T16:25:00","modified_gmt":"2026-03-09T16:25:00","slug":"schweiz-halbierungsinitiative-fur-rundfunkgebuhren-abgelehnt","status":"publish","type":"post","link":"https:\/\/www.achimbrueckner.de\/dxradio\/php\/wordpress\/?p=45194","title":{"rendered":"Schweiz: Halbierungsinitiative f\u00fcr Rundfunkgeb\u00fchren abgelehnt"},"content":{"rendered":"<p><a href=\"https:\/\/www.radioblog.eu\/2026\/03\/09\/schweiz-halbierungsinitiative-fuer-rundfunkgebuehren-abgelehnt\/\" target=\"_blank\">https:\/\/www.radioblog.eu\/2026\/03\/09\/schweiz-halbierungsinitiative-fuer-rundfunkgebuehren-abgelehnt\/<\/a><\/p>\n","protected":false},"excerpt":{"rendered":"<p>https:\/\/www.radioblog.eu\/2026\/03\/09\/schweiz-halbierungsinitiative-fuer-rundfunkgebuehren-abgelehnt\/<\/p>\n","protected":false},"author":1,"featured_media":0,"comment_status":"closed","ping_status":"open","sticky":false,"template":"","format":"standard","meta":{"_jetpack_memberships_contains_paid_content":false,"footnotes":"","jetpack_publicize_message":"","jetpack_publicize_feature_enabled":true,"jetpack_social_post_already_shared":true,"jetpack_social_options":{"image_generator_settings":{"template":"highway","default_image_id":0,"font":"","enabled":false},"version":2}},"categories":[1],"tags":[],"class_list":["post-45194","post","type-post","status-publish","format-standard","hentry","category-deutsch"],"jetpack_publicize_connections":[],"jetpack_featured_media_url":"","jetpack_sharing_enabled":true,"jetpack_shortlink":"https:\/\/wp.me\/p5CDmr-bKW","jetpack-related-posts":[{"id":4903,"url":"https:\/\/www.achimbrueckner.de\/dxradio\/php\/wordpress\/?p=4903","url_meta":{"origin":45194,"position":0},"title":"Schweiz: Ja zum neuen Radio- und Fernsehgesetz","author":"Administrator","date":"June 14, 2015","format":false,"excerpt":"http:\/\/www.nzz.ch\/schweiz\/erbschaftssteuer-klar-abgelehnt-1.18561923","rel":"","context":"In &quot;Deutsch&quot;","block_context":{"text":"Deutsch","link":"https:\/\/www.achimbrueckner.de\/dxradio\/php\/wordpress\/?cat=1"},"img":{"alt_text":"","src":"","width":0,"height":0},"classes":[]},{"id":17186,"url":"https:\/\/www.achimbrueckner.de\/dxradio\/php\/wordpress\/?p=17186","url_meta":{"origin":45194,"position":1},"title":"\u00d624-Antr\u00e4ge auf \u00f6sterreichweite Lizenz abgelehnt","author":"Administrator","date":"April 2, 2018","format":false,"excerpt":"http:\/\/www.radiowoche.de\/oe24-antrag-auf-oesterreichweite-lizenz-abgelehnt\/","rel":"","context":"In &quot;Deutsch&quot;","block_context":{"text":"Deutsch","link":"https:\/\/www.achimbrueckner.de\/dxradio\/php\/wordpress\/?cat=1"},"img":{"alt_text":"","src":"","width":0,"height":0},"classes":[]},{"id":21504,"url":"https:\/\/www.achimbrueckner.de\/dxradio\/php\/wordpress\/?p=21504","url_meta":{"origin":45194,"position":2},"title":"BR-Rundfunkrat Helmut Markwort als Kontrolleur abgelehnt","author":"Administrator","date":"February 11, 2019","format":false,"excerpt":"https:\/\/www.stuttgarter-zeitung.de\/inhalt.br-rundfunkrat-helmut-markwort-als-kontrolleur-abgelehnt.841ac181-961e-4635-82c8-b1e7407f3b71.html","rel":"","context":"In &quot;Deutsch&quot;","block_context":{"text":"Deutsch","link":"https:\/\/www.achimbrueckner.de\/dxradio\/php\/wordpress\/?cat=1"},"img":{"alt_text":"","src":"","width":0,"height":0},"classes":[]},{"id":10555,"url":"https:\/\/www.achimbrueckner.de\/dxradio\/php\/wordpress\/?p=10555","url_meta":{"origin":45194,"position":3},"title":"QSO abgelehnt! Weil wir in der Vergangenheit bereits ein QSO hatten\u2026","author":"Administrator","date":"October 1, 2016","format":false,"excerpt":"https:\/\/www.hamspirit.de\/6805\/qso-abgelehnt-weil-wir-in-der-vergangenheit-bereits-ein-qso-hatten\/","rel":"","context":"In &quot;Deutsch&quot;","block_context":{"text":"Deutsch","link":"https:\/\/www.achimbrueckner.de\/dxradio\/php\/wordpress\/?cat=1"},"img":{"alt_text":"","src":"","width":0,"height":0},"classes":[]},{"id":27018,"url":"https:\/\/www.achimbrueckner.de\/dxradio\/php\/wordpress\/?p=27018","url_meta":{"origin":45194,"position":4},"title":"Anzeigen abgelehnt Staatsanwalt konterkariert Buhrows Umweltsau-Entscheidung","author":"Administrator","date":"February 5, 2020","format":false,"excerpt":"https:\/\/www.dwdl.de\/nachrichten\/76080\/staatsanwalt_konterkariert_buhrows_umweltsauentscheidung\/","rel":"","context":"In &quot;Deutsch&quot;","block_context":{"text":"Deutsch","link":"https:\/\/www.achimbrueckner.de\/dxradio\/php\/wordpress\/?cat=1"},"img":{"alt_text":"","src":"","width":0,"height":0},"classes":[]},{"id":36802,"url":"https:\/\/www.achimbrueckner.de\/dxradio\/php\/wordpress\/?p=36802","url_meta":{"origin":45194,"position":5},"title":"Lizenzierung abgelehnt T\u00fcrkische Rundfunkbeh\u00f6rde sperrt die Deutsche Welle","author":"Administrator","date":"July 2, 2022","format":false,"excerpt":"https:\/\/www.dwdl.de\/nachrichten\/88594\/tuerkische_rundfunkbehoerde_sperrt_die_deutsche_welle\/","rel":"","context":"In &quot;Deutsch&quot;","block_context":{"text":"Deutsch","link":"https:\/\/www.achimbrueckner.de\/dxradio\/php\/wordpress\/?cat=1"},"img":{"alt_text":"","src":"","width":0,"height":0},"classes":[]}],"_links":{"self":[{"href":"https:\/\/www.achimbrueckner.de\/dxradio\/php\/wordpress\/index.php?rest_route=\/wp\/v2\/posts\/45194","targetHints":{"allow":["GET"]}}],"collection":[{"href":"https:\/\/www.achimbrueckner.de\/dxradio\/php\/wordpress\/index.php?rest_route=\/wp\/v2\/posts"}],"about":[{"href":"https:\/\/www.achimbrueckner.de\/dxradio\/php\/wordpress\/index.php?rest_route=\/wp\/v2\/types\/post"}],"author":[{"embeddable":true,"href":"https:\/\/www.achimbrueckner.de\/dxradio\/php\/wordpress\/index.php?rest_route=\/wp\/v2\/users\/1"}],"replies":[{"embeddable":true,"href":"https:\/\/www.achimbrueckner.de\/dxradio\/php\/wordpress\/index.php?rest_route=%2Fwp%2Fv2%2Fcomments&post=45194"}],"version-history":[{"count":0,"href":"https:\/\/www.achimbrueckner.de\/dxradio\/php\/wordpress\/index.php?rest_route=\/wp\/v2\/posts\/45194\/revisions"}],"wp:attachment":[{"href":"https:\/\/www.achimbrueckner.de\/dxradio\/php\/wordpress\/index.php?rest_route=%2Fwp%2Fv2%2Fmedia&parent=45194"}],"wp:term":[{"taxonomy":"category","embeddable":true,"href":"https:\/\/www.achimbrueckner.de\/dxradio\/php\/wordpress\/index.php?rest_route=%2Fwp%2Fv2%2Fcategories&post=45194"},{"taxonomy":"post_tag","embeddable":true,"href":"https:\/\/www.achimbrueckner.de\/dxradio\/php\/wordpress\/index.php?rest_route=%2Fwp%2Fv2%2Ftags&post=45194"}],"curies":[{"name":"wp","href":"https:\/\/api.w.org\/{rel}","templated":true}]}}