{"id":45211,"date":"2026-03-11T16:57:53","date_gmt":"2026-03-11T16:57:53","guid":{"rendered":"https:\/\/www.achimbrueckner.de\/dxradio\/php\/wordpress\/?p=45211"},"modified":"2026-03-11T16:57:53","modified_gmt":"2026-03-11T16:57:53","slug":"westfalische-medien-holding-wird-teil-der-rheinische-post-mediengruppe-diese-radiostationen-sind-betroffen","status":"publish","type":"post","link":"https:\/\/www.achimbrueckner.de\/dxradio\/php\/wordpress\/?p=45211","title":{"rendered":"Westf\u00e4lische Medien Holding wird Teil der Rheinische Post Mediengruppe: Diese Radiostationen sind betroffen"},"content":{"rendered":"<p><a href=\"https:\/\/www.radioblog.eu\/2026\/03\/11\/westfaelische-medien-holding-wird-teil-der-rheinische-post-mediengruppe-diese-radiostationen-sind-betroffen\/\" target=\"_blank\">https:\/\/www.radioblog.eu\/2026\/03\/11\/westfaelische-medien-holding-wird-teil-der-rheinische-post-mediengruppe-diese-radiostationen-sind-betroffen\/<\/a><\/p>\n","protected":false},"excerpt":{"rendered":"<p>https:\/\/www.radioblog.eu\/2026\/03\/11\/westfaelische-medien-holding-wird-teil-der-rheinische-post-mediengruppe-diese-radiostationen-sind-betroffen\/<\/p>\n","protected":false},"author":1,"featured_media":0,"comment_status":"closed","ping_status":"open","sticky":false,"template":"","format":"standard","meta":{"_jetpack_memberships_contains_paid_content":false,"footnotes":"","jetpack_publicize_message":"","jetpack_publicize_feature_enabled":true,"jetpack_social_post_already_shared":true,"jetpack_social_options":{"image_generator_settings":{"template":"highway","default_image_id":0,"font":"","enabled":false},"version":2}},"categories":[1],"tags":[],"class_list":["post-45211","post","type-post","status-publish","format-standard","hentry","category-deutsch"],"jetpack_publicize_connections":[],"jetpack_featured_media_url":"","jetpack_sharing_enabled":true,"jetpack_shortlink":"https:\/\/wp.me\/p5CDmr-bLd","jetpack-related-posts":[{"id":22993,"url":"https:\/\/www.achimbrueckner.de\/dxradio\/php\/wordpress\/?p=22993","url_meta":{"origin":45211,"position":0},"title":"RTL Radio k\u00fcnftig Teil der Mediengruppe RTL Deutschland","author":"Administrator","date":"May 7, 2019","format":false,"excerpt":"https:\/\/www.dwdl.de\/nachrichten\/72199\/rtl_radio_kuenftig_teil_der_mediengruppe_rtl_deutschland\/","rel":"","context":"In &quot;Deutsch&quot;","block_context":{"text":"Deutsch","link":"https:\/\/www.achimbrueckner.de\/dxradio\/php\/wordpress\/?cat=1"},"img":{"alt_text":"","src":"","width":0,"height":0},"classes":[]},{"id":39645,"url":"https:\/\/www.achimbrueckner.de\/dxradio\/php\/wordpress\/?p=39645","url_meta":{"origin":45211,"position":1},"title":"Radio Forum als Webradio zur\u00fcck!","author":"Administrator","date":"June 13, 2023","format":false,"excerpt":"Radio Forum als Webradio zur\u00fcck! Radio Forum, ein Pionier aus Lothringen, geh\u00f6rte in den 1980iger Jahren zu den Radiostationen, welche gezielt in Richtung Saarland sendeten. Mitte 2023 wurde ein Webstream gestartet: https:\/\/www.radio-forum2.de\/ Radio Forum - Wir H\u00f6ren uns Das Webradio wird von Bernd Sambo betrieben - mit dem ehemaligen UKW-Sender\u2026","rel":"","context":"In &quot;Deutsch&quot;","block_context":{"text":"Deutsch","link":"https:\/\/www.achimbrueckner.de\/dxradio\/php\/wordpress\/?cat=1"},"img":{"alt_text":"","src":"","width":0,"height":0},"classes":[]},{"id":20838,"url":"https:\/\/www.achimbrueckner.de\/dxradio\/php\/wordpress\/?p=20838","url_meta":{"origin":45211,"position":2},"title":"Mediengruppe RTL startet regelm\u00e4\u00dfigen B2B-Podcast.","author":"Administrator","date":"January 9, 2019","format":false,"excerpt":"http:\/\/www.turi2.de\/aktuell\/mediengruppe-rtl-startet-unternehmens-podcast\/","rel":"","context":"In &quot;Deutsch&quot;","block_context":{"text":"Deutsch","link":"https:\/\/www.achimbrueckner.de\/dxradio\/php\/wordpress\/?cat=1"},"img":{"alt_text":"","src":"","width":0,"height":0},"classes":[]},{"id":28254,"url":"https:\/\/www.achimbrueckner.de\/dxradio\/php\/wordpress\/?p=28254","url_meta":{"origin":45211,"position":3},"title":"CHINESISCHER STAATSKONZERN \u00dcBERNIMMT MEHRHEIT IN TSCHECHISCHER MEDIENGRUPPE","author":"Administrator","date":"April 21, 2020","format":false,"excerpt":"https:\/\/www.radio.cz\/de\/rubrik\/nachrichten\/chinesischer-staatskonzern-uebernimmt-mehrheit-in-tschechischer-mediengruppe","rel":"","context":"In &quot;Deutsch&quot;","block_context":{"text":"Deutsch","link":"https:\/\/www.achimbrueckner.de\/dxradio\/php\/wordpress\/?cat=1"},"img":{"alt_text":"","src":"","width":0,"height":0},"classes":[]},{"id":31131,"url":"https:\/\/www.achimbrueckner.de\/dxradio\/php\/wordpress\/?p=31131","url_meta":{"origin":45211,"position":4},"title":"Mediengruppe RTL testet im Netz Live-Formate zu Nachrichten","author":"Administrator","date":"December 14, 2020","format":false,"excerpt":"https:\/\/www.heise.de\/news\/Mediengruppe-RTL-testet-im-Netz-Live-Formate-zu-Nachrichten-4988181.html","rel":"","context":"In &quot;Deutsch&quot;","block_context":{"text":"Deutsch","link":"https:\/\/www.achimbrueckner.de\/dxradio\/php\/wordpress\/?cat=1"},"img":{"alt_text":"","src":"","width":0,"height":0},"classes":[]},{"id":25669,"url":"https:\/\/www.achimbrueckner.de\/dxradio\/php\/wordpress\/?p=25669","url_meta":{"origin":45211,"position":5},"title":"Ausbau des Radiogesch\u00e4fts: Mediengruppe Klambt plant reinen Nachrichtensender f\u00fcr Hamburg","author":"Administrator","date":"November 8, 2019","format":false,"excerpt":"https:\/\/meedia.de\/2019\/11\/06\/ausbau-des-radiogeschaefts-mediengruppe-klambt-plant-reinen-nachrichtensender-fuer-hamburg\/","rel":"","context":"In &quot;Deutsch&quot;","block_context":{"text":"Deutsch","link":"https:\/\/www.achimbrueckner.de\/dxradio\/php\/wordpress\/?cat=1"},"img":{"alt_text":"","src":"","width":0,"height":0},"classes":[]}],"_links":{"self":[{"href":"https:\/\/www.achimbrueckner.de\/dxradio\/php\/wordpress\/index.php?rest_route=\/wp\/v2\/posts\/45211","targetHints":{"allow":["GET"]}}],"collection":[{"href":"https:\/\/www.achimbrueckner.de\/dxradio\/php\/wordpress\/index.php?rest_route=\/wp\/v2\/posts"}],"about":[{"href":"https:\/\/www.achimbrueckner.de\/dxradio\/php\/wordpress\/index.php?rest_route=\/wp\/v2\/types\/post"}],"author":[{"embeddable":true,"href":"https:\/\/www.achimbrueckner.de\/dxradio\/php\/wordpress\/index.php?rest_route=\/wp\/v2\/users\/1"}],"replies":[{"embeddable":true,"href":"https:\/\/www.achimbrueckner.de\/dxradio\/php\/wordpress\/index.php?rest_route=%2Fwp%2Fv2%2Fcomments&post=45211"}],"version-history":[{"count":0,"href":"https:\/\/www.achimbrueckner.de\/dxradio\/php\/wordpress\/index.php?rest_route=\/wp\/v2\/posts\/45211\/revisions"}],"wp:attachment":[{"href":"https:\/\/www.achimbrueckner.de\/dxradio\/php\/wordpress\/index.php?rest_route=%2Fwp%2Fv2%2Fmedia&parent=45211"}],"wp:term":[{"taxonomy":"category","embeddable":true,"href":"https:\/\/www.achimbrueckner.de\/dxradio\/php\/wordpress\/index.php?rest_route=%2Fwp%2Fv2%2Fcategories&post=45211"},{"taxonomy":"post_tag","embeddable":true,"href":"https:\/\/www.achimbrueckner.de\/dxradio\/php\/wordpress\/index.php?rest_route=%2Fwp%2Fv2%2Ftags&post=45211"}],"curies":[{"name":"wp","href":"https:\/\/api.w.org\/{rel}","templated":true}]}}