{"id":45213,"date":"2026-03-11T16:58:56","date_gmt":"2026-03-11T16:58:56","guid":{"rendered":"https:\/\/www.achimbrueckner.de\/dxradio\/php\/wordpress\/?p=45213"},"modified":"2026-03-11T16:58:56","modified_gmt":"2026-03-11T16:58:56","slug":"osterreich-radius-106-6-kann-weitermachen","status":"publish","type":"post","link":"https:\/\/www.achimbrueckner.de\/dxradio\/php\/wordpress\/?p=45213","title":{"rendered":"\u00d6sterreich: radius 106.6 kann weitermachen"},"content":{"rendered":"<p><a href=\"https:\/\/www.radioblog.eu\/2026\/03\/11\/oesterreich-radius-106-6-kann-weitermachen\/\" target=\"_blank\">https:\/\/www.radioblog.eu\/2026\/03\/11\/oesterreich-radius-106-6-kann-weitermachen\/<\/a><\/p>\n","protected":false},"excerpt":{"rendered":"<p>https:\/\/www.radioblog.eu\/2026\/03\/11\/oesterreich-radius-106-6-kann-weitermachen\/<\/p>\n","protected":false},"author":1,"featured_media":0,"comment_status":"closed","ping_status":"open","sticky":false,"template":"","format":"standard","meta":{"_jetpack_memberships_contains_paid_content":false,"footnotes":"","jetpack_publicize_message":"","jetpack_publicize_feature_enabled":true,"jetpack_social_post_already_shared":true,"jetpack_social_options":{"image_generator_settings":{"template":"highway","default_image_id":0,"font":"","enabled":false},"version":2}},"categories":[1],"tags":[],"class_list":["post-45213","post","type-post","status-publish","format-standard","hentry","category-deutsch"],"jetpack_publicize_connections":[],"jetpack_featured_media_url":"","jetpack_sharing_enabled":true,"jetpack_shortlink":"https:\/\/wp.me\/p5CDmr-bLf","jetpack-related-posts":[{"id":42555,"url":"https:\/\/www.achimbrueckner.de\/dxradio\/php\/wordpress\/?p=42555","url_meta":{"origin":45213,"position":0},"title":"Bericht: Digital Classix und Mein Lieblingsradio wollen weitermachen","author":"Administrator","date":"April 10, 2025","format":false,"excerpt":"https:\/\/www.radioblog.eu\/2025\/04\/09\/bericht-digital-classix-und-mein-lieblingsradio-wollen-weitermachen\/","rel":"","context":"In &quot;Deutsch&quot;","block_context":{"text":"Deutsch","link":"https:\/\/www.achimbrueckner.de\/dxradio\/php\/wordpress\/?cat=1"},"img":{"alt_text":"","src":"","width":0,"height":0},"classes":[]},{"id":45159,"url":"https:\/\/www.achimbrueckner.de\/dxradio\/php\/wordpress\/?p=45159","url_meta":{"origin":45213,"position":1},"title":"\u00d6sterreich: Stadtradio 1 vergr\u00f6\u00dfert Sendegebiet","author":"Administrator","date":"March 4, 2026","format":false,"excerpt":"https:\/\/www.radioblog.eu\/2026\/03\/04\/oesterreich-stadtradio-1-vergroessert-sendegebiet\/","rel":"","context":"In &quot;Deutsch&quot;","block_context":{"text":"Deutsch","link":"https:\/\/www.achimbrueckner.de\/dxradio\/php\/wordpress\/?cat=1"},"img":{"alt_text":"","src":"","width":0,"height":0},"classes":[]},{"id":45153,"url":"https:\/\/www.achimbrueckner.de\/dxradio\/php\/wordpress\/?p=45153","url_meta":{"origin":45213,"position":2},"title":"\u00d6sterreich: Austrian Power Radio nicht mehr auf Sendung","author":"Administrator","date":"March 3, 2026","format":false,"excerpt":"https:\/\/www.radioblog.eu\/2026\/03\/03\/oesterreich-austrian-power-radio-nicht-mehr-auf-sendung\/","rel":"","context":"In &quot;Deutsch&quot;","block_context":{"text":"Deutsch","link":"https:\/\/www.achimbrueckner.de\/dxradio\/php\/wordpress\/?cat=1"},"img":{"alt_text":"","src":"","width":0,"height":0},"classes":[]},{"id":45176,"url":"https:\/\/www.achimbrueckner.de\/dxradio\/php\/wordpress\/?p=45176","url_meta":{"origin":45213,"position":3},"title":"\u00d6sterreich: Austrian International Radio k\u00fcndigt Sendestart an","author":"Administrator","date":"March 6, 2026","format":false,"excerpt":"https:\/\/www.radioblog.eu\/2026\/03\/06\/oesterreich-austrian-international-radio-kuendigt-sendestart-an\/","rel":"","context":"In &quot;Deutsch&quot;","block_context":{"text":"Deutsch","link":"https:\/\/www.achimbrueckner.de\/dxradio\/php\/wordpress\/?cat=1"},"img":{"alt_text":"","src":"","width":0,"height":0},"classes":[]},{"id":45223,"url":"https:\/\/www.achimbrueckner.de\/dxradio\/php\/wordpress\/?p=45223","url_meta":{"origin":45213,"position":4},"title":"\u00d6sterreich: Aus oe24 Radio soll Schlagerwelle werden","author":"Administrator","date":"March 12, 2026","format":false,"excerpt":"https:\/\/www.radioblog.eu\/2026\/03\/12\/oesterreich-aus-oe24-radio-soll-schlagerwelle-werden\/","rel":"","context":"In &quot;Deutsch&quot;","block_context":{"text":"Deutsch","link":"https:\/\/www.achimbrueckner.de\/dxradio\/php\/wordpress\/?cat=1"},"img":{"alt_text":"","src":"","width":0,"height":0},"classes":[]},{"id":45224,"url":"https:\/\/www.achimbrueckner.de\/dxradio\/php\/wordpress\/?p=45224","url_meta":{"origin":45213,"position":5},"title":"\u00d6sterreich: Austrian International Radio startet Testbetrieb im Internet","author":"Administrator","date":"March 12, 2026","format":false,"excerpt":"https:\/\/www.radioblog.eu\/2026\/03\/12\/oesterreich-austrian-international-radio-startet-testbetrieb-im-internet\/","rel":"","context":"In &quot;Deutsch&quot;","block_context":{"text":"Deutsch","link":"https:\/\/www.achimbrueckner.de\/dxradio\/php\/wordpress\/?cat=1"},"img":{"alt_text":"","src":"","width":0,"height":0},"classes":[]}],"_links":{"self":[{"href":"https:\/\/www.achimbrueckner.de\/dxradio\/php\/wordpress\/index.php?rest_route=\/wp\/v2\/posts\/45213","targetHints":{"allow":["GET"]}}],"collection":[{"href":"https:\/\/www.achimbrueckner.de\/dxradio\/php\/wordpress\/index.php?rest_route=\/wp\/v2\/posts"}],"about":[{"href":"https:\/\/www.achimbrueckner.de\/dxradio\/php\/wordpress\/index.php?rest_route=\/wp\/v2\/types\/post"}],"author":[{"embeddable":true,"href":"https:\/\/www.achimbrueckner.de\/dxradio\/php\/wordpress\/index.php?rest_route=\/wp\/v2\/users\/1"}],"replies":[{"embeddable":true,"href":"https:\/\/www.achimbrueckner.de\/dxradio\/php\/wordpress\/index.php?rest_route=%2Fwp%2Fv2%2Fcomments&post=45213"}],"version-history":[{"count":0,"href":"https:\/\/www.achimbrueckner.de\/dxradio\/php\/wordpress\/index.php?rest_route=\/wp\/v2\/posts\/45213\/revisions"}],"wp:attachment":[{"href":"https:\/\/www.achimbrueckner.de\/dxradio\/php\/wordpress\/index.php?rest_route=%2Fwp%2Fv2%2Fmedia&parent=45213"}],"wp:term":[{"taxonomy":"category","embeddable":true,"href":"https:\/\/www.achimbrueckner.de\/dxradio\/php\/wordpress\/index.php?rest_route=%2Fwp%2Fv2%2Fcategories&post=45213"},{"taxonomy":"post_tag","embeddable":true,"href":"https:\/\/www.achimbrueckner.de\/dxradio\/php\/wordpress\/index.php?rest_route=%2Fwp%2Fv2%2Ftags&post=45213"}],"curies":[{"name":"wp","href":"https:\/\/api.w.org\/{rel}","templated":true}]}}