{"id":45216,"date":"2026-03-11T17:03:18","date_gmt":"2026-03-11T17:03:18","guid":{"rendered":"https:\/\/www.achimbrueckner.de\/dxradio\/php\/wordpress\/?p=45216"},"modified":"2026-03-11T17:03:18","modified_gmt":"2026-03-11T17:03:18","slug":"deutschlandradio-soll-mehr-stimmen-ins-programm-holen","status":"publish","type":"post","link":"https:\/\/www.achimbrueckner.de\/dxradio\/php\/wordpress\/?p=45216","title":{"rendered":"Deutschlandradio soll mehr Stimmen ins Programm holen"},"content":{"rendered":"<p><a href=\"https:\/\/www.radioszene.de\/212103\/deutschlandradio-soll-mehr-stimmen-ins-programm-holen.html\" target=\"_blank\">https:\/\/www.radioszene.de\/212103\/deutschlandradio-soll-mehr-stimmen-ins-programm-holen.html<\/a><\/p>\n","protected":false},"excerpt":{"rendered":"<p>https:\/\/www.radioszene.de\/212103\/deutschlandradio-soll-mehr-stimmen-ins-programm-holen.html<\/p>\n","protected":false},"author":1,"featured_media":0,"comment_status":"closed","ping_status":"open","sticky":false,"template":"","format":"standard","meta":{"_jetpack_memberships_contains_paid_content":false,"footnotes":"","jetpack_publicize_message":"","jetpack_publicize_feature_enabled":true,"jetpack_social_post_already_shared":true,"jetpack_social_options":{"image_generator_settings":{"template":"highway","default_image_id":0,"font":"","enabled":false},"version":2}},"categories":[1],"tags":[],"class_list":["post-45216","post","type-post","status-publish","format-standard","hentry","category-deutsch"],"jetpack_publicize_connections":[],"jetpack_featured_media_url":"","jetpack_sharing_enabled":true,"jetpack_shortlink":"https:\/\/wp.me\/p5CDmr-bLi","jetpack-related-posts":[{"id":18393,"url":"https:\/\/www.achimbrueckner.de\/dxradio\/php\/wordpress\/?p=18393","url_meta":{"origin":45216,"position":0},"title":"Deutschlandradio k\u00fcrzt sein Programm &#8220;Die Nerven liegen blank&#8221;","author":"Administrator","date":"June 28, 2018","format":false,"excerpt":"http:\/\/www.spiegel.de\/kultur\/gesellschaft\/deutschlandradio-kuerzt-sein-programm-die-nerven-liegen-blank-a-1215120.html","rel":"","context":"In &quot;Deutsch&quot;","block_context":{"text":"Deutsch","link":"https:\/\/www.achimbrueckner.de\/dxradio\/php\/wordpress\/?cat=1"},"img":{"alt_text":"","src":"","width":0,"height":0},"classes":[]},{"id":12925,"url":"https:\/\/www.achimbrueckner.de\/dxradio\/php\/wordpress\/?p=12925","url_meta":{"origin":45216,"position":1},"title":"Stefan Raue soll Deutschlandradio f\u00fchren Die Ein-Mann-Wahl","author":"Administrator","date":"April 19, 2017","format":false,"excerpt":"http:\/\/www.tagesspiegel.de\/medien\/stefan-raue-soll-deutschlandradio-fuehren-die-ein-mann-wahl\/19690498.html","rel":"","context":"In &quot;Deutsch&quot;","block_context":{"text":"Deutsch","link":"https:\/\/www.achimbrueckner.de\/dxradio\/php\/wordpress\/?cat=1"},"img":{"alt_text":"","src":"","width":0,"height":0},"classes":[]},{"id":43682,"url":"https:\/\/www.achimbrueckner.de\/dxradio\/php\/wordpress\/?p=43682","url_meta":{"origin":45216,"position":2},"title":"Nach 15 Jahren: dein fm wird eingestellt \u2013 Sp\u00e4tschicht zieht ins Lokalradio ein.","author":"Administrator","date":"August 29, 2025","format":false,"excerpt":"Nach 15 Jahren: dein fm wird eingestellt \u2013 Sp\u00e4tschicht zieht ins Lokalradio ein. Nach rund 15 Jahren wird der Radiosender dein fm eingestellt. Eine \u00dcberf\u00fchrung des Senders ins Digitalradio (DAB+) ist derzeit nicht geplant. Damit endet eine \u00c4ra f\u00fcr viele treue H\u00f6rerinnen und H\u00f6rer, die den lokalen Radiosender \u00fcber die\u2026","rel":"","context":"In &quot;Deutsch&quot;","block_context":{"text":"Deutsch","link":"https:\/\/www.achimbrueckner.de\/dxradio\/php\/wordpress\/?cat=1"},"img":{"alt_text":"","src":"","width":0,"height":0},"classes":[]},{"id":43446,"url":"https:\/\/www.achimbrueckner.de\/dxradio\/php\/wordpress\/?p=43446","url_meta":{"origin":45216,"position":3},"title":"Perfide T\u00e4uschung mit Deepfakes &#8211; Betrugsmasche mit KI-Stimmen","author":"Administrator","date":"July 30, 2025","format":false,"excerpt":"https:\/\/www.radioeins.de\/programm\/sendungen\/mofr1013\/online_onair\/deepfake-betrugsmasche-ki-stimme.html","rel":"","context":"In &quot;Deutsch&quot;","block_context":{"text":"Deutsch","link":"https:\/\/www.achimbrueckner.de\/dxradio\/php\/wordpress\/?cat=1"},"img":{"alt_text":"","src":"","width":0,"height":0},"classes":[]},{"id":31082,"url":"https:\/\/www.achimbrueckner.de\/dxradio\/php\/wordpress\/?p=31082","url_meta":{"origin":45216,"position":4},"title":"Rundfunkbeitrag: ARD droht mit Einschnitten im Programm","author":"Administrator","date":"December 10, 2020","format":false,"excerpt":"https:\/\/www.teltarif.de\/ard-zdf-deutschlandradio-rundfunkbeitrag\/news\/82845.html","rel":"","context":"In &quot;Deutsch&quot;","block_context":{"text":"Deutsch","link":"https:\/\/www.achimbrueckner.de\/dxradio\/php\/wordpress\/?cat=1"},"img":{"alt_text":"","src":"","width":0,"height":0},"classes":[]},{"id":5598,"url":"https:\/\/www.achimbrueckner.de\/dxradio\/php\/wordpress\/?p=5598","url_meta":{"origin":45216,"position":5},"title":"Angestrebter Frequenztausch von AFN und Deutschlandradio","author":"Administrator","date":"August 17, 2015","format":false,"excerpt":"http:\/\/www.radioeins.de\/programm\/sendungen\/medienmagazin\/radio_news\/beitraege\/2015\/feldberg.html","rel":"","context":"In &quot;Deutsch&quot;","block_context":{"text":"Deutsch","link":"https:\/\/www.achimbrueckner.de\/dxradio\/php\/wordpress\/?cat=1"},"img":{"alt_text":"","src":"","width":0,"height":0},"classes":[]}],"_links":{"self":[{"href":"https:\/\/www.achimbrueckner.de\/dxradio\/php\/wordpress\/index.php?rest_route=\/wp\/v2\/posts\/45216","targetHints":{"allow":["GET"]}}],"collection":[{"href":"https:\/\/www.achimbrueckner.de\/dxradio\/php\/wordpress\/index.php?rest_route=\/wp\/v2\/posts"}],"about":[{"href":"https:\/\/www.achimbrueckner.de\/dxradio\/php\/wordpress\/index.php?rest_route=\/wp\/v2\/types\/post"}],"author":[{"embeddable":true,"href":"https:\/\/www.achimbrueckner.de\/dxradio\/php\/wordpress\/index.php?rest_route=\/wp\/v2\/users\/1"}],"replies":[{"embeddable":true,"href":"https:\/\/www.achimbrueckner.de\/dxradio\/php\/wordpress\/index.php?rest_route=%2Fwp%2Fv2%2Fcomments&post=45216"}],"version-history":[{"count":0,"href":"https:\/\/www.achimbrueckner.de\/dxradio\/php\/wordpress\/index.php?rest_route=\/wp\/v2\/posts\/45216\/revisions"}],"wp:attachment":[{"href":"https:\/\/www.achimbrueckner.de\/dxradio\/php\/wordpress\/index.php?rest_route=%2Fwp%2Fv2%2Fmedia&parent=45216"}],"wp:term":[{"taxonomy":"category","embeddable":true,"href":"https:\/\/www.achimbrueckner.de\/dxradio\/php\/wordpress\/index.php?rest_route=%2Fwp%2Fv2%2Fcategories&post=45216"},{"taxonomy":"post_tag","embeddable":true,"href":"https:\/\/www.achimbrueckner.de\/dxradio\/php\/wordpress\/index.php?rest_route=%2Fwp%2Fv2%2Ftags&post=45216"}],"curies":[{"name":"wp","href":"https:\/\/api.w.org\/{rel}","templated":true}]}}