{"id":4528,"date":"2015-05-04T20:31:41","date_gmt":"2015-05-04T20:31:41","guid":{"rendered":"https:\/\/www.achimbrueckner.de\/dxradio\/php\/wordpress\/?p=4528"},"modified":"2015-05-04T20:31:41","modified_gmt":"2015-05-04T20:31:41","slug":"sendet-rtl-radio-von-heusweiler","status":"publish","type":"post","link":"https:\/\/www.achimbrueckner.de\/dxradio\/php\/wordpress\/?p=4528","title":{"rendered":"Sendet RTL-Radio von Heusweiler?"},"content":{"rendered":"<p><a href=\"http:\/\/www.saarbruecker-zeitung.de\/saarland\/koellertal\/heusweiler\/heusweiler\/Heusweiler-Feuerwehren-Gebaeude-Luxemburgische-Konzerne-Luxemburgische-Unternehmen-Schwimmbaeder;art446759,5731913\" target=\"_blank\">http:\/\/www.saarbruecker-zeitung.de\/saarland\/koellertal\/heusweiler\/heusweiler\/Heusweiler-Feuerwehren-Gebaeude-Luxemburgische-Konzerne-Luxemburgische-Unternehmen-Schwimmbaeder;art446759,5731913<\/a><\/p>\n","protected":false},"excerpt":{"rendered":"<p>http:\/\/www.saarbruecker-zeitung.de\/saarland\/koellertal\/heusweiler\/heusweiler\/Heusweiler-Feuerwehren-Gebaeude-Luxemburgische-Konzerne-Luxemburgische-Unternehmen-Schwimmbaeder;art446759,5731913<\/p>\n","protected":false},"author":1,"featured_media":0,"comment_status":"open","ping_status":"open","sticky":false,"template":"","format":"standard","meta":{"_jetpack_memberships_contains_paid_content":false,"footnotes":"","jetpack_publicize_message":"","jetpack_publicize_feature_enabled":true,"jetpack_social_post_already_shared":true,"jetpack_social_options":{"image_generator_settings":{"template":"highway","default_image_id":0,"font":"","enabled":false},"version":2}},"categories":[1],"tags":[],"class_list":["post-4528","post","type-post","status-publish","format-standard","hentry","category-deutsch"],"jetpack_publicize_connections":[],"jetpack_featured_media_url":"","jetpack_sharing_enabled":true,"jetpack_shortlink":"https:\/\/wp.me\/p5CDmr-1b2","jetpack-related-posts":[{"id":4140,"url":"https:\/\/www.achimbrueckner.de\/dxradio\/php\/wordpress\/?p=4140","url_meta":{"origin":4528,"position":0},"title":"Das ist der Gipfel in Heusweiler Gr\u00f6\u00dfere Reichweite: SR erweitert die Technik des Senders auf der G\u00f6ttelborner H\u00f6he","author":"Administrator","date":"February 25, 2015","format":false,"excerpt":"http:\/\/www.saarbruecker-zeitung.de\/saarland\/koellertal\/heusweiler\/heusweiler\/Heusweiler-Antennen-Fernsehen-Meeresspiegel-Ultrakurzwelle;art446759,5635708","rel":"","context":"In &quot;Deutsch&quot;","block_context":{"text":"Deutsch","link":"https:\/\/www.achimbrueckner.de\/dxradio\/php\/wordpress\/?cat=1"},"img":{"alt_text":"","src":"","width":0,"height":0},"classes":[]},{"id":4014,"url":"https:\/\/www.achimbrueckner.de\/dxradio\/php\/wordpress\/?p=4014","url_meta":{"origin":4528,"position":1},"title":"Tage des Heusweiler Senders sind gez\u00e4hlt","author":"Administrator","date":"January 24, 2015","format":false,"excerpt":"http:\/\/www.saarbruecker-zeitung.de\/saarland\/koellertal\/heusweiler\/heusweiler\/Heusweiler-Antennen-Hoerfunksendungen-und-Serien-Jahr-1973-Jahr-1994-Jahr-2015-Rundfunkhaeuser-Ultrakurzwelle;art446759,5598107 Info via A-DX","rel":"","context":"In &quot;Deutsch&quot;","block_context":{"text":"Deutsch","link":"https:\/\/www.achimbrueckner.de\/dxradio\/php\/wordpress\/?cat=1"},"img":{"alt_text":"","src":"","width":0,"height":0},"classes":[]},{"id":4544,"url":"https:\/\/www.achimbrueckner.de\/dxradio\/php\/wordpress\/?p=4544","url_meta":{"origin":4528,"position":2},"title":"Die Tage des Senders sind gez\u00e4hlt Heusweiler Mittelwellen-Anlagen werden Ende 2015 abgeschaltet","author":"Administrator","date":"May 6, 2015","format":false,"excerpt":"http:\/\/www.saarbruecker-zeitung.de\/saarland\/koellertal\/heusweiler\/heusweiler\/Heusweiler-Antennen-Hoerfunksendungen-und-Serien-Jahr-1973-Jahr-1994-Jahr-2015-Rundfunkhaeuser-Ultrakurzwelle;art446759,5599929","rel":"","context":"In &quot;Deutsch&quot;","block_context":{"text":"Deutsch","link":"https:\/\/www.achimbrueckner.de\/dxradio\/php\/wordpress\/?cat=1"},"img":{"alt_text":"","src":"","width":0,"height":0},"classes":[]},{"id":13900,"url":"https:\/\/www.achimbrueckner.de\/dxradio\/php\/wordpress\/?p=13900","url_meta":{"origin":4528,"position":3},"title":"Heusweiler Wahrzeichen verschwinden","author":"Administrator","date":"July 27, 2017","format":false,"excerpt":"https:\/\/www.saarbruecker-zeitung.de\/saarland\/saarbruecken\/heusweiler\/heusweiler-wahrzeichen-verschwinden_aid-2484317","rel":"","context":"In &quot;Deutsch&quot;","block_context":{"text":"Deutsch","link":"https:\/\/www.achimbrueckner.de\/dxradio\/php\/wordpress\/?cat=1"},"img":{"alt_text":"","src":"","width":0,"height":0},"classes":[]},{"id":21769,"url":"https:\/\/www.achimbrueckner.de\/dxradio\/php\/wordpress\/?p=21769","url_meta":{"origin":4528,"position":4},"title":"Monteur aus Heusweiler erinnert sich Bei Eisesk\u00e4lte am Mast geschraubt","author":"Administrator","date":"February 21, 2019","format":false,"excerpt":"https:\/\/m.saarbruecker-zeitung.de\/saarland\/saarbruecken\/heusweiler\/sendemasten-in-heusweiler-verschwinden_aid-33020951","rel":"","context":"In &quot;Deutsch&quot;","block_context":{"text":"Deutsch","link":"https:\/\/www.achimbrueckner.de\/dxradio\/php\/wordpress\/?cat=1"},"img":{"alt_text":"","src":"","width":0,"height":0},"classes":[]},{"id":19253,"url":"https:\/\/www.achimbrueckner.de\/dxradio\/php\/wordpress\/?p=19253","url_meta":{"origin":4528,"position":5},"title":"HEUSWEILER  Videos und Bilder: Sendemasten in Heusweiler gesprengt","author":"Administrator","date":"September 23, 2018","format":false,"excerpt":"https:\/\/www.sol.de\/news\/update\/News-Update,287689\/Heusweiler-Sprengung-der-Sendemasten-Bilder-und-Videos,287690","rel":"","context":"In &quot;Deutsch&quot;","block_context":{"text":"Deutsch","link":"https:\/\/www.achimbrueckner.de\/dxradio\/php\/wordpress\/?cat=1"},"img":{"alt_text":"","src":"","width":0,"height":0},"classes":[]}],"_links":{"self":[{"href":"https:\/\/www.achimbrueckner.de\/dxradio\/php\/wordpress\/index.php?rest_route=\/wp\/v2\/posts\/4528","targetHints":{"allow":["GET"]}}],"collection":[{"href":"https:\/\/www.achimbrueckner.de\/dxradio\/php\/wordpress\/index.php?rest_route=\/wp\/v2\/posts"}],"about":[{"href":"https:\/\/www.achimbrueckner.de\/dxradio\/php\/wordpress\/index.php?rest_route=\/wp\/v2\/types\/post"}],"author":[{"embeddable":true,"href":"https:\/\/www.achimbrueckner.de\/dxradio\/php\/wordpress\/index.php?rest_route=\/wp\/v2\/users\/1"}],"replies":[{"embeddable":true,"href":"https:\/\/www.achimbrueckner.de\/dxradio\/php\/wordpress\/index.php?rest_route=%2Fwp%2Fv2%2Fcomments&post=4528"}],"version-history":[{"count":0,"href":"https:\/\/www.achimbrueckner.de\/dxradio\/php\/wordpress\/index.php?rest_route=\/wp\/v2\/posts\/4528\/revisions"}],"wp:attachment":[{"href":"https:\/\/www.achimbrueckner.de\/dxradio\/php\/wordpress\/index.php?rest_route=%2Fwp%2Fv2%2Fmedia&parent=4528"}],"wp:term":[{"taxonomy":"category","embeddable":true,"href":"https:\/\/www.achimbrueckner.de\/dxradio\/php\/wordpress\/index.php?rest_route=%2Fwp%2Fv2%2Fcategories&post=4528"},{"taxonomy":"post_tag","embeddable":true,"href":"https:\/\/www.achimbrueckner.de\/dxradio\/php\/wordpress\/index.php?rest_route=%2Fwp%2Fv2%2Ftags&post=4528"}],"curies":[{"name":"wp","href":"https:\/\/api.w.org\/{rel}","templated":true}]}}