{"id":45394,"date":"2026-04-07T20:58:57","date_gmt":"2026-04-07T20:58:57","guid":{"rendered":"https:\/\/www.achimbrueckner.de\/dxradio\/php\/wordpress\/?p=45394"},"modified":"2026-04-07T20:58:57","modified_gmt":"2026-04-07T20:58:57","slug":"usa-rock-105-5-erwartungsgemas-zuruck-im-ather","status":"publish","type":"post","link":"https:\/\/www.achimbrueckner.de\/dxradio\/php\/wordpress\/?p=45394","title":{"rendered":"USA: Rock 105.5 erwartungsgem\u00e4\u00df zur\u00fcck im \u00c4ther"},"content":{"rendered":"<p><a href=\"https:\/\/www.radioblog.eu\/2026\/04\/07\/usa-rock-105-5-erwartungsgemaess-zurueck-im-aether\/\" target=\"_blank\">https:\/\/www.radioblog.eu\/2026\/04\/07\/usa-rock-105-5-erwartungsgemaess-zurueck-im-aether\/<\/a><\/p>\n","protected":false},"excerpt":{"rendered":"<p>https:\/\/www.radioblog.eu\/2026\/04\/07\/usa-rock-105-5-erwartungsgemaess-zurueck-im-aether\/<\/p>\n","protected":false},"author":1,"featured_media":0,"comment_status":"closed","ping_status":"open","sticky":false,"template":"","format":"standard","meta":{"_jetpack_memberships_contains_paid_content":false,"footnotes":"","jetpack_publicize_message":"","jetpack_publicize_feature_enabled":true,"jetpack_social_post_already_shared":true,"jetpack_social_options":{"image_generator_settings":{"template":"highway","default_image_id":0,"font":"","enabled":false},"version":2}},"categories":[1],"tags":[],"class_list":["post-45394","post","type-post","status-publish","format-standard","hentry","category-deutsch"],"jetpack_publicize_connections":[],"jetpack_featured_media_url":"","jetpack_sharing_enabled":true,"jetpack_shortlink":"https:\/\/wp.me\/p5CDmr-bOa","jetpack-related-posts":[{"id":37494,"url":"https:\/\/www.achimbrueckner.de\/dxradio\/php\/wordpress\/?p=37494","url_meta":{"origin":45394,"position":0},"title":"Hits 105.5 ist zur\u00fcck im \u00c4ther von Ohio","author":"Administrator","date":"September 15, 2022","format":false,"excerpt":"https:\/\/www.radioblog.eu\/2022\/09\/15\/hits-105-5-ist-zurueck-im-aether-von-ohio\/","rel":"","context":"In &quot;Deutsch&quot;","block_context":{"text":"Deutsch","link":"https:\/\/www.achimbrueckner.de\/dxradio\/php\/wordpress\/?cat=1"},"img":{"alt_text":"","src":"","width":0,"height":0},"classes":[]},{"id":43704,"url":"https:\/\/www.achimbrueckner.de\/dxradio\/php\/wordpress\/?p=43704","url_meta":{"origin":45394,"position":1},"title":"USA: Pure Rock KNAC ist zur\u00fcck im \u00c4ther","author":"Administrator","date":"September 2, 2025","format":false,"excerpt":"https:\/\/www.radioblog.eu\/2025\/09\/02\/usa-pure-rock-knac-ist-zurueck-im-aether\/","rel":"","context":"In &quot;Deutsch&quot;","block_context":{"text":"Deutsch","link":"https:\/\/www.achimbrueckner.de\/dxradio\/php\/wordpress\/?cat=1"},"img":{"alt_text":"","src":"","width":0,"height":0},"classes":[]},{"id":45267,"url":"https:\/\/www.achimbrueckner.de\/dxradio\/php\/wordpress\/?p=45267","url_meta":{"origin":45394,"position":2},"title":"USA: Rock 105.5 kehrt offenbar zur\u00fcck","author":"Administrator","date":"March 19, 2026","format":false,"excerpt":"https:\/\/www.radioblog.eu\/2026\/03\/19\/usa-rock-105-5-kehrt-offenbar-zurueck\/","rel":"","context":"In &quot;Deutsch&quot;","block_context":{"text":"Deutsch","link":"https:\/\/www.achimbrueckner.de\/dxradio\/php\/wordpress\/?cat=1"},"img":{"alt_text":"","src":"","width":0,"height":0},"classes":[]},{"id":43560,"url":"https:\/\/www.achimbrueckner.de\/dxradio\/php\/wordpress\/?p=43560","url_meta":{"origin":45394,"position":3},"title":"USA: KIXP zur\u00fcck im \u00c4ther","author":"Administrator","date":"August 12, 2025","format":false,"excerpt":"https:\/\/www.radioblog.eu\/2025\/08\/11\/usa-kixp-zurueck-im-aether\/","rel":"","context":"In &quot;Deutsch&quot;","block_context":{"text":"Deutsch","link":"https:\/\/www.achimbrueckner.de\/dxradio\/php\/wordpress\/?cat=1"},"img":{"alt_text":"","src":"","width":0,"height":0},"classes":[]},{"id":45110,"url":"https:\/\/www.achimbrueckner.de\/dxradio\/php\/wordpress\/?p=45110","url_meta":{"origin":45394,"position":4},"title":"Niederlande: Sleutelstad zur\u00fcck im \u00c4ther","author":"Administrator","date":"February 24, 2026","format":false,"excerpt":"https:\/\/www.radioblog.eu\/2026\/02\/24\/niederlande-sleutelstad-zurueck-im-aether\/","rel":"","context":"In &quot;Deutsch&quot;","block_context":{"text":"Deutsch","link":"https:\/\/www.achimbrueckner.de\/dxradio\/php\/wordpress\/?cat=1"},"img":{"alt_text":"","src":"","width":0,"height":0},"classes":[]},{"id":43773,"url":"https:\/\/www.achimbrueckner.de\/dxradio\/php\/wordpress\/?p=43773","url_meta":{"origin":45394,"position":5},"title":"Irland: GHR zur\u00fcck im \u00c4ther","author":"Administrator","date":"September 11, 2025","format":false,"excerpt":"https:\/\/www.radioblog.eu\/2025\/09\/11\/irland-ghr-zurueck-im-aether\/","rel":"","context":"In &quot;Deutsch&quot;","block_context":{"text":"Deutsch","link":"https:\/\/www.achimbrueckner.de\/dxradio\/php\/wordpress\/?cat=1"},"img":{"alt_text":"","src":"","width":0,"height":0},"classes":[]}],"_links":{"self":[{"href":"https:\/\/www.achimbrueckner.de\/dxradio\/php\/wordpress\/index.php?rest_route=\/wp\/v2\/posts\/45394","targetHints":{"allow":["GET"]}}],"collection":[{"href":"https:\/\/www.achimbrueckner.de\/dxradio\/php\/wordpress\/index.php?rest_route=\/wp\/v2\/posts"}],"about":[{"href":"https:\/\/www.achimbrueckner.de\/dxradio\/php\/wordpress\/index.php?rest_route=\/wp\/v2\/types\/post"}],"author":[{"embeddable":true,"href":"https:\/\/www.achimbrueckner.de\/dxradio\/php\/wordpress\/index.php?rest_route=\/wp\/v2\/users\/1"}],"replies":[{"embeddable":true,"href":"https:\/\/www.achimbrueckner.de\/dxradio\/php\/wordpress\/index.php?rest_route=%2Fwp%2Fv2%2Fcomments&post=45394"}],"version-history":[{"count":0,"href":"https:\/\/www.achimbrueckner.de\/dxradio\/php\/wordpress\/index.php?rest_route=\/wp\/v2\/posts\/45394\/revisions"}],"wp:attachment":[{"href":"https:\/\/www.achimbrueckner.de\/dxradio\/php\/wordpress\/index.php?rest_route=%2Fwp%2Fv2%2Fmedia&parent=45394"}],"wp:term":[{"taxonomy":"category","embeddable":true,"href":"https:\/\/www.achimbrueckner.de\/dxradio\/php\/wordpress\/index.php?rest_route=%2Fwp%2Fv2%2Fcategories&post=45394"},{"taxonomy":"post_tag","embeddable":true,"href":"https:\/\/www.achimbrueckner.de\/dxradio\/php\/wordpress\/index.php?rest_route=%2Fwp%2Fv2%2Ftags&post=45394"}],"curies":[{"name":"wp","href":"https:\/\/api.w.org\/{rel}","templated":true}]}}