{"id":45406,"date":"2026-04-08T14:31:55","date_gmt":"2026-04-08T14:31:55","guid":{"rendered":"https:\/\/www.achimbrueckner.de\/dxradio\/php\/wordpress\/?p=45406"},"modified":"2026-04-08T14:31:55","modified_gmt":"2026-04-08T14:31:55","slug":"swr-ubertragt-europapokal-spiele-deutscher-teams-im-audio-livestream","status":"publish","type":"post","link":"https:\/\/www.achimbrueckner.de\/dxradio\/php\/wordpress\/?p=45406","title":{"rendered":"SWR \u00fcbertr\u00e4gt Europapokal-Spiele deutscher Teams im Audio-Livestream"},"content":{"rendered":"<p><a href=\"https:\/\/www.radioszene.de\/212927\/swr-europapokal-audio-livestream.html\" target=\"_blank\">https:\/\/www.radioszene.de\/212927\/swr-europapokal-audio-livestream.html<\/a><\/p>\n","protected":false},"excerpt":{"rendered":"<p>https:\/\/www.radioszene.de\/212927\/swr-europapokal-audio-livestream.html<\/p>\n","protected":false},"author":1,"featured_media":0,"comment_status":"closed","ping_status":"open","sticky":false,"template":"","format":"standard","meta":{"_jetpack_memberships_contains_paid_content":false,"footnotes":"","jetpack_publicize_message":"","jetpack_publicize_feature_enabled":true,"jetpack_social_post_already_shared":true,"jetpack_social_options":{"image_generator_settings":{"template":"highway","default_image_id":0,"font":"","enabled":false},"version":2}},"categories":[1],"tags":[],"class_list":["post-45406","post","type-post","status-publish","format-standard","hentry","category-deutsch"],"jetpack_publicize_connections":[],"jetpack_featured_media_url":"","jetpack_sharing_enabled":true,"jetpack_shortlink":"https:\/\/wp.me\/p5CDmr-bOm","jetpack-related-posts":[{"id":42464,"url":"https:\/\/www.achimbrueckner.de\/dxradio\/php\/wordpress\/?p=42464","url_meta":{"origin":45406,"position":0},"title":"Vier von f\u00fcnf Menschen im S\u00fcdwesten finden den SWR verl\u00e4sslich und glaubw\u00fcrdig","author":"Administrator","date":"March 29, 2025","format":false,"excerpt":"https:\/\/www.radioszene.de\/201447\/vier-von-fuenf-menschen-im-suedwesten-finden-den-swr-verlaesslich-und-glaubwuerdig.html","rel":"","context":"In &quot;Deutsch&quot;","block_context":{"text":"Deutsch","link":"https:\/\/www.achimbrueckner.de\/dxradio\/php\/wordpress\/?cat=1"},"img":{"alt_text":"","src":"","width":0,"height":0},"classes":[]},{"id":18459,"url":"https:\/\/www.achimbrueckner.de\/dxradio\/php\/wordpress\/?p=18459","url_meta":{"origin":45406,"position":1},"title":"Analyse der neuen Audio-MA WDR 2, SWR 3 &#038; Spotify legen zu, R.SH &#038; Bayern 1 verlieren","author":"Administrator","date":"July 12, 2018","format":false,"excerpt":"https:\/\/www.dwdl.de\/zahlenzentrale\/67773\/wdr_2_swr_3__spotify_legen_zu_rsh__bayern_1_verlieren\/","rel":"","context":"In &quot;audio&quot;","block_context":{"text":"audio","link":"https:\/\/www.achimbrueckner.de\/dxradio\/php\/wordpress\/?cat=47"},"img":{"alt_text":"","src":"","width":0,"height":0},"classes":[]},{"id":23716,"url":"https:\/\/www.achimbrueckner.de\/dxradio\/php\/wordpress\/?p=23716","url_meta":{"origin":45406,"position":2},"title":"Analyse der Audio-MA 2019\/II Bayern 1 legt zu, SWR 3 f\u00e4llt zur\u00fcck, DAB+ mit Nischendasein","author":"Administrator","date":"July 10, 2019","format":false,"excerpt":"https:\/\/www.dwdl.de\/zahlenzentrale\/73081\/bayern_1_legt_zu_swr_3_faellt_zurueck_dab_mit_nischendasein\/","rel":"","context":"In &quot;audio&quot;","block_context":{"text":"audio","link":"https:\/\/www.achimbrueckner.de\/dxradio\/php\/wordpress\/?cat=47"},"img":{"alt_text":"","src":"","width":0,"height":0},"classes":[]},{"id":45483,"url":"https:\/\/www.achimbrueckner.de\/dxradio\/php\/wordpress\/?p=45483","url_meta":{"origin":45406,"position":3},"title":"Ulla Fiebig und Thomas Dauser als Direktoren im SWR best\u00e4tigt","author":"Administrator","date":"April 20, 2026","format":false,"excerpt":"https:\/\/www.radioszene.de\/213205\/ulla-fiebig-thomas-dauser-swr.html","rel":"","context":"In &quot;Deutsch&quot;","block_context":{"text":"Deutsch","link":"https:\/\/www.achimbrueckner.de\/dxradio\/php\/wordpress\/?cat=1"},"img":{"alt_text":"","src":"","width":0,"height":0},"classes":[]},{"id":2402,"url":"https:\/\/www.achimbrueckner.de\/dxradio\/php\/wordpress\/?p=2402","url_meta":{"origin":45406,"position":4},"title":"SWR MW-Sendeturm Wolfsheim","author":"Administrator","date":"February 23, 2013","format":false,"excerpt":"Da der SWR seinen MW-Sendeturm in Wolfsheim nicht mehr zu brauchen scheint, hat man k\u00fcrzlich ein Bisambergungskommando dahingeschickt. Man sieht allerdings nicht besonders viel, womit das ganze eher einer Audiobisambergung gleichkommt: http:\/\/www.youtube.com\/watch?v=WoHzeCRDi2Q Info via A-DX","rel":"","context":"In &quot;Deutsch&quot;","block_context":{"text":"Deutsch","link":"https:\/\/www.achimbrueckner.de\/dxradio\/php\/wordpress\/?cat=1"},"img":{"alt_text":"","src":"","width":0,"height":0},"classes":[]},{"id":42466,"url":"https:\/\/www.achimbrueckner.de\/dxradio\/php\/wordpress\/?p=42466","url_meta":{"origin":45406,"position":5},"title":"SWR stellt NEWSZONE ein","author":"Administrator","date":"March 29, 2025","format":false,"excerpt":"https:\/\/www.radioszene.de\/201430\/swr-stellt-newszone-ein.html","rel":"","context":"In &quot;Deutsch&quot;","block_context":{"text":"Deutsch","link":"https:\/\/www.achimbrueckner.de\/dxradio\/php\/wordpress\/?cat=1"},"img":{"alt_text":"","src":"","width":0,"height":0},"classes":[]}],"_links":{"self":[{"href":"https:\/\/www.achimbrueckner.de\/dxradio\/php\/wordpress\/index.php?rest_route=\/wp\/v2\/posts\/45406","targetHints":{"allow":["GET"]}}],"collection":[{"href":"https:\/\/www.achimbrueckner.de\/dxradio\/php\/wordpress\/index.php?rest_route=\/wp\/v2\/posts"}],"about":[{"href":"https:\/\/www.achimbrueckner.de\/dxradio\/php\/wordpress\/index.php?rest_route=\/wp\/v2\/types\/post"}],"author":[{"embeddable":true,"href":"https:\/\/www.achimbrueckner.de\/dxradio\/php\/wordpress\/index.php?rest_route=\/wp\/v2\/users\/1"}],"replies":[{"embeddable":true,"href":"https:\/\/www.achimbrueckner.de\/dxradio\/php\/wordpress\/index.php?rest_route=%2Fwp%2Fv2%2Fcomments&post=45406"}],"version-history":[{"count":0,"href":"https:\/\/www.achimbrueckner.de\/dxradio\/php\/wordpress\/index.php?rest_route=\/wp\/v2\/posts\/45406\/revisions"}],"wp:attachment":[{"href":"https:\/\/www.achimbrueckner.de\/dxradio\/php\/wordpress\/index.php?rest_route=%2Fwp%2Fv2%2Fmedia&parent=45406"}],"wp:term":[{"taxonomy":"category","embeddable":true,"href":"https:\/\/www.achimbrueckner.de\/dxradio\/php\/wordpress\/index.php?rest_route=%2Fwp%2Fv2%2Fcategories&post=45406"},{"taxonomy":"post_tag","embeddable":true,"href":"https:\/\/www.achimbrueckner.de\/dxradio\/php\/wordpress\/index.php?rest_route=%2Fwp%2Fv2%2Ftags&post=45406"}],"curies":[{"name":"wp","href":"https:\/\/api.w.org\/{rel}","templated":true}]}}