{"id":45523,"date":"2026-04-27T15:23:25","date_gmt":"2026-04-27T15:23:25","guid":{"rendered":"https:\/\/www.achimbrueckner.de\/dxradio\/php\/wordpress\/?p=45523"},"modified":"2026-04-27T15:23:25","modified_gmt":"2026-04-27T15:23:25","slug":"schweiz-srf-2-kultur-vor-dem-aus","status":"publish","type":"post","link":"https:\/\/www.achimbrueckner.de\/dxradio\/php\/wordpress\/?p=45523","title":{"rendered":"Schweiz: SRF 2 Kultur vor dem Aus?"},"content":{"rendered":"<p><a href=\"https:\/\/www.radioblog.eu\/2026\/04\/27\/schweiz-srf-2-kultur-vor-dem-aus\/\" target=\"_blank\">https:\/\/www.radioblog.eu\/2026\/04\/27\/schweiz-srf-2-kultur-vor-dem-aus\/<\/a><\/p>\n","protected":false},"excerpt":{"rendered":"<p>https:\/\/www.radioblog.eu\/2026\/04\/27\/schweiz-srf-2-kultur-vor-dem-aus\/<\/p>\n","protected":false},"author":1,"featured_media":0,"comment_status":"closed","ping_status":"open","sticky":false,"template":"","format":"standard","meta":{"_jetpack_memberships_contains_paid_content":false,"footnotes":"","jetpack_publicize_message":"","jetpack_publicize_feature_enabled":true,"jetpack_social_post_already_shared":true,"jetpack_social_options":{"image_generator_settings":{"template":"highway","default_image_id":0,"font":"","enabled":false},"version":2}},"categories":[1],"tags":[],"class_list":["post-45523","post","type-post","status-publish","format-standard","hentry","category-deutsch"],"jetpack_publicize_connections":[],"jetpack_featured_media_url":"","jetpack_sharing_enabled":true,"jetpack_shortlink":"https:\/\/wp.me\/p5CDmr-bQf","jetpack-related-posts":[{"id":43199,"url":"https:\/\/www.achimbrueckner.de\/dxradio\/php\/wordpress\/?p=43199","url_meta":{"origin":45523,"position":0},"title":"Schweiz: Ausstieg aus dem UKW-Ausstieg?","author":"Administrator","date":"July 3, 2025","format":false,"excerpt":"https:\/\/www.radioblog.eu\/2025\/07\/02\/schweiz-ausstieg-aus-dem-ukw-ausstieg\/","rel":"","context":"In &quot;Deutsch&quot;","block_context":{"text":"Deutsch","link":"https:\/\/www.achimbrueckner.de\/dxradio\/php\/wordpress\/?cat=1"},"img":{"alt_text":"","src":"","width":0,"height":0},"classes":[]},{"id":45035,"url":"https:\/\/www.achimbrueckner.de\/dxradio\/php\/wordpress\/?p=45035","url_meta":{"origin":45523,"position":1},"title":"USA: 107.7 &#038; 104.7 The Wolf vor dem Aus","author":"Administrator","date":"February 13, 2026","format":false,"excerpt":"https:\/\/www.radioblog.eu\/2026\/02\/13\/usa-107-7-104-7-the-wolf-vor-dem-aus\/","rel":"","context":"In &quot;Deutsch&quot;","block_context":{"text":"Deutsch","link":"https:\/\/www.achimbrueckner.de\/dxradio\/php\/wordpress\/?cat=1"},"img":{"alt_text":"","src":"","width":0,"height":0},"classes":[]},{"id":30244,"url":"https:\/\/www.achimbrueckner.de\/dxradio\/php\/wordpress\/?p=30244","url_meta":{"origin":45523,"position":2},"title":"SRF Kultur \u00abWir wollen dem Publikum vermehrt zuh\u00f6ren\u00bb","author":"Administrator","date":"September 28, 2020","format":false,"excerpt":"https:\/\/www.persoenlich.com\/medien\/wir-wollen-dem-publikum-vermehrt-zuhoren","rel":"","context":"In &quot;Deutsch&quot;","block_context":{"text":"Deutsch","link":"https:\/\/www.achimbrueckner.de\/dxradio\/php\/wordpress\/?cat=1"},"img":{"alt_text":"","src":"","width":0,"height":0},"classes":[]},{"id":38940,"url":"https:\/\/www.achimbrueckner.de\/dxradio\/php\/wordpress\/?p=38940","url_meta":{"origin":45523,"position":3},"title":"101.5 K-Hits vor dem Aus: Radio Lazer \u00fcbernimmt Frequenz","author":"Administrator","date":"March 1, 2023","format":false,"excerpt":"https:\/\/www.radioblog.eu\/2023\/02\/27\/101-5-k-hits-vor-dem-aus-radio-lazer-uebernimmt-frequenz\/","rel":"","context":"In &quot;Deutsch&quot;","block_context":{"text":"Deutsch","link":"https:\/\/www.achimbrueckner.de\/dxradio\/php\/wordpress\/?cat=1"},"img":{"alt_text":"","src":"","width":0,"height":0},"classes":[]},{"id":1918,"url":"https:\/\/www.achimbrueckner.de\/dxradio\/php\/wordpress\/?p=1918","url_meta":{"origin":45523,"position":4},"title":"DLR Kultur Stimme der DDR","author":"Administrator","date":"November 13, 2011","format":false,"excerpt":"09:55 Uhr MEZ 15. November 2011 DLR Kultur Kalenderblatt Vor 40 Jahren: Die aus dem Deutschlandsender und der Berliner Welle hervorgegangene Stimme der DDR nimmt den Betrieb auf http:\/\/www.dradio.de\/dkultur\/sendungen\/kalenderblatt\/ Info via A-DX","rel":"","context":"In &quot;Deutsch&quot;","block_context":{"text":"Deutsch","link":"https:\/\/www.achimbrueckner.de\/dxradio\/php\/wordpress\/?cat=1"},"img":{"alt_text":"","src":"","width":0,"height":0},"classes":[]},{"id":40776,"url":"https:\/\/www.achimbrueckner.de\/dxradio\/php\/wordpress\/?p=40776","url_meta":{"origin":45523,"position":5},"title":"30 Jahre Deutschlandradio","author":"Administrator","date":"January 6, 2024","format":false,"excerpt":"Aus drei wurde eins: 1994 entstand aus den Sendern RIAS und DS Kultur in Berlin sowie Deutschlandfunk in K\u00f6ln das \u00f6ffentlich-rechtliche Medienunternehmen Deutschlandradio. Am 1. Januar j\u00e4hrt sich der erste Sendetag zum 30. Mal. Alle Infos zum Jubil\u00e4um finden Sie hier: https:\/\/www.deutschlandradio.de\/30-jahre-100.html Eine knarzende Telefonleitung eines gefl\u00fcchteten Volkspolizisten, ein intimes\u2026","rel":"","context":"In &quot;Deutsch&quot;","block_context":{"text":"Deutsch","link":"https:\/\/www.achimbrueckner.de\/dxradio\/php\/wordpress\/?cat=1"},"img":{"alt_text":"","src":"","width":0,"height":0},"classes":[]}],"_links":{"self":[{"href":"https:\/\/www.achimbrueckner.de\/dxradio\/php\/wordpress\/index.php?rest_route=\/wp\/v2\/posts\/45523","targetHints":{"allow":["GET"]}}],"collection":[{"href":"https:\/\/www.achimbrueckner.de\/dxradio\/php\/wordpress\/index.php?rest_route=\/wp\/v2\/posts"}],"about":[{"href":"https:\/\/www.achimbrueckner.de\/dxradio\/php\/wordpress\/index.php?rest_route=\/wp\/v2\/types\/post"}],"author":[{"embeddable":true,"href":"https:\/\/www.achimbrueckner.de\/dxradio\/php\/wordpress\/index.php?rest_route=\/wp\/v2\/users\/1"}],"replies":[{"embeddable":true,"href":"https:\/\/www.achimbrueckner.de\/dxradio\/php\/wordpress\/index.php?rest_route=%2Fwp%2Fv2%2Fcomments&post=45523"}],"version-history":[{"count":0,"href":"https:\/\/www.achimbrueckner.de\/dxradio\/php\/wordpress\/index.php?rest_route=\/wp\/v2\/posts\/45523\/revisions"}],"wp:attachment":[{"href":"https:\/\/www.achimbrueckner.de\/dxradio\/php\/wordpress\/index.php?rest_route=%2Fwp%2Fv2%2Fmedia&parent=45523"}],"wp:term":[{"taxonomy":"category","embeddable":true,"href":"https:\/\/www.achimbrueckner.de\/dxradio\/php\/wordpress\/index.php?rest_route=%2Fwp%2Fv2%2Fcategories&post=45523"},{"taxonomy":"post_tag","embeddable":true,"href":"https:\/\/www.achimbrueckner.de\/dxradio\/php\/wordpress\/index.php?rest_route=%2Fwp%2Fv2%2Ftags&post=45523"}],"curies":[{"name":"wp","href":"https:\/\/api.w.org\/{rel}","templated":true}]}}