{"id":45524,"date":"2026-04-27T15:24:01","date_gmt":"2026-04-27T15:24:01","guid":{"rendered":"https:\/\/www.achimbrueckner.de\/dxradio\/php\/wordpress\/?p=45524"},"modified":"2026-04-27T15:24:01","modified_gmt":"2026-04-27T15:24:01","slug":"grosbritannien-bbc-radio-6-music-kann-neuen-indie-rock-und-popkanal-starten","status":"publish","type":"post","link":"https:\/\/www.achimbrueckner.de\/dxradio\/php\/wordpress\/?p=45524","title":{"rendered":"Gro\u00dfbritannien: BBC Radio 6 Music kann neuen Indie-Rock und -Popkanal starten"},"content":{"rendered":"<p><a href=\"https:\/\/www.radioblog.eu\/2026\/04\/27\/grossbritannien-bbc-radio-6-music-kann-neuen-indie-rock-und-popkanal-starten\/\" target=\"_blank\">https:\/\/www.radioblog.eu\/2026\/04\/27\/grossbritannien-bbc-radio-6-music-kann-neuen-indie-rock-und-popkanal-starten\/<\/a><\/p>\n","protected":false},"excerpt":{"rendered":"<p>https:\/\/www.radioblog.eu\/2026\/04\/27\/grossbritannien-bbc-radio-6-music-kann-neuen-indie-rock-und-popkanal-starten\/<\/p>\n","protected":false},"author":1,"featured_media":0,"comment_status":"closed","ping_status":"open","sticky":false,"template":"","format":"standard","meta":{"_jetpack_memberships_contains_paid_content":false,"footnotes":"","jetpack_publicize_message":"","jetpack_publicize_feature_enabled":true,"jetpack_social_post_already_shared":true,"jetpack_social_options":{"image_generator_settings":{"template":"highway","default_image_id":0,"font":"","enabled":false},"version":2}},"categories":[1],"tags":[],"class_list":["post-45524","post","type-post","status-publish","format-standard","hentry","category-deutsch"],"jetpack_publicize_connections":[],"jetpack_featured_media_url":"","jetpack_sharing_enabled":true,"jetpack_shortlink":"https:\/\/wp.me\/p5CDmr-bQg","jetpack-related-posts":[{"id":44973,"url":"https:\/\/www.achimbrueckner.de\/dxradio\/php\/wordpress\/?p=44973","url_meta":{"origin":45524,"position":0},"title":"Gro\u00dfbritannien: BBC plant neues Programm mit Indie-Rock und -Pop","author":"Administrator","date":"February 5, 2026","format":false,"excerpt":"https:\/\/www.radioblog.eu\/2026\/02\/04\/grossbritannien-bbc-plant-neues-programm-mit-indie-rock-und-pop\/","rel":"","context":"In &quot;Deutsch&quot;","block_context":{"text":"Deutsch","link":"https:\/\/www.achimbrueckner.de\/dxradio\/php\/wordpress\/?cat=1"},"img":{"alt_text":"","src":"","width":0,"height":0},"classes":[]},{"id":43784,"url":"https:\/\/www.achimbrueckner.de\/dxradio\/php\/wordpress\/?p=43784","url_meta":{"origin":45524,"position":1},"title":"Gro\u00dfbritannien: STV Radio will in Schottland auf DAB+ und online starten","author":"Administrator","date":"September 12, 2025","format":false,"excerpt":"https:\/\/www.radioblog.eu\/2025\/09\/12\/grossbritannien-stv-radio-will-in-schottland-auf-dab-und-online-starten\/","rel":"","context":"In &quot;Deutsch&quot;","block_context":{"text":"Deutsch","link":"https:\/\/www.achimbrueckner.de\/dxradio\/php\/wordpress\/?cat=1"},"img":{"alt_text":"","src":"","width":0,"height":0},"classes":[]},{"id":40910,"url":"https:\/\/www.achimbrueckner.de\/dxradio\/php\/wordpress\/?p=40910","url_meta":{"origin":45524,"position":2},"title":"Gro\u00dfbritannien: BBC will drei neue Radios auf DAB+ starten","author":"Administrator","date":"February 8, 2024","format":false,"excerpt":"https:\/\/www.satellifax.de\/mlesen.php?id=409a22407b98aa4a9a6f5324d2b1e3e3","rel":"","context":"In &quot;Deutsch&quot;","block_context":{"text":"Deutsch","link":"https:\/\/www.achimbrueckner.de\/dxradio\/php\/wordpress\/?cat=1"},"img":{"alt_text":"","src":"","width":0,"height":0},"classes":[]},{"id":42367,"url":"https:\/\/www.achimbrueckner.de\/dxradio\/php\/wordpress\/?p=42367","url_meta":{"origin":45524,"position":3},"title":"Gro\u00dfbritannien: BBC \u00fcbertr\u00e4gt Formel 1 im Radio und Audio-Stream","author":"Administrator","date":"March 15, 2025","format":false,"excerpt":"https:\/\/www.radioblog.eu\/2025\/03\/14\/grossbritannien-bbc-uebertraegt-formel-1-im-radio-und-audio-stream\/","rel":"","context":"In &quot;Deutsch&quot;","block_context":{"text":"Deutsch","link":"https:\/\/www.achimbrueckner.de\/dxradio\/php\/wordpress\/?cat=1"},"img":{"alt_text":"","src":"","width":0,"height":0},"classes":[]},{"id":36393,"url":"https:\/\/www.achimbrueckner.de\/dxradio\/php\/wordpress\/?p=36393","url_meta":{"origin":45524,"position":4},"title":"H\u00f6rtipp : BBC Radio 4","author":"Administrator","date":"May 23, 2022","format":false,"excerpt":"Hallo, BBC Radio 4 (198 kHz LW) bringt am Freitag, den 27. Mai um 2200 MESZ eine Sendung aus dem Jahr 2012, die der Geburt des Radios in Grossbritannien gewidmet ist. Das Programm kann auch online geh\u00f6rt werden: https:\/\/www.bbc.co.uk\/sounds\/play\/b01nnw8t Info via A-DX","rel":"","context":"In &quot;Deutsch&quot;","block_context":{"text":"Deutsch","link":"https:\/\/www.achimbrueckner.de\/dxradio\/php\/wordpress\/?cat=1"},"img":{"alt_text":"","src":"","width":0,"height":0},"classes":[]},{"id":16007,"url":"https:\/\/www.achimbrueckner.de\/dxradio\/php\/wordpress\/?p=16007","url_meta":{"origin":45524,"position":5},"title":"WMR &#038; Radio 208 D\u00e4nemark","author":"Administrator","date":"December 25, 2017","format":false,"excerpt":"Die beiden \"neuen\" Sender von Stig Hartvig Nielsen sind schon im Web zu h\u00f6ren: World Music Radio www.wmr.dk bzw. www.wmr.radio: http:\/\/stream.wlmm.dk:8010\/wmr sowie \"Radio 208\", internationaler und d\u00e4nischer Rock: http:\/\/stream.wlmm.dk:8010\/listen.pls?sid=3 http:\/\/www.radio208.dk ist noch ohne Funktion. Beide Stationen sollen auf Mittelwelle starten, WMR auf 927 kHz und 208 auf 1440 kHz. WMR\u2026","rel":"","context":"In &quot;Deutsch&quot;","block_context":{"text":"Deutsch","link":"https:\/\/www.achimbrueckner.de\/dxradio\/php\/wordpress\/?cat=1"},"img":{"alt_text":"","src":"","width":0,"height":0},"classes":[]}],"_links":{"self":[{"href":"https:\/\/www.achimbrueckner.de\/dxradio\/php\/wordpress\/index.php?rest_route=\/wp\/v2\/posts\/45524","targetHints":{"allow":["GET"]}}],"collection":[{"href":"https:\/\/www.achimbrueckner.de\/dxradio\/php\/wordpress\/index.php?rest_route=\/wp\/v2\/posts"}],"about":[{"href":"https:\/\/www.achimbrueckner.de\/dxradio\/php\/wordpress\/index.php?rest_route=\/wp\/v2\/types\/post"}],"author":[{"embeddable":true,"href":"https:\/\/www.achimbrueckner.de\/dxradio\/php\/wordpress\/index.php?rest_route=\/wp\/v2\/users\/1"}],"replies":[{"embeddable":true,"href":"https:\/\/www.achimbrueckner.de\/dxradio\/php\/wordpress\/index.php?rest_route=%2Fwp%2Fv2%2Fcomments&post=45524"}],"version-history":[{"count":0,"href":"https:\/\/www.achimbrueckner.de\/dxradio\/php\/wordpress\/index.php?rest_route=\/wp\/v2\/posts\/45524\/revisions"}],"wp:attachment":[{"href":"https:\/\/www.achimbrueckner.de\/dxradio\/php\/wordpress\/index.php?rest_route=%2Fwp%2Fv2%2Fmedia&parent=45524"}],"wp:term":[{"taxonomy":"category","embeddable":true,"href":"https:\/\/www.achimbrueckner.de\/dxradio\/php\/wordpress\/index.php?rest_route=%2Fwp%2Fv2%2Fcategories&post=45524"},{"taxonomy":"post_tag","embeddable":true,"href":"https:\/\/www.achimbrueckner.de\/dxradio\/php\/wordpress\/index.php?rest_route=%2Fwp%2Fv2%2Ftags&post=45524"}],"curies":[{"name":"wp","href":"https:\/\/api.w.org\/{rel}","templated":true}]}}