{"id":45529,"date":"2026-04-27T15:27:13","date_gmt":"2026-04-27T15:27:13","guid":{"rendered":"https:\/\/www.achimbrueckner.de\/dxradio\/php\/wordpress\/?p=45529"},"modified":"2026-04-27T15:27:13","modified_gmt":"2026-04-27T15:27:13","slug":"till-coenen-zur-strategischen-neuausrichtung-von-95-5-charivari","status":"publish","type":"post","link":"https:\/\/www.achimbrueckner.de\/dxradio\/php\/wordpress\/?p=45529","title":{"rendered":"Till Coenen zur strategischen Neuausrichtung von 95.5 Charivari"},"content":{"rendered":"<p><a href=\"https:\/\/www.radioszene.de\/213399\/till-coenen-charivari-neuausrichtung.html\" target=\"_blank\">https:\/\/www.radioszene.de\/213399\/till-coenen-charivari-neuausrichtung.html<\/a><\/p>\n","protected":false},"excerpt":{"rendered":"<p>https:\/\/www.radioszene.de\/213399\/till-coenen-charivari-neuausrichtung.html<\/p>\n","protected":false},"author":1,"featured_media":0,"comment_status":"closed","ping_status":"open","sticky":false,"template":"","format":"standard","meta":{"_jetpack_memberships_contains_paid_content":false,"footnotes":"","jetpack_publicize_message":"","jetpack_publicize_feature_enabled":true,"jetpack_social_post_already_shared":true,"jetpack_social_options":{"image_generator_settings":{"template":"highway","default_image_id":0,"font":"","enabled":false},"version":2}},"categories":[1],"tags":[],"class_list":["post-45529","post","type-post","status-publish","format-standard","hentry","category-deutsch"],"jetpack_publicize_connections":[],"jetpack_featured_media_url":"","jetpack_sharing_enabled":true,"jetpack_shortlink":"https:\/\/wp.me\/p5CDmr-bQl","jetpack-related-posts":[{"id":40878,"url":"https:\/\/www.achimbrueckner.de\/dxradio\/php\/wordpress\/?p=40878","url_meta":{"origin":45529,"position":0},"title":"Till Coenen \u00fcbernimmt Gesch\u00e4ftsleitung bei 95.5 Charivari in M\u00fcnchen","author":"Administrator","date":"January 30, 2024","format":false,"excerpt":"https:\/\/www.radioszene.de\/183323\/till-coenen-charivari.html","rel":"","context":"In &quot;Deutsch&quot;","block_context":{"text":"Deutsch","link":"https:\/\/www.achimbrueckner.de\/dxradio\/php\/wordpress\/?cat=1"},"img":{"alt_text":"","src":"","width":0,"height":0},"classes":[]},{"id":41226,"url":"https:\/\/www.achimbrueckner.de\/dxradio\/php\/wordpress\/?p=41226","url_meta":{"origin":45529,"position":1},"title":"95.5 Charivari \u2013 M\u00fcnchens Hitradio startet Mega-Feuerwerk aus Sendestudio","author":"Administrator","date":"May 4, 2024","format":false,"excerpt":"https:\/\/www.radioszene.de\/186494\/charivari-feuerwerk.html","rel":"","context":"In &quot;Deutsch&quot;","block_context":{"text":"Deutsch","link":"https:\/\/www.achimbrueckner.de\/dxradio\/php\/wordpress\/?cat=1"},"img":{"alt_text":"","src":"","width":0,"height":0},"classes":[]},{"id":45491,"url":"https:\/\/www.achimbrueckner.de\/dxradio\/php\/wordpress\/?p=45491","url_meta":{"origin":45529,"position":2},"title":"Massiver Personalabbau bei Charivari 95.5 \u2013 Kritik auch vom BJV","author":"Administrator","date":"April 21, 2026","format":false,"excerpt":"https:\/\/www.radioszene.de\/213128\/personalabbau-charivari-muenchen.html","rel":"","context":"In &quot;Deutsch&quot;","block_context":{"text":"Deutsch","link":"https:\/\/www.achimbrueckner.de\/dxradio\/php\/wordpress\/?cat=1"},"img":{"alt_text":"","src":"","width":0,"height":0},"classes":[]},{"id":30456,"url":"https:\/\/www.achimbrueckner.de\/dxradio\/php\/wordpress\/?p=30456","url_meta":{"origin":45529,"position":3},"title":"Till Coenen ist neuer Chef von Radio Arabella","author":"Administrator","date":"October 16, 2020","format":false,"excerpt":"https:\/\/www.wuv.de\/medien\/till_coenen_ist_neuer_chef_von_radio_arabella","rel":"","context":"In &quot;Deutsch&quot;","block_context":{"text":"Deutsch","link":"https:\/\/www.achimbrueckner.de\/dxradio\/php\/wordpress\/?cat=1"},"img":{"alt_text":"","src":"","width":0,"height":0},"classes":[]},{"id":8786,"url":"https:\/\/www.achimbrueckner.de\/dxradio\/php\/wordpress\/?p=8786","url_meta":{"origin":45529,"position":4},"title":"Veronica Ferres jetzt neu in der 95.5 Charivari-Morgenshow","author":"Administrator","date":"July 12, 2016","format":false,"excerpt":"http:\/\/www.radioszene.de\/92948\/veronica-ferres-charivari-muenchen.html","rel":"","context":"In &quot;Deutsch&quot;","block_context":{"text":"Deutsch","link":"https:\/\/www.achimbrueckner.de\/dxradio\/php\/wordpress\/?cat=1"},"img":{"alt_text":"","src":"","width":0,"height":0},"classes":[]},{"id":45247,"url":"https:\/\/www.achimbrueckner.de\/dxradio\/php\/wordpress\/?p=45247","url_meta":{"origin":45529,"position":5},"title":"95.5 Charivari: Erstes M\u00fcnchner Radioduell live on Air","author":"Administrator","date":"March 15, 2026","format":false,"excerpt":"https:\/\/www.radioszene.de\/212177\/erstes-muenchner-radioduell-charivari.html","rel":"","context":"In &quot;Deutsch&quot;","block_context":{"text":"Deutsch","link":"https:\/\/www.achimbrueckner.de\/dxradio\/php\/wordpress\/?cat=1"},"img":{"alt_text":"","src":"","width":0,"height":0},"classes":[]}],"_links":{"self":[{"href":"https:\/\/www.achimbrueckner.de\/dxradio\/php\/wordpress\/index.php?rest_route=\/wp\/v2\/posts\/45529","targetHints":{"allow":["GET"]}}],"collection":[{"href":"https:\/\/www.achimbrueckner.de\/dxradio\/php\/wordpress\/index.php?rest_route=\/wp\/v2\/posts"}],"about":[{"href":"https:\/\/www.achimbrueckner.de\/dxradio\/php\/wordpress\/index.php?rest_route=\/wp\/v2\/types\/post"}],"author":[{"embeddable":true,"href":"https:\/\/www.achimbrueckner.de\/dxradio\/php\/wordpress\/index.php?rest_route=\/wp\/v2\/users\/1"}],"replies":[{"embeddable":true,"href":"https:\/\/www.achimbrueckner.de\/dxradio\/php\/wordpress\/index.php?rest_route=%2Fwp%2Fv2%2Fcomments&post=45529"}],"version-history":[{"count":0,"href":"https:\/\/www.achimbrueckner.de\/dxradio\/php\/wordpress\/index.php?rest_route=\/wp\/v2\/posts\/45529\/revisions"}],"wp:attachment":[{"href":"https:\/\/www.achimbrueckner.de\/dxradio\/php\/wordpress\/index.php?rest_route=%2Fwp%2Fv2%2Fmedia&parent=45529"}],"wp:term":[{"taxonomy":"category","embeddable":true,"href":"https:\/\/www.achimbrueckner.de\/dxradio\/php\/wordpress\/index.php?rest_route=%2Fwp%2Fv2%2Fcategories&post=45529"},{"taxonomy":"post_tag","embeddable":true,"href":"https:\/\/www.achimbrueckner.de\/dxradio\/php\/wordpress\/index.php?rest_route=%2Fwp%2Fv2%2Ftags&post=45529"}],"curies":[{"name":"wp","href":"https:\/\/api.w.org\/{rel}","templated":true}]}}