{"id":45530,"date":"2026-04-27T15:27:51","date_gmt":"2026-04-27T15:27:51","guid":{"rendered":"https:\/\/www.achimbrueckner.de\/dxradio\/php\/wordpress\/?p=45530"},"modified":"2026-04-27T15:27:51","modified_gmt":"2026-04-27T15:27:51","slug":"die-meist-gestreamte-musik-nach-20-jahren-spotify","status":"publish","type":"post","link":"https:\/\/www.achimbrueckner.de\/dxradio\/php\/wordpress\/?p=45530","title":{"rendered":"Die meist gestreamte Musik nach 20 Jahren Spotify"},"content":{"rendered":"<p><a href=\"https:\/\/www.radioszene.de\/213387\/20-jahre-spotify-das-ist-die-meist-gestreamte-musik.html\" target=\"_blank\">https:\/\/www.radioszene.de\/213387\/20-jahre-spotify-das-ist-die-meist-gestreamte-musik.html<\/a><\/p>\n","protected":false},"excerpt":{"rendered":"<p>https:\/\/www.radioszene.de\/213387\/20-jahre-spotify-das-ist-die-meist-gestreamte-musik.html<\/p>\n","protected":false},"author":1,"featured_media":0,"comment_status":"closed","ping_status":"open","sticky":false,"template":"","format":"standard","meta":{"_jetpack_memberships_contains_paid_content":false,"footnotes":"","jetpack_publicize_message":"","jetpack_publicize_feature_enabled":true,"jetpack_social_post_already_shared":true,"jetpack_social_options":{"image_generator_settings":{"template":"highway","default_image_id":0,"font":"","enabled":false},"version":2}},"categories":[1],"tags":[],"class_list":["post-45530","post","type-post","status-publish","format-standard","hentry","category-deutsch"],"jetpack_publicize_connections":[],"jetpack_featured_media_url":"","jetpack_sharing_enabled":true,"jetpack_shortlink":"https:\/\/wp.me\/p5CDmr-bQm","jetpack-related-posts":[{"id":41377,"url":"https:\/\/www.achimbrueckner.de\/dxradio\/php\/wordpress\/?p=41377","url_meta":{"origin":45530,"position":0},"title":"Das ist die Spotify Prognose f\u00fcr die Sommer-Songs 2024","author":"Administrator","date":"June 18, 2024","format":false,"excerpt":"https:\/\/www.radioszene.de\/188090\/sommer-songs-2024.html","rel":"","context":"In &quot;Deutsch&quot;","block_context":{"text":"Deutsch","link":"https:\/\/www.achimbrueckner.de\/dxradio\/php\/wordpress\/?cat=1"},"img":{"alt_text":"","src":"","width":0,"height":0},"classes":[]},{"id":33219,"url":"https:\/\/www.achimbrueckner.de\/dxradio\/php\/wordpress\/?p=33219","url_meta":{"origin":45530,"position":1},"title":"Radio Andorra 7- August 2021 17-20 Utc 6180 Khz","author":"Administrator","date":"August 2, 2021","format":false,"excerpt":"Nach der Flut ist vor der Sendung. Zum 82. Geburtstag des Senders \"Radio Andorra\" haben wir zusammen mit dem Arxiu Nacional d'Andorra eine Sendung aus Sommer 1979 restauriert und wieder sendbar gemacht. Radioh\u00f6ren, wie vor 42 Jahren - am 07. August 2021. Hier unsere Pressemitteilung: \u201cF\u00fcr viele Radioh\u00f6rer in Europa\u2026","rel":"","context":"In &quot;Deutsch&quot;","block_context":{"text":"Deutsch","link":"https:\/\/www.achimbrueckner.de\/dxradio\/php\/wordpress\/?cat=1"},"img":{"alt_text":"","src":"","width":0,"height":0},"classes":[]},{"id":37048,"url":"https:\/\/www.achimbrueckner.de\/dxradio\/php\/wordpress\/?p=37048","url_meta":{"origin":45530,"position":2},"title":"Radio Andorra August September 2022","author":"Administrator","date":"July 22, 2022","format":false,"excerpt":"Die n\u00e4chsten beiden Sendungen \"Aus den Archiven von Radio Andorra\" sind fix geplant. Auch im August und September hei\u00dft es am ersten Samstag im Monat: Zeit, 43 Jahre alte Kassetten wieder h\u00f6rbar zu machen. Am Samstag, 06. August 2022 gestaltet Ricet Barrier eine Stunde Programm mit Chansons und Geschichten aus\u2026","rel":"","context":"In &quot;Deutsch&quot;","block_context":{"text":"Deutsch","link":"https:\/\/www.achimbrueckner.de\/dxradio\/php\/wordpress\/?cat=1"},"img":{"alt_text":"","src":"","width":0,"height":0},"classes":[]},{"id":26039,"url":"https:\/\/www.achimbrueckner.de\/dxradio\/php\/wordpress\/?p=26039","url_meta":{"origin":45530,"position":3},"title":"\u201cGemischtes Hack\u201d und \u201cFest &#038; Flauschig\u201d geh\u00f6ren zu den meist gestreamten Spotify Podcasts weltweit","author":"Administrator","date":"December 3, 2019","format":false,"excerpt":"https:\/\/meedia.de\/2019\/12\/03\/gemischtes-hack-und-fest-flauschig-gehoeren-zu-den-meist-gestreamten-podcasts-bei-spotify-2019\/","rel":"","context":"In &quot;Deutsch&quot;","block_context":{"text":"Deutsch","link":"https:\/\/www.achimbrueckner.de\/dxradio\/php\/wordpress\/?cat=1"},"img":{"alt_text":"","src":"","width":0,"height":0},"classes":[]},{"id":44474,"url":"https:\/\/www.achimbrueckner.de\/dxradio\/php\/wordpress\/?p=44474","url_meta":{"origin":45530,"position":4},"title":"Spotify \u201e2025 Wrapped\u201d: Das sind die Top-K\u00fcnstler*innen und Songs des Jahres","author":"Administrator","date":"December 4, 2025","format":false,"excerpt":"https:\/\/www.radioszene.de\/208483\/spotify-2025-wrapped.html","rel":"","context":"In &quot;Deutsch&quot;","block_context":{"text":"Deutsch","link":"https:\/\/www.achimbrueckner.de\/dxradio\/php\/wordpress\/?cat=1"},"img":{"alt_text":"","src":"","width":0,"height":0},"classes":[]},{"id":25352,"url":"https:\/\/www.achimbrueckner.de\/dxradio\/php\/wordpress\/?p=25352","url_meta":{"origin":45530,"position":5},"title":"Spotifys Daily Drive im Test","author":"Administrator","date":"October 16, 2019","format":false,"excerpt":"Spotifys Daily Drive ist eine automatisch generierte Playlist aus Nachrichten und bevorzugter Musik und ist k\u00fcrzlich in Deutschland gestartet. Das l\u00e4uft schon ganz gut, es gibt abwechslungsreiche Musik aus den bevorzugten Genres und aktuelle Nachrichten. Eine gelungene Innovation, wobei man sich mehr selbstgew\u00e4hlte Einstellungen w\u00fcnschen w\u00fcrde. Es hapert an lokalen\u2026","rel":"","context":"In &quot;Deutsch&quot;","block_context":{"text":"Deutsch","link":"https:\/\/www.achimbrueckner.de\/dxradio\/php\/wordpress\/?cat=1"},"img":{"alt_text":"","src":"","width":0,"height":0},"classes":[]}],"_links":{"self":[{"href":"https:\/\/www.achimbrueckner.de\/dxradio\/php\/wordpress\/index.php?rest_route=\/wp\/v2\/posts\/45530","targetHints":{"allow":["GET"]}}],"collection":[{"href":"https:\/\/www.achimbrueckner.de\/dxradio\/php\/wordpress\/index.php?rest_route=\/wp\/v2\/posts"}],"about":[{"href":"https:\/\/www.achimbrueckner.de\/dxradio\/php\/wordpress\/index.php?rest_route=\/wp\/v2\/types\/post"}],"author":[{"embeddable":true,"href":"https:\/\/www.achimbrueckner.de\/dxradio\/php\/wordpress\/index.php?rest_route=\/wp\/v2\/users\/1"}],"replies":[{"embeddable":true,"href":"https:\/\/www.achimbrueckner.de\/dxradio\/php\/wordpress\/index.php?rest_route=%2Fwp%2Fv2%2Fcomments&post=45530"}],"version-history":[{"count":0,"href":"https:\/\/www.achimbrueckner.de\/dxradio\/php\/wordpress\/index.php?rest_route=\/wp\/v2\/posts\/45530\/revisions"}],"wp:attachment":[{"href":"https:\/\/www.achimbrueckner.de\/dxradio\/php\/wordpress\/index.php?rest_route=%2Fwp%2Fv2%2Fmedia&parent=45530"}],"wp:term":[{"taxonomy":"category","embeddable":true,"href":"https:\/\/www.achimbrueckner.de\/dxradio\/php\/wordpress\/index.php?rest_route=%2Fwp%2Fv2%2Fcategories&post=45530"},{"taxonomy":"post_tag","embeddable":true,"href":"https:\/\/www.achimbrueckner.de\/dxradio\/php\/wordpress\/index.php?rest_route=%2Fwp%2Fv2%2Ftags&post=45530"}],"curies":[{"name":"wp","href":"https:\/\/api.w.org\/{rel}","templated":true}]}}