{"id":45542,"date":"2026-04-29T16:13:24","date_gmt":"2026-04-29T16:13:24","guid":{"rendered":"https:\/\/www.achimbrueckner.de\/dxradio\/php\/wordpress\/?p=45542"},"modified":"2026-04-29T16:13:24","modified_gmt":"2026-04-29T16:13:24","slug":"arabella-startet-programmatische-vermarktung-fur-lineares-radio","status":"publish","type":"post","link":"https:\/\/www.achimbrueckner.de\/dxradio\/php\/wordpress\/?p=45542","title":{"rendered":"Arabella startet programmatische Vermarktung f\u00fcr lineares Radio"},"content":{"rendered":"<p><a href=\"https:\/\/www.radioszene.de\/213440\/arabella-programmatic-advertising.html\" target=\"_blank\">https:\/\/www.radioszene.de\/213440\/arabella-programmatic-advertising.html<\/a><\/p>\n","protected":false},"excerpt":{"rendered":"<p>https:\/\/www.radioszene.de\/213440\/arabella-programmatic-advertising.html<\/p>\n","protected":false},"author":1,"featured_media":0,"comment_status":"closed","ping_status":"open","sticky":false,"template":"","format":"standard","meta":{"_jetpack_memberships_contains_paid_content":false,"footnotes":"","jetpack_publicize_message":"","jetpack_publicize_feature_enabled":true,"jetpack_social_post_already_shared":true,"jetpack_social_options":{"image_generator_settings":{"template":"highway","default_image_id":0,"font":"","enabled":false},"version":2}},"categories":[1],"tags":[],"class_list":["post-45542","post","type-post","status-publish","format-standard","hentry","category-deutsch"],"jetpack_publicize_connections":[],"jetpack_featured_media_url":"","jetpack_sharing_enabled":true,"jetpack_shortlink":"https:\/\/wp.me\/p5CDmr-bQy","jetpack-related-posts":[{"id":45497,"url":"https:\/\/www.achimbrueckner.de\/dxradio\/php\/wordpress\/?p=45497","url_meta":{"origin":45542,"position":0},"title":"Arabella M\u00fcnchen startet programmatische Vermarktung f\u00fcr lineares Programm","author":"Administrator","date":"April 22, 2026","format":false,"excerpt":"https:\/\/www.radioblog.eu\/2026\/04\/22\/arabella-muenchen-startet-programmatische-vermarktung-fuer-lineares-programm\/","rel":"","context":"In &quot;Deutsch&quot;","block_context":{"text":"Deutsch","link":"https:\/\/www.achimbrueckner.de\/dxradio\/php\/wordpress\/?cat=1"},"img":{"alt_text":"","src":"","width":0,"height":0},"classes":[]},{"id":31863,"url":"https:\/\/www.achimbrueckner.de\/dxradio\/php\/wordpress\/?p=31863","url_meta":{"origin":45542,"position":1},"title":"Radio Arabella startet Webradio \u201eClassic Rock\u201c","author":"Administrator","date":"February 2, 2021","format":false,"excerpt":"https:\/\/www.radioszene.de\/151918\/radio-arabella-classic-rock.html","rel":"","context":"In &quot;Deutsch&quot;","block_context":{"text":"Deutsch","link":"https:\/\/www.achimbrueckner.de\/dxradio\/php\/wordpress\/?cat=1"},"img":{"alt_text":"","src":"","width":0,"height":0},"classes":[]},{"id":24205,"url":"https:\/\/www.achimbrueckner.de\/dxradio\/php\/wordpress\/?p=24205","url_meta":{"origin":45542,"position":2},"title":"Radio Arabella startet mit Apple Business Chat","author":"Administrator","date":"August 12, 2019","format":false,"excerpt":"https:\/\/www.radioszene.de\/135601\/radio-arabella-apple-nachrichten-imessage-business-chat.html","rel":"","context":"In &quot;Deutsch&quot;","block_context":{"text":"Deutsch","link":"https:\/\/www.achimbrueckner.de\/dxradio\/php\/wordpress\/?cat=1"},"img":{"alt_text":"","src":"","width":0,"height":0},"classes":[]},{"id":30964,"url":"https:\/\/www.achimbrueckner.de\/dxradio\/php\/wordpress\/?p=30964","url_meta":{"origin":45542,"position":3},"title":"Radio Arabella erh\u00e4lt erneut Auszeichnung f\u00fcr beste Volont\u00e4rs-Ausbildung","author":"Administrator","date":"December 4, 2020","format":false,"excerpt":"https:\/\/www.radioszene.de\/150177\/radio-arabella-radiosiegel.html","rel":"","context":"In &quot;Deutsch&quot;","block_context":{"text":"Deutsch","link":"https:\/\/www.achimbrueckner.de\/dxradio\/php\/wordpress\/?cat=1"},"img":{"alt_text":"","src":"","width":0,"height":0},"classes":[]},{"id":40812,"url":"https:\/\/www.achimbrueckner.de\/dxradio\/php\/wordpress\/?p=40812","url_meta":{"origin":45542,"position":4},"title":"Arabella Bayern startet 2024 mit neuer Nachmittagssendung","author":"Administrator","date":"January 16, 2024","format":false,"excerpt":"https:\/\/www.radioszene.de\/182929\/arabella-bayern-2024-nachmittagssendung.html","rel":"","context":"In &quot;Deutsch&quot;","block_context":{"text":"Deutsch","link":"https:\/\/www.achimbrueckner.de\/dxradio\/php\/wordpress\/?cat=1"},"img":{"alt_text":"","src":"","width":0,"height":0},"classes":[]},{"id":39369,"url":"https:\/\/www.achimbrueckner.de\/dxradio\/php\/wordpress\/?p=39369","url_meta":{"origin":45542,"position":5},"title":"Radio Arabella startet Smart-TV-App","author":"Administrator","date":"April 25, 2023","format":false,"excerpt":"https:\/\/www.radioblog.eu\/2023\/04\/24\/radio-arabella-startet-smart-tv-app\/","rel":"","context":"In &quot;Deutsch&quot;","block_context":{"text":"Deutsch","link":"https:\/\/www.achimbrueckner.de\/dxradio\/php\/wordpress\/?cat=1"},"img":{"alt_text":"","src":"","width":0,"height":0},"classes":[]}],"_links":{"self":[{"href":"https:\/\/www.achimbrueckner.de\/dxradio\/php\/wordpress\/index.php?rest_route=\/wp\/v2\/posts\/45542","targetHints":{"allow":["GET"]}}],"collection":[{"href":"https:\/\/www.achimbrueckner.de\/dxradio\/php\/wordpress\/index.php?rest_route=\/wp\/v2\/posts"}],"about":[{"href":"https:\/\/www.achimbrueckner.de\/dxradio\/php\/wordpress\/index.php?rest_route=\/wp\/v2\/types\/post"}],"author":[{"embeddable":true,"href":"https:\/\/www.achimbrueckner.de\/dxradio\/php\/wordpress\/index.php?rest_route=\/wp\/v2\/users\/1"}],"replies":[{"embeddable":true,"href":"https:\/\/www.achimbrueckner.de\/dxradio\/php\/wordpress\/index.php?rest_route=%2Fwp%2Fv2%2Fcomments&post=45542"}],"version-history":[{"count":0,"href":"https:\/\/www.achimbrueckner.de\/dxradio\/php\/wordpress\/index.php?rest_route=\/wp\/v2\/posts\/45542\/revisions"}],"wp:attachment":[{"href":"https:\/\/www.achimbrueckner.de\/dxradio\/php\/wordpress\/index.php?rest_route=%2Fwp%2Fv2%2Fmedia&parent=45542"}],"wp:term":[{"taxonomy":"category","embeddable":true,"href":"https:\/\/www.achimbrueckner.de\/dxradio\/php\/wordpress\/index.php?rest_route=%2Fwp%2Fv2%2Fcategories&post=45542"},{"taxonomy":"post_tag","embeddable":true,"href":"https:\/\/www.achimbrueckner.de\/dxradio\/php\/wordpress\/index.php?rest_route=%2Fwp%2Fv2%2Ftags&post=45542"}],"curies":[{"name":"wp","href":"https:\/\/api.w.org\/{rel}","templated":true}]}}