{"id":45554,"date":"2026-05-01T13:54:22","date_gmt":"2026-05-01T13:54:22","guid":{"rendered":"https:\/\/www.achimbrueckner.de\/dxradio\/php\/wordpress\/?p=45554"},"modified":"2026-05-01T13:54:22","modified_gmt":"2026-05-01T13:54:22","slug":"usa-hot-99-5-washington-und-z104-3-baltimore-ohne-eigene-fruhsendungen","status":"publish","type":"post","link":"https:\/\/www.achimbrueckner.de\/dxradio\/php\/wordpress\/?p=45554","title":{"rendered":"USA: Hot 99.5 Washington und Z104.3 Baltimore ohne eigene Fr\u00fchsendungen"},"content":{"rendered":"<p><a href=\"https:\/\/www.radioblog.eu\/2026\/05\/01\/usa-hot-99-5-washington-und-z104-3-baltimore-ohne-eigene-fruehsendungen\/\" target=\"_blank\">https:\/\/www.radioblog.eu\/2026\/05\/01\/usa-hot-99-5-washington-und-z104-3-baltimore-ohne-eigene-fruehsendungen\/<\/a><\/p>\n","protected":false},"excerpt":{"rendered":"<p>https:\/\/www.radioblog.eu\/2026\/05\/01\/usa-hot-99-5-washington-und-z104-3-baltimore-ohne-eigene-fruehsendungen\/<\/p>\n","protected":false},"author":1,"featured_media":0,"comment_status":"closed","ping_status":"open","sticky":false,"template":"","format":"standard","meta":{"_jetpack_memberships_contains_paid_content":false,"footnotes":"","jetpack_publicize_message":"","jetpack_publicize_feature_enabled":true,"jetpack_social_post_already_shared":true,"jetpack_social_options":{"image_generator_settings":{"template":"highway","default_image_id":0,"font":"","enabled":false},"version":2}},"categories":[1],"tags":[],"class_list":["post-45554","post","type-post","status-publish","format-standard","hentry","category-deutsch"],"jetpack_publicize_connections":[],"jetpack_featured_media_url":"","jetpack_sharing_enabled":true,"jetpack_shortlink":"https:\/\/wp.me\/p5CDmr-bQK","jetpack-related-posts":[{"id":22797,"url":"https:\/\/www.achimbrueckner.de\/dxradio\/php\/wordpress\/?p=22797","url_meta":{"origin":45554,"position":0},"title":"Reporter ohne Grenzen: Immer mehr Hetze gegen Medienschaffende in Europa und den USA","author":"Administrator","date":"April 18, 2019","format":false,"excerpt":"https:\/\/www.heise.de\/newsticker\/meldung\/Reporter-ohne-Grenzen-Immer-mehr-Hetze-gegen-Medienschaffende-in-Europa-und-den-USA-4402518.html","rel":"","context":"In &quot;Deutsch&quot;","block_context":{"text":"Deutsch","link":"https:\/\/www.achimbrueckner.de\/dxradio\/php\/wordpress\/?cat=1"},"img":{"alt_text":"","src":"","width":0,"height":0},"classes":[]},{"id":45090,"url":"https:\/\/www.achimbrueckner.de\/dxradio\/php\/wordpress\/?p=45090","url_meta":{"origin":45554,"position":1},"title":"Chillout Antenne bekommt eigene Homepage und App","author":"Administrator","date":"February 20, 2026","format":false,"excerpt":"https:\/\/www.radioblog.eu\/2026\/02\/19\/chillout-antenne-bekommt-eigene-homepage-und-app\/","rel":"","context":"In &quot;Deutsch&quot;","block_context":{"text":"Deutsch","link":"https:\/\/www.achimbrueckner.de\/dxradio\/php\/wordpress\/?cat=1"},"img":{"alt_text":"","src":"","width":0,"height":0},"classes":[]},{"id":24099,"url":"https:\/\/www.achimbrueckner.de\/dxradio\/php\/wordpress\/?p=24099","url_meta":{"origin":45554,"position":2},"title":"WLAN-Radios: Online-Favoriten und eigene Streams sind zur\u00fcck","author":"Administrator","date":"August 5, 2019","format":false,"excerpt":"https:\/\/www.smartphonefan.de\/2019\/08\/05\/wlan-radios-online-favoriten-und-eigene-streams-sind-zurueck\/","rel":"","context":"In &quot;Deutsch&quot;","block_context":{"text":"Deutsch","link":"https:\/\/www.achimbrueckner.de\/dxradio\/php\/wordpress\/?cat=1"},"img":{"alt_text":"","src":"","width":0,"height":0},"classes":[]},{"id":42526,"url":"https:\/\/www.achimbrueckner.de\/dxradio\/php\/wordpress\/?p=42526","url_meta":{"origin":45554,"position":3},"title":"80er Radio harmony, Hit Radio FFH und planet radio starten eigene Sonos-Apps","author":"Administrator","date":"April 5, 2025","format":false,"excerpt":"https:\/\/www.radioblog.eu\/2025\/04\/05\/80er-radio-harmony-hit-radio-ffh-und-planet-radio-starten-eigene-sonos-apps\/","rel":"","context":"In &quot;Deutsch&quot;","block_context":{"text":"Deutsch","link":"https:\/\/www.achimbrueckner.de\/dxradio\/php\/wordpress\/?cat=1"},"img":{"alt_text":"","src":"","width":0,"height":0},"classes":[]},{"id":1268,"url":"https:\/\/www.achimbrueckner.de\/dxradio\/php\/wordpress\/?p=1268","url_meta":{"origin":45554,"position":4},"title":"1. Mittelwellenfreunde Wintercontest","author":"Administrator","date":"December 5, 2010","format":false,"excerpt":"Gerade gefunden: http:\/\/mittelwellenfreunde.npage.de\/wintercontest_97405021.html 1. Mittelwellenfreunde Wintercontest 1. Zeitraum: In der Zeit vom 07.01. bis 23.01.2011 richten die Mittelwellenfreunde den 1. Wintercontest aus. 2. Teilnahmebedingungen Die Teilnahme ist kostenfrei und unabh\u00e4ngig von einer Klubmitgliedschaft. Teilnehmen k\u00f6nnen Newcomer, ebenso wie MW-Spezialisten. Jede Station ist mindestens zehn Minuten zu h\u00f6ren. Die Programmdetails m\u00fcssen\u2026","rel":"","context":"In &quot;contests&quot;","block_context":{"text":"contests","link":"https:\/\/www.achimbrueckner.de\/dxradio\/php\/wordpress\/?cat=6"},"img":{"alt_text":"","src":"","width":0,"height":0},"classes":[]},{"id":24707,"url":"https:\/\/www.achimbrueckner.de\/dxradio\/php\/wordpress\/?p=24707","url_meta":{"origin":45554,"position":5},"title":"Wie die \u00d6ffentlich-Rechtlichen ihre eigene Relevanz riskieren","author":"Administrator","date":"September 10, 2019","format":false,"excerpt":"https:\/\/www.welt.de\/kultur\/medien\/plus200021362\/ARD-und-ZDF-Wie-die-Oeffentlich-Rechtlichen-ihre-eigene-Relevanz-riskieren.html","rel":"","context":"In &quot;Deutsch&quot;","block_context":{"text":"Deutsch","link":"https:\/\/www.achimbrueckner.de\/dxradio\/php\/wordpress\/?cat=1"},"img":{"alt_text":"","src":"","width":0,"height":0},"classes":[]}],"_links":{"self":[{"href":"https:\/\/www.achimbrueckner.de\/dxradio\/php\/wordpress\/index.php?rest_route=\/wp\/v2\/posts\/45554","targetHints":{"allow":["GET"]}}],"collection":[{"href":"https:\/\/www.achimbrueckner.de\/dxradio\/php\/wordpress\/index.php?rest_route=\/wp\/v2\/posts"}],"about":[{"href":"https:\/\/www.achimbrueckner.de\/dxradio\/php\/wordpress\/index.php?rest_route=\/wp\/v2\/types\/post"}],"author":[{"embeddable":true,"href":"https:\/\/www.achimbrueckner.de\/dxradio\/php\/wordpress\/index.php?rest_route=\/wp\/v2\/users\/1"}],"replies":[{"embeddable":true,"href":"https:\/\/www.achimbrueckner.de\/dxradio\/php\/wordpress\/index.php?rest_route=%2Fwp%2Fv2%2Fcomments&post=45554"}],"version-history":[{"count":0,"href":"https:\/\/www.achimbrueckner.de\/dxradio\/php\/wordpress\/index.php?rest_route=\/wp\/v2\/posts\/45554\/revisions"}],"wp:attachment":[{"href":"https:\/\/www.achimbrueckner.de\/dxradio\/php\/wordpress\/index.php?rest_route=%2Fwp%2Fv2%2Fmedia&parent=45554"}],"wp:term":[{"taxonomy":"category","embeddable":true,"href":"https:\/\/www.achimbrueckner.de\/dxradio\/php\/wordpress\/index.php?rest_route=%2Fwp%2Fv2%2Fcategories&post=45554"},{"taxonomy":"post_tag","embeddable":true,"href":"https:\/\/www.achimbrueckner.de\/dxradio\/php\/wordpress\/index.php?rest_route=%2Fwp%2Fv2%2Ftags&post=45554"}],"curies":[{"name":"wp","href":"https:\/\/api.w.org\/{rel}","templated":true}]}}