{"id":4572,"date":"2015-05-10T06:27:57","date_gmt":"2015-05-10T06:27:57","guid":{"rendered":"https:\/\/www.achimbrueckner.de\/dxradio\/php\/wordpress\/?p=4572"},"modified":"2015-05-10T06:27:57","modified_gmt":"2015-05-10T06:27:57","slug":"interradio-2015","status":"publish","type":"post","link":"https:\/\/www.achimbrueckner.de\/dxradio\/php\/wordpress\/?p=4572","title":{"rendered":"Interradio 2015"},"content":{"rendered":"<p>34. INTERRADIO ist der 24. Oktober 2015 &#8211; Halle 2 !<\/p>\n<p>Die Interradio wird in 2015 vermutlich das letzte Mal in Hannover durchgef\u00fchrt und ab 2016 in der Messe Kassel durch die DARC Verlag GmbH in neuer Form fortgef\u00fchrt. <\/p>\n<p>Info via <a href=\"https:\/\/www.facebook.com\/groups\/funkamateure\/?fref=nf\" target=\"_blank\">Facebook<\/a><\/p>\n","protected":false},"excerpt":{"rendered":"<p>34. INTERRADIO ist der 24. Oktober 2015 &#8211; Halle 2 ! Die Interradio wird in 2015 vermutlich das letzte Mal in Hannover durchgef\u00fchrt und ab 2016 in der Messe Kassel durch die DARC Verlag GmbH in neuer Form fortgef\u00fchrt. Info via Facebook<\/p>\n","protected":false},"author":1,"featured_media":0,"comment_status":"open","ping_status":"open","sticky":false,"template":"","format":"standard","meta":{"_jetpack_memberships_contains_paid_content":false,"footnotes":"","jetpack_publicize_message":"","jetpack_publicize_feature_enabled":true,"jetpack_social_post_already_shared":true,"jetpack_social_options":{"image_generator_settings":{"template":"highway","default_image_id":0,"font":"","enabled":false},"version":2}},"categories":[5],"tags":[],"class_list":["post-4572","post","type-post","status-publish","format-standard","hentry","category-camps"],"jetpack_publicize_connections":[],"jetpack_featured_media_url":"","jetpack_sharing_enabled":true,"jetpack_shortlink":"https:\/\/wp.me\/p5CDmr-1bK","jetpack-related-posts":[{"id":2769,"url":"https:\/\/www.achimbrueckner.de\/dxradio\/php\/wordpress\/?p=2769","url_meta":{"origin":4572,"position":0},"title":"Interradio 2013 Hannover","author":"Administrator","date":"November 21, 2013","format":false,"excerpt":"Der Amateurfunk- und Elektronikfachmarkt, die INTERRADIO, findet auch dieses Jahr wieder wie gewohnt auf dem Messegel\u00e4nde in Hannover statt. Wann: 30. November 2013, von 9:00 Uhr - 17:00 Uhr Wo: Halle 2, Messegel\u00e4nde, Hannover Was: Norddeutschlands gr\u00f6\u00dfter Amateurfunkfachmarkt. http:\/\/www.interradio.info\/","rel":"","context":"In &quot;camps&quot;","block_context":{"text":"camps","link":"https:\/\/www.achimbrueckner.de\/dxradio\/php\/wordpress\/?cat=5"},"img":{"alt_text":"","src":"","width":0,"height":0},"classes":[]},{"id":3702,"url":"https:\/\/www.achimbrueckner.de\/dxradio\/php\/wordpress\/?p=3702","url_meta":{"origin":4572,"position":1},"title":"Facebook-Treffen auf der Interradio","author":"Administrator","date":"October 24, 2014","format":false,"excerpt":"http:\/\/www.darc.de\/nc\/aktuelles\/details\/article\/facebook-treffen-auf-der-interradio\/","rel":"","context":"In &quot;camps&quot;","block_context":{"text":"camps","link":"https:\/\/www.achimbrueckner.de\/dxradio\/php\/wordpress\/?cat=5"},"img":{"alt_text":"","src":"","width":0,"height":0},"classes":[]},{"id":1976,"url":"https:\/\/www.achimbrueckner.de\/dxradio\/php\/wordpress\/?p=1976","url_meta":{"origin":4572,"position":2},"title":"Interradio 2012","author":"Administrator","date":"November 25, 2011","format":false,"excerpt":"F\u00fcr alle die schon Termine in den Kalender 2012 eintragen : Der Amateurfunk- und Elektronikfachmarkt, die INTERRADIO, findet auch dieses Jahr wieder wie gewohnt auf dem Messegel\u00e4nde in Hannover statt. Wann: 27. Oktober 2012, von 9:00 Uhr - 17:00 Uhr Wo: Halle 20, Messegel\u00e4nde, Hannover Was: Norddeutschlands gr\u00f6\u00dfter Amateurfunkfachmarkt Info\u2026","rel":"","context":"In &quot;camps&quot;","block_context":{"text":"camps","link":"https:\/\/www.achimbrueckner.de\/dxradio\/php\/wordpress\/?cat=5"},"img":{"alt_text":"","src":"","width":0,"height":0},"classes":[]},{"id":6424,"url":"https:\/\/www.achimbrueckner.de\/dxradio\/php\/wordpress\/?p=6424","url_meta":{"origin":4572,"position":3},"title":"Bericht von der letzten Interradio","author":"Administrator","date":"November 7, 2015","format":false,"excerpt":"http:\/\/amateurfunk-im-norden.de\/index.php\/Thread\/1233-Bericht-von-der-letzten-Interradio\/","rel":"","context":"In &quot;camps&quot;","block_context":{"text":"camps","link":"https:\/\/www.achimbrueckner.de\/dxradio\/php\/wordpress\/?cat=5"},"img":{"alt_text":"","src":"","width":0,"height":0},"classes":[]},{"id":1833,"url":"https:\/\/www.achimbrueckner.de\/dxradio\/php\/wordpress\/?p=1833","url_meta":{"origin":4572,"position":4},"title":"Interradio Hannover 2011","author":"Administrator","date":"October 20, 2011","format":false,"excerpt":"Der Amateurfunk- und Elektronikfachmarkt, die INTERRADIO, findet auch dieses Jahr wieder wie gewohnt auf dem Messegel\u00e4nde in Hannover statt. Wann: 5. November 2011, von 9:00 Uhr - 17:00 Uhr Wo: Halle 20, Messegel\u00e4nde, Hannover Was: Norddeutschlands gr\u00f6\u00dfter Amateurfunkfachmarkt N\u00e4here Infos unter http:\/\/www.interradio.info\/ Info via dx-unlimited","rel":"","context":"In &quot;camps&quot;","block_context":{"text":"camps","link":"https:\/\/www.achimbrueckner.de\/dxradio\/php\/wordpress\/?cat=5"},"img":{"alt_text":"","src":"","width":0,"height":0},"classes":[]},{"id":1213,"url":"https:\/\/www.achimbrueckner.de\/dxradio\/php\/wordpress\/?p=1213","url_meta":{"origin":4572,"position":5},"title":"Interradio Hannover","author":"Administrator","date":"October 29, 2010","format":false,"excerpt":"Die Interradio Hannover findet am 30. OKtober 2010 von 0900 bis 1700 MESZ statt. http:\/\/www.interradio.info\/","rel":"","context":"In &quot;camps&quot;","block_context":{"text":"camps","link":"https:\/\/www.achimbrueckner.de\/dxradio\/php\/wordpress\/?cat=5"},"img":{"alt_text":"","src":"","width":0,"height":0},"classes":[]}],"_links":{"self":[{"href":"https:\/\/www.achimbrueckner.de\/dxradio\/php\/wordpress\/index.php?rest_route=\/wp\/v2\/posts\/4572","targetHints":{"allow":["GET"]}}],"collection":[{"href":"https:\/\/www.achimbrueckner.de\/dxradio\/php\/wordpress\/index.php?rest_route=\/wp\/v2\/posts"}],"about":[{"href":"https:\/\/www.achimbrueckner.de\/dxradio\/php\/wordpress\/index.php?rest_route=\/wp\/v2\/types\/post"}],"author":[{"embeddable":true,"href":"https:\/\/www.achimbrueckner.de\/dxradio\/php\/wordpress\/index.php?rest_route=\/wp\/v2\/users\/1"}],"replies":[{"embeddable":true,"href":"https:\/\/www.achimbrueckner.de\/dxradio\/php\/wordpress\/index.php?rest_route=%2Fwp%2Fv2%2Fcomments&post=4572"}],"version-history":[{"count":0,"href":"https:\/\/www.achimbrueckner.de\/dxradio\/php\/wordpress\/index.php?rest_route=\/wp\/v2\/posts\/4572\/revisions"}],"wp:attachment":[{"href":"https:\/\/www.achimbrueckner.de\/dxradio\/php\/wordpress\/index.php?rest_route=%2Fwp%2Fv2%2Fmedia&parent=4572"}],"wp:term":[{"taxonomy":"category","embeddable":true,"href":"https:\/\/www.achimbrueckner.de\/dxradio\/php\/wordpress\/index.php?rest_route=%2Fwp%2Fv2%2Fcategories&post=4572"},{"taxonomy":"post_tag","embeddable":true,"href":"https:\/\/www.achimbrueckner.de\/dxradio\/php\/wordpress\/index.php?rest_route=%2Fwp%2Fv2%2Ftags&post=4572"}],"curies":[{"name":"wp","href":"https:\/\/api.w.org\/{rel}","templated":true}]}}