{"id":4631,"date":"2015-05-15T11:09:53","date_gmt":"2015-05-15T11:09:53","guid":{"rendered":"https:\/\/www.achimbrueckner.de\/dxradio\/php\/wordpress\/?p=4631"},"modified":"2015-05-15T11:09:53","modified_gmt":"2015-05-15T11:09:53","slug":"ihr-seid-zu-negativ-wolfgang-blau-rechnet-mit-europaischen-medien-ab","status":"publish","type":"post","link":"https:\/\/www.achimbrueckner.de\/dxradio\/php\/wordpress\/?p=4631","title":{"rendered":"\u201cIhr seid zu negativ\u201d: Wolfgang Blau rechnet mit europ\u00e4ischen Medien ab"},"content":{"rendered":"<p><a href=\"http:\/\/meedia.de\/2015\/05\/15\/ihr-seid-zu-negativ-wolfgang-blau-rechnet-mit-europaeischen-medien-ab\/\" target=\"_blank\">http:\/\/meedia.de\/2015\/05\/15\/ihr-seid-zu-negativ-wolfgang-blau-rechnet-mit-europaeischen-medien-ab\/<\/a><\/p>\n","protected":false},"excerpt":{"rendered":"<p>http:\/\/meedia.de\/2015\/05\/15\/ihr-seid-zu-negativ-wolfgang-blau-rechnet-mit-europaeischen-medien-ab\/<\/p>\n","protected":false},"author":1,"featured_media":0,"comment_status":"open","ping_status":"open","sticky":false,"template":"","format":"standard","meta":{"_jetpack_memberships_contains_paid_content":false,"footnotes":"","jetpack_publicize_message":"","jetpack_publicize_feature_enabled":true,"jetpack_social_post_already_shared":true,"jetpack_social_options":{"image_generator_settings":{"template":"highway","default_image_id":0,"font":"","enabled":false},"version":2}},"categories":[1,15],"tags":[45],"class_list":["post-4631","post","type-post","status-publish","format-standard","hentry","category-deutsch","category-medien","tag-medien"],"jetpack_publicize_connections":[],"jetpack_featured_media_url":"","jetpack_sharing_enabled":true,"jetpack_shortlink":"https:\/\/wp.me\/p5CDmr-1cH","jetpack-related-posts":[{"id":19919,"url":"https:\/\/www.achimbrueckner.de\/dxradio\/php\/wordpress\/?p=19919","url_meta":{"origin":4631,"position":0},"title":"WDR als \u201cganovenhafter Arbeitgeber\u201d \u2013 Medienprofessor rechnet mit dem System Scheinselbstst\u00e4ndigkeit im \u00f6ffentlichen Rundfunk ab","author":"Administrator","date":"November 5, 2018","format":false,"excerpt":"https:\/\/meedia.de\/2018\/11\/05\/wdr-als-ganovenhafter-arbeitgeber-medienprofessor-rechnet-mit-dem-system-scheinselbststaendigkeit-im-oeffentlichen-rundfunk-ab\/","rel":"","context":"In &quot;Deutsch&quot;","block_context":{"text":"Deutsch","link":"https:\/\/www.achimbrueckner.de\/dxradio\/php\/wordpress\/?cat=1"},"img":{"alt_text":"","src":"","width":0,"height":0},"classes":[]},{"id":21959,"url":"https:\/\/www.achimbrueckner.de\/dxradio\/php\/wordpress\/?p=21959","url_meta":{"origin":4631,"position":1},"title":"Deutschrap am Radio: Ist er zu krass, seid ihr zu alt","author":"Administrator","date":"March 4, 2019","format":false,"excerpt":"https:\/\/medienwoche.ch\/2019\/03\/01\/deutschrap-am-radio-ist-er-zu-krass-seid-ihr-zu-alt\/","rel":"","context":"In &quot;Deutsch&quot;","block_context":{"text":"Deutsch","link":"https:\/\/www.achimbrueckner.de\/dxradio\/php\/wordpress\/?cat=1"},"img":{"alt_text":"","src":"","width":0,"height":0},"classes":[]},{"id":4516,"url":"https:\/\/www.achimbrueckner.de\/dxradio\/php\/wordpress\/?p=4516","url_meta":{"origin":4631,"position":2},"title":"Erfolg f\u00fcr Radio T, Radio Blau und coloRadio: \u00c4nderung der s\u00e4chsischen Mediengesetze erkennt die Bedeutung der Freien Radios an","author":"Administrator","date":"May 2, 2015","format":false,"excerpt":"http:\/\/www.radiowoche.de\/erfolg-fuer-radio-t-radio-blau-und-coloradio-aenderung-der-saechsischen-mediengesetze-erkennt-die-bedeutung-der-freien-radios-an\/","rel":"","context":"In &quot;Deutsch&quot;","block_context":{"text":"Deutsch","link":"https:\/\/www.achimbrueckner.de\/dxradio\/php\/wordpress\/?cat=1"},"img":{"alt_text":"","src":"","width":0,"height":0},"classes":[]},{"id":610,"url":"https:\/\/www.achimbrueckner.de\/dxradio\/php\/wordpress\/?p=610","url_meta":{"origin":4631,"position":3},"title":"20 Jahre RHCI","author":"Administrator","date":"October 21, 2009","format":false,"excerpt":"2010 M\u00e4rz - 20 Jahre Radio-H\u00f6rer-Club-International = RHCI-Online Geplant ist aus diesem Anlass ein Treffen am Sonnabend, den 27. M\u00e4rz 2010. Leipziger Internet-Zeitung - Leipzig,Germany Andreas, Radio blau ist rund 15 Jahre alt - was w\u00fcrde fehlen, wenn es den Sender nicht mehr geben sollte? March: Es w\u00fcrden 49 Stunden\u2026","rel":"","context":"In &quot;camps&quot;","block_context":{"text":"camps","link":"https:\/\/www.achimbrueckner.de\/dxradio\/php\/wordpress\/?cat=5"},"img":{"alt_text":"","src":"","width":0,"height":0},"classes":[]},{"id":25898,"url":"https:\/\/www.achimbrueckner.de\/dxradio\/php\/wordpress\/?p=25898","url_meta":{"origin":4631,"position":4},"title":"Journalisten leben riskant: Die Gelbwesten und ihr Verh\u00e4ltnis zu den Medien","author":"Administrator","date":"November 22, 2019","format":false,"excerpt":"https:\/\/www.suedkurier.de\/ueberregional\/politik\/Journalisten-leben-riskant-Die-Gelbwesten-und-ihr-Verhaeltnis-zu-den-Medien;art410924,10350424","rel":"","context":"In &quot;Deutsch&quot;","block_context":{"text":"Deutsch","link":"https:\/\/www.achimbrueckner.de\/dxradio\/php\/wordpress\/?cat=1"},"img":{"alt_text":"","src":"","width":0,"height":0},"classes":[]},{"id":19105,"url":"https:\/\/www.achimbrueckner.de\/dxradio\/php\/wordpress\/?p=19105","url_meta":{"origin":4631,"position":5},"title":"Kinder und ihr Umgang mit Medien.","author":"Administrator","date":"September 9, 2018","format":false,"excerpt":"https:\/\/www.podcast.de\/episode\/387395839\/Kinder+und+ihr+Umgang+mit+Medien.\/","rel":"","context":"In &quot;Deutsch&quot;","block_context":{"text":"Deutsch","link":"https:\/\/www.achimbrueckner.de\/dxradio\/php\/wordpress\/?cat=1"},"img":{"alt_text":"","src":"","width":0,"height":0},"classes":[]}],"_links":{"self":[{"href":"https:\/\/www.achimbrueckner.de\/dxradio\/php\/wordpress\/index.php?rest_route=\/wp\/v2\/posts\/4631","targetHints":{"allow":["GET"]}}],"collection":[{"href":"https:\/\/www.achimbrueckner.de\/dxradio\/php\/wordpress\/index.php?rest_route=\/wp\/v2\/posts"}],"about":[{"href":"https:\/\/www.achimbrueckner.de\/dxradio\/php\/wordpress\/index.php?rest_route=\/wp\/v2\/types\/post"}],"author":[{"embeddable":true,"href":"https:\/\/www.achimbrueckner.de\/dxradio\/php\/wordpress\/index.php?rest_route=\/wp\/v2\/users\/1"}],"replies":[{"embeddable":true,"href":"https:\/\/www.achimbrueckner.de\/dxradio\/php\/wordpress\/index.php?rest_route=%2Fwp%2Fv2%2Fcomments&post=4631"}],"version-history":[{"count":0,"href":"https:\/\/www.achimbrueckner.de\/dxradio\/php\/wordpress\/index.php?rest_route=\/wp\/v2\/posts\/4631\/revisions"}],"wp:attachment":[{"href":"https:\/\/www.achimbrueckner.de\/dxradio\/php\/wordpress\/index.php?rest_route=%2Fwp%2Fv2%2Fmedia&parent=4631"}],"wp:term":[{"taxonomy":"category","embeddable":true,"href":"https:\/\/www.achimbrueckner.de\/dxradio\/php\/wordpress\/index.php?rest_route=%2Fwp%2Fv2%2Fcategories&post=4631"},{"taxonomy":"post_tag","embeddable":true,"href":"https:\/\/www.achimbrueckner.de\/dxradio\/php\/wordpress\/index.php?rest_route=%2Fwp%2Fv2%2Ftags&post=4631"}],"curies":[{"name":"wp","href":"https:\/\/api.w.org\/{rel}","templated":true}]}}