{"id":4655,"date":"2015-05-17T19:04:45","date_gmt":"2015-05-17T19:04:45","guid":{"rendered":"https:\/\/www.achimbrueckner.de\/dxradio\/php\/wordpress\/?p=4655"},"modified":"2015-05-17T19:04:45","modified_gmt":"2015-05-17T19:04:45","slug":"kommunikationsmuseum-frankfurt-depot-heusenstamm","status":"publish","type":"post","link":"https:\/\/www.achimbrueckner.de\/dxradio\/php\/wordpress\/?p=4655","title":{"rendered":"Kommunikationsmuseum Frankfurt Depot Heusenstamm"},"content":{"rendered":"<p><a href=\"https:\/\/www.youtube.com\/watch?v=MNmbsxGKN8c\" target=\"_blank\">https:\/\/www.youtube.com\/watch?v=MNmbsxGKN8c<\/a><\/p>\n","protected":false},"excerpt":{"rendered":"<p>https:\/\/www.youtube.com\/watch?v=MNmbsxGKN8c<\/p>\n","protected":false},"author":1,"featured_media":0,"comment_status":"open","ping_status":"open","sticky":false,"template":"","format":"standard","meta":{"_jetpack_memberships_contains_paid_content":false,"footnotes":"","jetpack_publicize_message":"","jetpack_publicize_feature_enabled":true,"jetpack_social_post_already_shared":true,"jetpack_social_options":{"image_generator_settings":{"template":"highway","default_image_id":0,"font":"","enabled":false},"version":2}},"categories":[1],"tags":[24],"class_list":["post-4655","post","type-post","status-publish","format-standard","hentry","category-deutsch","tag-am"],"jetpack_publicize_connections":[],"jetpack_featured_media_url":"","jetpack_sharing_enabled":true,"jetpack_shortlink":"https:\/\/wp.me\/p5CDmr-1d5","jetpack-related-posts":[{"id":11908,"url":"https:\/\/www.achimbrueckner.de\/dxradio\/php\/wordpress\/?p=11908","url_meta":{"origin":4655,"position":0},"title":"Publikation der DGPT zum Thema &#8220;Sender und Antennen&#8221;","author":"Administrator","date":"January 29, 2017","format":false,"excerpt":"Hallo zusammen, das aktuelle Heft der \"Deutschen Gesellschaft f\u00fcr Post- und Telekommunikationsgeschichte\" hat zum Thema \"Sender und Antennen\". Ein Schwerpunkt sind die Sendeanlagen auf dem Gro\u00dfen Feldberg. Weitere Themen sind - \"die Deutsche Welle\", - der Gro\u00dfsender M\u00fchlacker und die Senderstadt - Senderr\u00f6hren und - der Lorenz-Gro\u00dfsender in der Sammlung\u2026","rel":"","context":"In &quot;Deutsch&quot;","block_context":{"text":"Deutsch","link":"https:\/\/www.achimbrueckner.de\/dxradio\/php\/wordpress\/?cat=1"},"img":{"alt_text":"","src":"","width":0,"height":0},"classes":[]},{"id":3983,"url":"https:\/\/www.achimbrueckner.de\/dxradio\/php\/wordpress\/?p=3983","url_meta":{"origin":4655,"position":1},"title":"Abschaltung AM Sender 828kHz Hannover Hemmingen","author":"Administrator","date":"January 16, 2015","format":false,"excerpt":"https:\/\/www.youtube.com\/watch?v=Mhwc_clGGXU&feature=youtu.be https:\/\/www.youtube.com\/watch?v=C9-pxDU5wqA&feature=youtu.be","rel":"","context":"In &quot;Deutsch&quot;","block_context":{"text":"Deutsch","link":"https:\/\/www.achimbrueckner.de\/dxradio\/php\/wordpress\/?cat=1"},"img":{"alt_text":"","src":"","width":0,"height":0},"classes":[]},{"id":970,"url":"https:\/\/www.achimbrueckner.de\/dxradio\/php\/wordpress\/?p=970","url_meta":{"origin":4655,"position":2},"title":"Videos vom Besuch des Senders Leipzig-Wiederau","author":"Administrator","date":"March 20, 2010","format":false,"excerpt":"Hier zur Info die Videos vom Besuch des Senders Leipzig-Wiederau, am 18. Maerz 2010: Teil 1: http:\/\/www.youtube.com\/watch?v=Jgjl2jY6HQQ Teil 2: http:\/\/www.youtube.com\/watch?v=FROGna8oVBw Teil 3: http:\/\/www.youtube.com\/watch?v=9A3rB30XeDs Teil 4: http:\/\/www.youtube.com\/watch?v=u-_7nRYgWtw Teil 5: http:\/\/www.youtube.com\/watch?v=wlZBBemVcNY Teil 6: http:\/\/www.youtube.com\/watch?v=D0ipblqDwtk Teil 7: http:\/\/www.youtube.com\/watch?v=IILJkI73HJk Teil 8: http:\/\/www.youtube.com\/watch?v=nTAvM65QerI Teil 9: http:\/\/www.youtube.com\/watch?v=gN8IrJGrb3k Weitere Infos hier: http:\/\/www.rhci-online.de\/RHCI-Mail-Maerz-3-2010.pdf Info via Net-Radio","rel":"","context":"In &quot;Deutsch&quot;","block_context":{"text":"Deutsch","link":"https:\/\/www.achimbrueckner.de\/dxradio\/php\/wordpress\/?cat=1"},"img":{"alt_text":"","src":"","width":0,"height":0},"classes":[]},{"id":3095,"url":"https:\/\/www.achimbrueckner.de\/dxradio\/php\/wordpress\/?p=3095","url_meta":{"origin":4655,"position":3},"title":"RTLplus 02.01.1984 Die Geburtstagssendung VHS","author":"Administrator","date":"April 17, 2014","format":false,"excerpt":"https:\/\/www.youtube.com\/watch?v=BzSeOM0AK3c https:\/\/www.youtube.com\/watch?v=4ipOxSjXuLY https:\/\/www.youtube.com\/watch?v=XZptE3YkizA","rel":"","context":"In &quot;Deutsch&quot;","block_context":{"text":"Deutsch","link":"https:\/\/www.achimbrueckner.de\/dxradio\/php\/wordpress\/?cat=1"},"img":{"alt_text":"","src":"","width":0,"height":0},"classes":[]},{"id":11498,"url":"https:\/\/www.achimbrueckner.de\/dxradio\/php\/wordpress\/?p=11498","url_meta":{"origin":4655,"position":4},"title":"R\u00f6hrenradios | Sonntag am Freitag","author":"Administrator","date":"December 26, 2016","format":false,"excerpt":"https:\/\/www.youtube.com\/watch?v=MS50l6kOi_w","rel":"","context":"In &quot;Deutsch&quot;","block_context":{"text":"Deutsch","link":"https:\/\/www.achimbrueckner.de\/dxradio\/php\/wordpress\/?cat=1"},"img":{"alt_text":"","src":"","width":0,"height":0},"classes":[]},{"id":8811,"url":"https:\/\/www.achimbrueckner.de\/dxradio\/php\/wordpress\/?p=8811","url_meta":{"origin":4655,"position":5},"title":"AM 1485 Amsterdam","author":"Administrator","date":"July 14, 2016","format":false,"excerpt":"https:\/\/www.youtube.com\/watch?v=bmDNI4-BEc4","rel":"","context":"In &quot;Deutsch&quot;","block_context":{"text":"Deutsch","link":"https:\/\/www.achimbrueckner.de\/dxradio\/php\/wordpress\/?cat=1"},"img":{"alt_text":"","src":"","width":0,"height":0},"classes":[]}],"_links":{"self":[{"href":"https:\/\/www.achimbrueckner.de\/dxradio\/php\/wordpress\/index.php?rest_route=\/wp\/v2\/posts\/4655","targetHints":{"allow":["GET"]}}],"collection":[{"href":"https:\/\/www.achimbrueckner.de\/dxradio\/php\/wordpress\/index.php?rest_route=\/wp\/v2\/posts"}],"about":[{"href":"https:\/\/www.achimbrueckner.de\/dxradio\/php\/wordpress\/index.php?rest_route=\/wp\/v2\/types\/post"}],"author":[{"embeddable":true,"href":"https:\/\/www.achimbrueckner.de\/dxradio\/php\/wordpress\/index.php?rest_route=\/wp\/v2\/users\/1"}],"replies":[{"embeddable":true,"href":"https:\/\/www.achimbrueckner.de\/dxradio\/php\/wordpress\/index.php?rest_route=%2Fwp%2Fv2%2Fcomments&post=4655"}],"version-history":[{"count":0,"href":"https:\/\/www.achimbrueckner.de\/dxradio\/php\/wordpress\/index.php?rest_route=\/wp\/v2\/posts\/4655\/revisions"}],"wp:attachment":[{"href":"https:\/\/www.achimbrueckner.de\/dxradio\/php\/wordpress\/index.php?rest_route=%2Fwp%2Fv2%2Fmedia&parent=4655"}],"wp:term":[{"taxonomy":"category","embeddable":true,"href":"https:\/\/www.achimbrueckner.de\/dxradio\/php\/wordpress\/index.php?rest_route=%2Fwp%2Fv2%2Fcategories&post=4655"},{"taxonomy":"post_tag","embeddable":true,"href":"https:\/\/www.achimbrueckner.de\/dxradio\/php\/wordpress\/index.php?rest_route=%2Fwp%2Fv2%2Ftags&post=4655"}],"curies":[{"name":"wp","href":"https:\/\/api.w.org\/{rel}","templated":true}]}}