{"id":4683,"date":"2015-05-21T13:54:54","date_gmt":"2015-05-21T13:54:54","guid":{"rendered":"https:\/\/www.achimbrueckner.de\/dxradio\/php\/wordpress\/?p=4683"},"modified":"2015-05-21T13:54:54","modified_gmt":"2015-05-21T13:54:54","slug":"digitalradio-in-osterreich-startet-mit-14-programmen","status":"publish","type":"post","link":"https:\/\/www.achimbrueckner.de\/dxradio\/php\/wordpress\/?p=4683","title":{"rendered":"Digitalradio in \u00d6sterreich startet mit 14 Programmen"},"content":{"rendered":"<p><a href=\"http:\/\/www.radioszene.de\/80060\/digitalradio-oesterreich.html\" target=\"_blank\">http:\/\/www.radioszene.de\/80060\/digitalradio-oesterreich.html<\/a><\/p>\n","protected":false},"excerpt":{"rendered":"<p>http:\/\/www.radioszene.de\/80060\/digitalradio-oesterreich.html<\/p>\n","protected":false},"author":1,"featured_media":0,"comment_status":"open","ping_status":"open","sticky":false,"template":"","format":"standard","meta":{"_jetpack_memberships_contains_paid_content":false,"footnotes":"","jetpack_publicize_message":"","jetpack_publicize_feature_enabled":true,"jetpack_social_post_already_shared":true,"jetpack_social_options":{"image_generator_settings":{"template":"highway","default_image_id":0,"font":"","enabled":false},"version":2}},"categories":[1,16],"tags":[24,32,41],"class_list":["post-4683","post","type-post","status-publish","format-standard","hentry","category-deutsch","category-radioszene","tag-am","tag-digitalradio","tag-radioszene"],"jetpack_publicize_connections":[],"jetpack_featured_media_url":"","jetpack_sharing_enabled":true,"jetpack_shortlink":"https:\/\/wp.me\/p5CDmr-1dx","jetpack-related-posts":[{"id":14898,"url":"https:\/\/www.achimbrueckner.de\/dxradio\/php\/wordpress\/?p=14898","url_meta":{"origin":4683,"position":0},"title":"Digitalradio erh\u00e4lt R\u00fcckenwind aus Br\u00fcssel","author":"Administrator","date":"October 9, 2017","format":false,"excerpt":"http:\/\/www.radioszene.de\/113934\/digitalradio-europa.html","rel":"","context":"In &quot;Deutsch&quot;","block_context":{"text":"Deutsch","link":"https:\/\/www.achimbrueckner.de\/dxradio\/php\/wordpress\/?cat=1"},"img":{"alt_text":"","src":"","width":0,"height":0},"classes":[]},{"id":28829,"url":"https:\/\/www.achimbrueckner.de\/dxradio\/php\/wordpress\/?p=28829","url_meta":{"origin":4683,"position":1},"title":"Digitalradio \u00d6sterreich: 3. Netzausbaustufe abgeschlossen","author":"Administrator","date":"May 27, 2020","format":false,"excerpt":"https:\/\/www.radioszene.de\/144160\/digitalradio-oesterreich-burgenland-steiermark.html","rel":"","context":"In &quot;Deutsch&quot;","block_context":{"text":"Deutsch","link":"https:\/\/www.achimbrueckner.de\/dxradio\/php\/wordpress\/?cat=1"},"img":{"alt_text":"","src":"","width":0,"height":0},"classes":[]},{"id":26556,"url":"https:\/\/www.achimbrueckner.de\/dxradio\/php\/wordpress\/?p=26556","url_meta":{"origin":4683,"position":2},"title":"Digitalradio-Tonqualit\u00e4t: Sat hui, Kabel pfui","author":"Administrator","date":"January 6, 2020","format":false,"excerpt":"https:\/\/www.radioszene.de\/139157\/digitalradio-tonqualitaet-sat-kabel.html","rel":"","context":"In &quot;Deutsch&quot;","block_context":{"text":"Deutsch","link":"https:\/\/www.achimbrueckner.de\/dxradio\/php\/wordpress\/?cat=1"},"img":{"alt_text":"","src":"","width":0,"height":0},"classes":[]},{"id":23248,"url":"https:\/\/www.achimbrueckner.de\/dxradio\/php\/wordpress\/?p=23248","url_meta":{"origin":4683,"position":3},"title":"Morgen startet \u00f6sterreichweites Digitalradio via DAB+","author":"Administrator","date":"May 27, 2019","format":false,"excerpt":"https:\/\/www.radioszene.de\/133354\/digitalradio-dab-oesterreich.html","rel":"","context":"In &quot;Deutsch&quot;","block_context":{"text":"Deutsch","link":"https:\/\/www.achimbrueckner.de\/dxradio\/php\/wordpress\/?cat=1"},"img":{"alt_text":"","src":"","width":0,"height":0},"classes":[]},{"id":17599,"url":"https:\/\/www.achimbrueckner.de\/dxradio\/php\/wordpress\/?p=17599","url_meta":{"origin":4683,"position":4},"title":"Digitalradio: Strafferes Targeting und gl\u00fcckliche H\u00f6rer","author":"Administrator","date":"May 3, 2018","format":false,"excerpt":"http:\/\/www.radioszene.de\/121653\/digitalradio-targeting-fix-radio.html","rel":"","context":"In &quot;Deutsch&quot;","block_context":{"text":"Deutsch","link":"https:\/\/www.achimbrueckner.de\/dxradio\/php\/wordpress\/?cat=1"},"img":{"alt_text":"","src":"","width":0,"height":0},"classes":[]},{"id":17999,"url":"https:\/\/www.achimbrueckner.de\/dxradio\/php\/wordpress\/?p=17999","url_meta":{"origin":4683,"position":5},"title":"Digitalradio-Boom durch UKW-Antennenstreit","author":"Administrator","date":"June 1, 2018","format":false,"excerpt":"https:\/\/www.radioszene.de\/122597\/digitalradio-boom-ukw-antennenstreit.html","rel":"","context":"In &quot;Deutsch&quot;","block_context":{"text":"Deutsch","link":"https:\/\/www.achimbrueckner.de\/dxradio\/php\/wordpress\/?cat=1"},"img":{"alt_text":"","src":"","width":0,"height":0},"classes":[]}],"_links":{"self":[{"href":"https:\/\/www.achimbrueckner.de\/dxradio\/php\/wordpress\/index.php?rest_route=\/wp\/v2\/posts\/4683","targetHints":{"allow":["GET"]}}],"collection":[{"href":"https:\/\/www.achimbrueckner.de\/dxradio\/php\/wordpress\/index.php?rest_route=\/wp\/v2\/posts"}],"about":[{"href":"https:\/\/www.achimbrueckner.de\/dxradio\/php\/wordpress\/index.php?rest_route=\/wp\/v2\/types\/post"}],"author":[{"embeddable":true,"href":"https:\/\/www.achimbrueckner.de\/dxradio\/php\/wordpress\/index.php?rest_route=\/wp\/v2\/users\/1"}],"replies":[{"embeddable":true,"href":"https:\/\/www.achimbrueckner.de\/dxradio\/php\/wordpress\/index.php?rest_route=%2Fwp%2Fv2%2Fcomments&post=4683"}],"version-history":[{"count":0,"href":"https:\/\/www.achimbrueckner.de\/dxradio\/php\/wordpress\/index.php?rest_route=\/wp\/v2\/posts\/4683\/revisions"}],"wp:attachment":[{"href":"https:\/\/www.achimbrueckner.de\/dxradio\/php\/wordpress\/index.php?rest_route=%2Fwp%2Fv2%2Fmedia&parent=4683"}],"wp:term":[{"taxonomy":"category","embeddable":true,"href":"https:\/\/www.achimbrueckner.de\/dxradio\/php\/wordpress\/index.php?rest_route=%2Fwp%2Fv2%2Fcategories&post=4683"},{"taxonomy":"post_tag","embeddable":true,"href":"https:\/\/www.achimbrueckner.de\/dxradio\/php\/wordpress\/index.php?rest_route=%2Fwp%2Fv2%2Ftags&post=4683"}],"curies":[{"name":"wp","href":"https:\/\/api.w.org\/{rel}","templated":true}]}}