{"id":4744,"date":"2015-05-27T16:43:54","date_gmt":"2015-05-27T16:43:54","guid":{"rendered":"https:\/\/www.achimbrueckner.de\/dxradio\/php\/wordpress\/?p=4744"},"modified":"2015-05-27T16:43:54","modified_gmt":"2015-05-27T16:43:54","slug":"funf-lokalradios-fur-den-norden","status":"publish","type":"post","link":"https:\/\/www.achimbrueckner.de\/dxradio\/php\/wordpress\/?p=4744","title":{"rendered":"F\u00fcnf Lokalradios f\u00fcr den Norden"},"content":{"rendered":"<p><a href=\"http:\/\/www.shz.de\/schleswig-holstein\/meldungen\/fuenf-lokalradios-fuer-den-norden-id9800381.html\" target=\"_blank\">http:\/\/www.shz.de\/schleswig-holstein\/meldungen\/fuenf-lokalradios-fuer-den-norden-id9800381.html<\/a><\/p>\n","protected":false},"excerpt":{"rendered":"<p>http:\/\/www.shz.de\/schleswig-holstein\/meldungen\/fuenf-lokalradios-fuer-den-norden-id9800381.html<\/p>\n","protected":false},"author":1,"featured_media":0,"comment_status":"open","ping_status":"open","sticky":false,"template":"","format":"standard","meta":{"_jetpack_memberships_contains_paid_content":false,"footnotes":"","jetpack_publicize_message":"","jetpack_publicize_feature_enabled":true,"jetpack_social_post_already_shared":true,"jetpack_social_options":{"image_generator_settings":{"template":"highway","default_image_id":0,"font":"","enabled":false},"version":2}},"categories":[1],"tags":[],"class_list":["post-4744","post","type-post","status-publish","format-standard","hentry","category-deutsch"],"jetpack_publicize_connections":[],"jetpack_featured_media_url":"","jetpack_sharing_enabled":true,"jetpack_shortlink":"https:\/\/wp.me\/p5CDmr-1ew","jetpack-related-posts":[{"id":44481,"url":"https:\/\/www.achimbrueckner.de\/dxradio\/php\/wordpress\/?p=44481","url_meta":{"origin":4744,"position":0},"title":"Gr\u00fcne wollen Lokalradios in Schleswig-Holstein liberalisieren","author":"Administrator","date":"December 5, 2025","format":false,"excerpt":"https:\/\/www.radioszene.de\/208510\/lokalradios-schleswig-holstein.html","rel":"","context":"In &quot;Deutsch&quot;","block_context":{"text":"Deutsch","link":"https:\/\/www.achimbrueckner.de\/dxradio\/php\/wordpress\/?cat=1"},"img":{"alt_text":"","src":"","width":0,"height":0},"classes":[]},{"id":32839,"url":"https:\/\/www.achimbrueckner.de\/dxradio\/php\/wordpress\/?p=32839","url_meta":{"origin":4744,"position":1},"title":"Fu\u00dfball-EM bei den NRW-Lokalradios: Christoph Daum wird Experte f\u00fcr alle Deutschland-Spiele","author":"Administrator","date":"June 8, 2021","format":false,"excerpt":"https:\/\/www.radiowoche.de\/fussball-em-bei-den-nrw-lokalradios-christoph-daum-wird-experte-fuer-alle-deutschland-spiele\/","rel":"","context":"In &quot;Deutsch&quot;","block_context":{"text":"Deutsch","link":"https:\/\/www.achimbrueckner.de\/dxradio\/php\/wordpress\/?cat=1"},"img":{"alt_text":"","src":"","width":0,"height":0},"classes":[]},{"id":34046,"url":"https:\/\/www.achimbrueckner.de\/dxradio\/php\/wordpress\/?p=34046","url_meta":{"origin":4744,"position":2},"title":"Norwegische Lokalradios d\u00fcrfen weitere f\u00fcnf Jahre \u00fcber UKW senden","author":"Administrator","date":"November 19, 2021","format":false,"excerpt":"https:\/\/www.radiowoche.de\/norwegische-lokalradios-duerfen-weitere-fuenf-jahre-ueber-ukw-senden\/","rel":"","context":"In &quot;Deutsch&quot;","block_context":{"text":"Deutsch","link":"https:\/\/www.achimbrueckner.de\/dxradio\/php\/wordpress\/?cat=1"},"img":{"alt_text":"","src":"","width":0,"height":0},"classes":[]},{"id":3221,"url":"https:\/\/www.achimbrueckner.de\/dxradio\/php\/wordpress\/?p=3221","url_meta":{"origin":4744,"position":3},"title":"Rot-Gr\u00fcn will den B\u00fcrgerfunk in den NRW-Lokalradios st\u00e4rken","author":"Administrator","date":"May 30, 2014","format":false,"excerpt":"http:\/\/www.derwesten.de\/kultur\/fernsehen\/rot-gruen-will-den-buergerfunk-in-den-nrw-lokalradios-staerken-id9402811.html","rel":"","context":"In &quot;Deutsch&quot;","block_context":{"text":"Deutsch","link":"https:\/\/www.achimbrueckner.de\/dxradio\/php\/wordpress\/?cat=1"},"img":{"alt_text":"","src":"","width":0,"height":0},"classes":[]},{"id":43342,"url":"https:\/\/www.achimbrueckner.de\/dxradio\/php\/wordpress\/?p=43342","url_meta":{"origin":4744,"position":4},"title":"S\u00fcdkorea schaltet Propagandasender f\u00fcr den Norden ab","author":"Administrator","date":"July 21, 2025","format":false,"excerpt":"https:\/\/www.radioblog.eu\/2025\/07\/21\/suedkorea-schaltet-propagandasender-fuer-den-norden-ab\/","rel":"","context":"In &quot;Deutsch&quot;","block_context":{"text":"Deutsch","link":"https:\/\/www.achimbrueckner.de\/dxradio\/php\/wordpress\/?cat=1"},"img":{"alt_text":"","src":"","width":0,"height":0},"classes":[]},{"id":35774,"url":"https:\/\/www.achimbrueckner.de\/dxradio\/php\/wordpress\/?p=35774","url_meta":{"origin":4744,"position":5},"title":"DAB+: 16 weitere Programme f\u00fcr den Norden","author":"Administrator","date":"April 15, 2022","format":false,"excerpt":"https:\/\/www.smartphonefan.de\/2022\/04\/14\/dab-16-weitere-programme-fuer-den-norden\/","rel":"","context":"In &quot;Deutsch&quot;","block_context":{"text":"Deutsch","link":"https:\/\/www.achimbrueckner.de\/dxradio\/php\/wordpress\/?cat=1"},"img":{"alt_text":"","src":"","width":0,"height":0},"classes":[]}],"_links":{"self":[{"href":"https:\/\/www.achimbrueckner.de\/dxradio\/php\/wordpress\/index.php?rest_route=\/wp\/v2\/posts\/4744","targetHints":{"allow":["GET"]}}],"collection":[{"href":"https:\/\/www.achimbrueckner.de\/dxradio\/php\/wordpress\/index.php?rest_route=\/wp\/v2\/posts"}],"about":[{"href":"https:\/\/www.achimbrueckner.de\/dxradio\/php\/wordpress\/index.php?rest_route=\/wp\/v2\/types\/post"}],"author":[{"embeddable":true,"href":"https:\/\/www.achimbrueckner.de\/dxradio\/php\/wordpress\/index.php?rest_route=\/wp\/v2\/users\/1"}],"replies":[{"embeddable":true,"href":"https:\/\/www.achimbrueckner.de\/dxradio\/php\/wordpress\/index.php?rest_route=%2Fwp%2Fv2%2Fcomments&post=4744"}],"version-history":[{"count":0,"href":"https:\/\/www.achimbrueckner.de\/dxradio\/php\/wordpress\/index.php?rest_route=\/wp\/v2\/posts\/4744\/revisions"}],"wp:attachment":[{"href":"https:\/\/www.achimbrueckner.de\/dxradio\/php\/wordpress\/index.php?rest_route=%2Fwp%2Fv2%2Fmedia&parent=4744"}],"wp:term":[{"taxonomy":"category","embeddable":true,"href":"https:\/\/www.achimbrueckner.de\/dxradio\/php\/wordpress\/index.php?rest_route=%2Fwp%2Fv2%2Fcategories&post=4744"},{"taxonomy":"post_tag","embeddable":true,"href":"https:\/\/www.achimbrueckner.de\/dxradio\/php\/wordpress\/index.php?rest_route=%2Fwp%2Fv2%2Ftags&post=4744"}],"curies":[{"name":"wp","href":"https:\/\/api.w.org\/{rel}","templated":true}]}}