{"id":4983,"date":"2015-06-23T16:49:01","date_gmt":"2015-06-23T16:49:01","guid":{"rendered":"https:\/\/www.achimbrueckner.de\/dxradio\/php\/wordpress\/?p=4983"},"modified":"2015-06-23T16:49:01","modified_gmt":"2015-06-23T16:49:01","slug":"dusseldorfer-kinder-machen-radio","status":"publish","type":"post","link":"https:\/\/www.achimbrueckner.de\/dxradio\/php\/wordpress\/?p=4983","title":{"rendered":"D\u00fcsseldorfer Kinder machen Radio"},"content":{"rendered":"<p><a href=\"http:\/\/www.lokalkompass.de\/duesseldorf\/ratgeber\/duesseldorfer-kinder-machen-radio-d558628.html\" target=\"_blank\">http:\/\/www.lokalkompass.de\/duesseldorf\/ratgeber\/duesseldorfer-kinder-machen-radio-d558628.html<\/a><\/p>\n","protected":false},"excerpt":{"rendered":"<p>http:\/\/www.lokalkompass.de\/duesseldorf\/ratgeber\/duesseldorfer-kinder-machen-radio-d558628.html<\/p>\n","protected":false},"author":1,"featured_media":0,"comment_status":"open","ping_status":"open","sticky":false,"template":"","format":"standard","meta":{"_jetpack_memberships_contains_paid_content":false,"footnotes":"","jetpack_publicize_message":"","jetpack_publicize_feature_enabled":true,"jetpack_social_post_already_shared":true,"jetpack_social_options":{"image_generator_settings":{"template":"highway","default_image_id":0,"font":"","enabled":false},"version":2}},"categories":[1],"tags":[],"class_list":["post-4983","post","type-post","status-publish","format-standard","hentry","category-deutsch"],"jetpack_publicize_connections":[],"jetpack_featured_media_url":"","jetpack_sharing_enabled":true,"jetpack_shortlink":"https:\/\/wp.me\/p5CDmr-1in","jetpack-related-posts":[{"id":30088,"url":"https:\/\/www.achimbrueckner.de\/dxradio\/php\/wordpress\/?p=30088","url_meta":{"origin":4983,"position":0},"title":"Kinder und Jugendliche machen Radio in Marl","author":"Administrator","date":"September 15, 2020","format":false,"excerpt":"https:\/\/www.lokalkompass.de\/marl\/c-kultur\/kinder-und-jugendliche-machen-radio-in-marl_a1435488","rel":"","context":"In &quot;Deutsch&quot;","block_context":{"text":"Deutsch","link":"https:\/\/www.achimbrueckner.de\/dxradio\/php\/wordpress\/?cat=1"},"img":{"alt_text":"","src":"","width":0,"height":0},"classes":[]},{"id":13961,"url":"https:\/\/www.achimbrueckner.de\/dxradio\/php\/wordpress\/?p=13961","url_meta":{"origin":4983,"position":1},"title":"Mobiles Medienprojekt: Kinder machen Radio im Wassertorkiez","author":"Administrator","date":"July 31, 2017","format":false,"excerpt":"http:\/\/www.berliner-woche.de\/kreuzberg\/bildung\/mobiles-medienprojekt-kinder-machen-radio-im-wassertorkiez-d129827.html","rel":"","context":"In &quot;Deutsch&quot;","block_context":{"text":"Deutsch","link":"https:\/\/www.achimbrueckner.de\/dxradio\/php\/wordpress\/?cat=1"},"img":{"alt_text":"","src":"","width":0,"height":0},"classes":[]},{"id":13662,"url":"https:\/\/www.achimbrueckner.de\/dxradio\/php\/wordpress\/?p=13662","url_meta":{"origin":4983,"position":2},"title":"On Air: Bonni-Sch\u00fcler machen Radio","author":"Administrator","date":"July 9, 2017","format":false,"excerpt":"http:\/\/www.lokalkompass.de\/hilden\/leute\/on-air-bonni-schueler-machen-radio-d772601.html","rel":"","context":"In &quot;Deutsch&quot;","block_context":{"text":"Deutsch","link":"https:\/\/www.achimbrueckner.de\/dxradio\/php\/wordpress\/?cat=1"},"img":{"alt_text":"","src":"","width":0,"height":0},"classes":[]},{"id":17484,"url":"https:\/\/www.achimbrueckner.de\/dxradio\/php\/wordpress\/?p=17484","url_meta":{"origin":4983,"position":3},"title":"D\u00fcsseldorfer Lokalradio Schlechter Empfang f\u00fcr Antenne-H\u00f6rer wegen neuer Antenne","author":"Administrator","date":"April 25, 2018","format":false,"excerpt":"http:\/\/www.rp-online.de\/nrw\/staedte\/duesseldorf\/duesseldorfer-lokalradio-schlechter-empfang-fuer-antenne-hoerer-aid-1.7526812","rel":"","context":"In &quot;Deutsch&quot;","block_context":{"text":"Deutsch","link":"https:\/\/www.achimbrueckner.de\/dxradio\/php\/wordpress\/?cat=1"},"img":{"alt_text":"","src":"","width":0,"height":0},"classes":[]},{"id":2629,"url":"https:\/\/www.achimbrueckner.de\/dxradio\/php\/wordpress\/?p=2629","url_meta":{"origin":4983,"position":4},"title":"D\u00fcsseldorf Studenten machen Radio f\u00fcr Studenten","author":"Administrator","date":"August 27, 2013","format":false,"excerpt":"http:\/\/www.rp-online.de\/region-duesseldorf\/duesseldorf\/nachrichten\/studenten-machen-radio-fuer-studenten-1.3632170","rel":"","context":"In &quot;Deutsch&quot;","block_context":{"text":"Deutsch","link":"https:\/\/www.achimbrueckner.de\/dxradio\/php\/wordpress\/?cat=1"},"img":{"alt_text":"","src":"","width":0,"height":0},"classes":[]},{"id":19735,"url":"https:\/\/www.achimbrueckner.de\/dxradio\/php\/wordpress\/?p=19735","url_meta":{"origin":4983,"position":5},"title":"Kinder machen Radio Abgeordneter Scholz besucht TIM-Radioprojekt","author":"Administrator","date":"October 24, 2018","format":false,"excerpt":"https:\/\/www.rheinische-anzeigenblaetter.de\/region\/leverkusen\/kinder-machen-radio-abgeordneter-scholz-besucht-tim-radioprojekt-31474580","rel":"","context":"In &quot;Deutsch&quot;","block_context":{"text":"Deutsch","link":"https:\/\/www.achimbrueckner.de\/dxradio\/php\/wordpress\/?cat=1"},"img":{"alt_text":"","src":"","width":0,"height":0},"classes":[]}],"_links":{"self":[{"href":"https:\/\/www.achimbrueckner.de\/dxradio\/php\/wordpress\/index.php?rest_route=\/wp\/v2\/posts\/4983","targetHints":{"allow":["GET"]}}],"collection":[{"href":"https:\/\/www.achimbrueckner.de\/dxradio\/php\/wordpress\/index.php?rest_route=\/wp\/v2\/posts"}],"about":[{"href":"https:\/\/www.achimbrueckner.de\/dxradio\/php\/wordpress\/index.php?rest_route=\/wp\/v2\/types\/post"}],"author":[{"embeddable":true,"href":"https:\/\/www.achimbrueckner.de\/dxradio\/php\/wordpress\/index.php?rest_route=\/wp\/v2\/users\/1"}],"replies":[{"embeddable":true,"href":"https:\/\/www.achimbrueckner.de\/dxradio\/php\/wordpress\/index.php?rest_route=%2Fwp%2Fv2%2Fcomments&post=4983"}],"version-history":[{"count":0,"href":"https:\/\/www.achimbrueckner.de\/dxradio\/php\/wordpress\/index.php?rest_route=\/wp\/v2\/posts\/4983\/revisions"}],"wp:attachment":[{"href":"https:\/\/www.achimbrueckner.de\/dxradio\/php\/wordpress\/index.php?rest_route=%2Fwp%2Fv2%2Fmedia&parent=4983"}],"wp:term":[{"taxonomy":"category","embeddable":true,"href":"https:\/\/www.achimbrueckner.de\/dxradio\/php\/wordpress\/index.php?rest_route=%2Fwp%2Fv2%2Fcategories&post=4983"},{"taxonomy":"post_tag","embeddable":true,"href":"https:\/\/www.achimbrueckner.de\/dxradio\/php\/wordpress\/index.php?rest_route=%2Fwp%2Fv2%2Ftags&post=4983"}],"curies":[{"name":"wp","href":"https:\/\/api.w.org\/{rel}","templated":true}]}}