{"id":4984,"date":"2015-06-23T16:51:17","date_gmt":"2015-06-23T16:51:17","guid":{"rendered":"https:\/\/www.achimbrueckner.de\/dxradio\/php\/wordpress\/?p=4984"},"modified":"2015-06-23T16:51:17","modified_gmt":"2015-06-23T16:51:17","slug":"si-jetait-president","status":"publish","type":"post","link":"https:\/\/www.achimbrueckner.de\/dxradio\/php\/wordpress\/?p=4984","title":{"rendered":"Si j\u2019\u00e9tait pr\u00e9sident"},"content":{"rendered":"<p><a href=\"http:\/\/funkperlen.blogspot.ch\/2015\/06\/si-jetait-president.html\" target=\"_blank\">http:\/\/funkperlen.blogspot.ch\/2015\/06\/si-jetait-president.html<\/a><\/p>\n<p>Info via <a href=\"http:\/\/www.ratzer.at\" target=\"_blank\">A-DX<\/a><\/p>\n","protected":false},"excerpt":{"rendered":"<p>http:\/\/funkperlen.blogspot.ch\/2015\/06\/si-jetait-president.html Info via A-DX<\/p>\n","protected":false},"author":1,"featured_media":0,"comment_status":"open","ping_status":"open","sticky":false,"template":"","format":"standard","meta":{"_jetpack_memberships_contains_paid_content":false,"footnotes":"","jetpack_publicize_message":"","jetpack_publicize_feature_enabled":true,"jetpack_social_post_already_shared":true,"jetpack_social_options":{"image_generator_settings":{"template":"highway","default_image_id":0,"font":"","enabled":false},"version":2}},"categories":[1,14],"tags":[40],"class_list":["post-4984","post","type-post","status-publish","format-standard","hentry","category-deutsch","category-dx","tag-dx"],"jetpack_publicize_connections":[],"jetpack_featured_media_url":"","jetpack_sharing_enabled":true,"jetpack_shortlink":"https:\/\/wp.me\/p5CDmr-1io","jetpack-related-posts":[{"id":4280,"url":"https:\/\/www.achimbrueckner.de\/dxradio\/php\/wordpress\/?p=4280","url_meta":{"origin":4984,"position":0},"title":"Kurzwellensender Damaskus abgerissen","author":"Administrator","date":"March 25, 2015","format":false,"excerpt":"http:\/\/www.radioeins.de\/programm\/sendungen\/medienmagazin\/radio_news\/beitraege\/2015\/damaskus.html Info via A-DX","rel":"","context":"In &quot;Deutsch&quot;","block_context":{"text":"Deutsch","link":"https:\/\/www.achimbrueckner.de\/dxradio\/php\/wordpress\/?cat=1"},"img":{"alt_text":"","src":"","width":0,"height":0},"classes":[]},{"id":7121,"url":"https:\/\/www.achimbrueckner.de\/dxradio\/php\/wordpress\/?p=7121","url_meta":{"origin":4984,"position":1},"title":"Rechtsfragen des digitalen terrestrischen H\u00f6rfunks,  Saarbr\u00fccken 2015","author":"Administrator","date":"December 31, 2015","format":false,"excerpt":"http:\/\/www.emr-sb.de\/tl_files\/EMR-SB\/content\/PDF\/Publikationen\/EMR-Script_Band%201_Rechtsfragen%20des%20digitalen%20terrestrischen_Hoerfunks.pdf Info via A-DX","rel":"","context":"In &quot;Deutsch&quot;","block_context":{"text":"Deutsch","link":"https:\/\/www.achimbrueckner.de\/dxradio\/php\/wordpress\/?cat=1"},"img":{"alt_text":"","src":"","width":0,"height":0},"classes":[]},{"id":4014,"url":"https:\/\/www.achimbrueckner.de\/dxradio\/php\/wordpress\/?p=4014","url_meta":{"origin":4984,"position":2},"title":"Tage des Heusweiler Senders sind gez\u00e4hlt","author":"Administrator","date":"January 24, 2015","format":false,"excerpt":"http:\/\/www.saarbruecker-zeitung.de\/saarland\/koellertal\/heusweiler\/heusweiler\/Heusweiler-Antennen-Hoerfunksendungen-und-Serien-Jahr-1973-Jahr-1994-Jahr-2015-Rundfunkhaeuser-Ultrakurzwelle;art446759,5598107 Info via A-DX","rel":"","context":"In &quot;Deutsch&quot;","block_context":{"text":"Deutsch","link":"https:\/\/www.achimbrueckner.de\/dxradio\/php\/wordpress\/?cat=1"},"img":{"alt_text":"","src":"","width":0,"height":0},"classes":[]},{"id":27827,"url":"https:\/\/www.achimbrueckner.de\/dxradio\/php\/wordpress\/?p=27827","url_meta":{"origin":4984,"position":3},"title":"Aoki EiBi A20","author":"Administrator","date":"March 29, 2020","format":false,"excerpt":"Die A20 Liste von Aoki ist zun\u00e4chst als zip-txt-Datei verf\u00fcgbar und erleichtert das H\u00f6ren doch enorm: http:\/\/www1.s2.starcat.ne.jp\/ndxc\/pc\/nd\/nxa20.zip EiBi hat seine Listen zu fast fertig: Nach Zeit: http:\/\/eibispace.de\/dx\/bc-a20.txt Nach QRG: http:\/\/eibispace.de\/dx\/freq-a20.txt CSV: http:\/\/eibispace.de\/dx\/sked-a20.csv txt f\u00fcr Perseus: http:\/\/eibispace.de\/dx\/eibi.txt zip f\u00fcr Radio Explorer: http:\/\/eibispace.de\/dx\/eibi-radioexplorer-a20.zip Info via A-DX","rel":"","context":"In &quot;Deutsch&quot;","block_context":{"text":"Deutsch","link":"https:\/\/www.achimbrueckner.de\/dxradio\/php\/wordpress\/?cat=1"},"img":{"alt_text":"","src":"","width":0,"height":0},"classes":[]},{"id":3704,"url":"https:\/\/www.achimbrueckner.de\/dxradio\/php\/wordpress\/?p=3704","url_meta":{"origin":4984,"position":4},"title":"DX Klubs in S\u00fcdamerika","author":"Administrator","date":"October 25, 2014","format":false,"excerpt":"Horacio Nigro aus Uruguay hat auf seiner Webseite viel Historisches zu DX Klubs in S\u00fcdamerika zusammengetragen: http:\/\/lagalenadelsur.wordpress.com Info via A-DX","rel":"","context":"In &quot;Deutsch&quot;","block_context":{"text":"Deutsch","link":"https:\/\/www.achimbrueckner.de\/dxradio\/php\/wordpress\/?cat=1"},"img":{"alt_text":"","src":"","width":0,"height":0},"classes":[]},{"id":9108,"url":"https:\/\/www.achimbrueckner.de\/dxradio\/php\/wordpress\/?p=9108","url_meta":{"origin":4984,"position":5},"title":"Frequenz\u00e4nderung beim DWD: neu 6180 kHz (ex 5905 kHz)","author":"Administrator","date":"August 9, 2016","format":false,"excerpt":"Hallo, die Homepage des DWD berichtet \u00fcber eine Frequenz\u00e4nderung f\u00fcr die Testsendungen in AM ab dem 08.08.2016: \"Seewetterbericht \u00fcber Kurzwelle (AM): Testweise wird ein Seewetterbericht Nord- und Ostsee ausgestrahlt auf 5905, ab 8.8.2016 auf 6180 kHz t\u00e4glich 06:00-06:30, 12:00-12:30, 20:00-2030 UTC\" Quelle: http:\/\/www.dwd.de\/DE\/fachnutzer\/schifffahrt\/seewetter\/seewetter_node.html Info via A-DX","rel":"","context":"In &quot;Deutsch&quot;","block_context":{"text":"Deutsch","link":"https:\/\/www.achimbrueckner.de\/dxradio\/php\/wordpress\/?cat=1"},"img":{"alt_text":"","src":"","width":0,"height":0},"classes":[]}],"_links":{"self":[{"href":"https:\/\/www.achimbrueckner.de\/dxradio\/php\/wordpress\/index.php?rest_route=\/wp\/v2\/posts\/4984","targetHints":{"allow":["GET"]}}],"collection":[{"href":"https:\/\/www.achimbrueckner.de\/dxradio\/php\/wordpress\/index.php?rest_route=\/wp\/v2\/posts"}],"about":[{"href":"https:\/\/www.achimbrueckner.de\/dxradio\/php\/wordpress\/index.php?rest_route=\/wp\/v2\/types\/post"}],"author":[{"embeddable":true,"href":"https:\/\/www.achimbrueckner.de\/dxradio\/php\/wordpress\/index.php?rest_route=\/wp\/v2\/users\/1"}],"replies":[{"embeddable":true,"href":"https:\/\/www.achimbrueckner.de\/dxradio\/php\/wordpress\/index.php?rest_route=%2Fwp%2Fv2%2Fcomments&post=4984"}],"version-history":[{"count":0,"href":"https:\/\/www.achimbrueckner.de\/dxradio\/php\/wordpress\/index.php?rest_route=\/wp\/v2\/posts\/4984\/revisions"}],"wp:attachment":[{"href":"https:\/\/www.achimbrueckner.de\/dxradio\/php\/wordpress\/index.php?rest_route=%2Fwp%2Fv2%2Fmedia&parent=4984"}],"wp:term":[{"taxonomy":"category","embeddable":true,"href":"https:\/\/www.achimbrueckner.de\/dxradio\/php\/wordpress\/index.php?rest_route=%2Fwp%2Fv2%2Fcategories&post=4984"},{"taxonomy":"post_tag","embeddable":true,"href":"https:\/\/www.achimbrueckner.de\/dxradio\/php\/wordpress\/index.php?rest_route=%2Fwp%2Fv2%2Ftags&post=4984"}],"curies":[{"name":"wp","href":"https:\/\/api.w.org\/{rel}","templated":true}]}}