{"id":4988,"date":"2015-06-23T16:56:32","date_gmt":"2015-06-23T16:56:32","guid":{"rendered":"https:\/\/www.achimbrueckner.de\/dxradio\/php\/wordpress\/?p=4988"},"modified":"2015-06-23T16:56:32","modified_gmt":"2015-06-23T16:56:32","slug":"bbc-world-service-wenn-kuhglocken-die-briten-interessieren","status":"publish","type":"post","link":"https:\/\/www.achimbrueckner.de\/dxradio\/php\/wordpress\/?p=4988","title":{"rendered":"BBC World Service Wenn Kuhglocken die Briten interessieren"},"content":{"rendered":"<p><a href=\"http:\/\/www.nzz.ch\/feuilleton\/medien\/wenn-kuhglocken-die-briten-interessieren-1.18567324\" target=\"_blank\">http:\/\/www.nzz.ch\/feuilleton\/medien\/wenn-kuhglocken-die-briten-interessieren-1.18567324<\/a><\/p>\n","protected":false},"excerpt":{"rendered":"<p>http:\/\/www.nzz.ch\/feuilleton\/medien\/wenn-kuhglocken-die-briten-interessieren-1.18567324<\/p>\n","protected":false},"author":1,"featured_media":0,"comment_status":"open","ping_status":"open","sticky":false,"template":"","format":"standard","meta":{"_jetpack_memberships_contains_paid_content":false,"footnotes":"","jetpack_publicize_message":"","jetpack_publicize_feature_enabled":true,"jetpack_social_post_already_shared":true,"jetpack_social_options":{"image_generator_settings":{"template":"highway","default_image_id":0,"font":"","enabled":false},"version":2}},"categories":[1,15],"tags":[45],"class_list":["post-4988","post","type-post","status-publish","format-standard","hentry","category-deutsch","category-medien","tag-medien"],"jetpack_publicize_connections":[],"jetpack_featured_media_url":"","jetpack_sharing_enabled":true,"jetpack_shortlink":"https:\/\/wp.me\/p5CDmr-1is","jetpack-related-posts":[{"id":19888,"url":"https:\/\/www.achimbrueckner.de\/dxradio\/php\/wordpress\/?p=19888","url_meta":{"origin":4988,"position":0},"title":"Studie: Junge Briten vertrauen dem &#8220;Guardian&#8221;","author":"Administrator","date":"November 2, 2018","format":false,"excerpt":"https:\/\/www.wuv.de\/medien\/studie_junge_briten_vertrauen_dem_guardian","rel":"","context":"In &quot;Deutsch&quot;","block_context":{"text":"Deutsch","link":"https:\/\/www.achimbrueckner.de\/dxradio\/php\/wordpress\/?cat=1"},"img":{"alt_text":"","src":"","width":0,"height":0},"classes":[]},{"id":10355,"url":"https:\/\/www.achimbrueckner.de\/dxradio\/php\/wordpress\/?p=10355","url_meta":{"origin":4988,"position":1},"title":"Erfolgreiche BBC-Radio-Soap \u00abDie Archers\u00bb ziehen Briten in ihren Bann","author":"Administrator","date":"September 13, 2016","format":false,"excerpt":"http:\/\/www.nzz.ch\/panorama\/aktuelle-themen\/erfolgreiche-bbc-radio-soap-die-archers-ziehen-briten-in-ihren-bann-ld.116375","rel":"","context":"In &quot;Deutsch&quot;","block_context":{"text":"Deutsch","link":"https:\/\/www.achimbrueckner.de\/dxradio\/php\/wordpress\/?cat=1"},"img":{"alt_text":"","src":"","width":0,"height":0},"classes":[]},{"id":4242,"url":"https:\/\/www.achimbrueckner.de\/dxradio\/php\/wordpress\/?p=4242","url_meta":{"origin":4988,"position":2},"title":"Radio DARC Premiere 22. M\u00e4rz 2015 6070 Khz 1000 Utc","author":"Administrator","date":"March 19, 2015","format":false,"excerpt":"Liebe YLs und OMs. nun ist es bald so weit. \"RADIO DARC\" wird am kommenden Sonntag, den 22. M\u00e4rz 2015 im 49m Rundfunkband seine regelm\u00e4\u00dfige Sendefolge aufnehmen. Die Sendungen erfolgen immer sonntags um 11 Uhr Lokalzeit (10 Uhr UTC) mit 100 kW Sendeleistung aus Wien-Moosbrunn und in einer Wiederholung montags\u2026","rel":"","context":"In &quot;Deutsch&quot;","block_context":{"text":"Deutsch","link":"https:\/\/www.achimbrueckner.de\/dxradio\/php\/wordpress\/?cat=1"},"img":{"alt_text":"","src":"","width":0,"height":0},"classes":[]},{"id":1080,"url":"https:\/\/www.achimbrueckner.de\/dxradio\/php\/wordpress\/?p=1080","url_meta":{"origin":4988,"position":3},"title":"Briten verschieben Umstieg auf Digitalradio","author":"Administrator","date":"July 11, 2010","format":false,"excerpt":"Briten verschieben Umstieg auf Digitalradio http:\/\/futurezone.orf.at\/stories\/1653092\/ Info via A-DX","rel":"","context":"In &quot;Deutsch&quot;","block_context":{"text":"Deutsch","link":"https:\/\/www.achimbrueckner.de\/dxradio\/php\/wordpress\/?cat=1"},"img":{"alt_text":"","src":"","width":0,"height":0},"classes":[]},{"id":37078,"url":"https:\/\/www.achimbrueckner.de\/dxradio\/php\/wordpress\/?p=37078","url_meta":{"origin":4988,"position":4},"title":"Tiktok gewinnt unter Briten als Nachrichtenquelle an Bedeutung","author":"Administrator","date":"July 24, 2022","format":false,"excerpt":"https:\/\/www.heise.de\/news\/Tiktok-gewinnt-unter-Briten-als-Nachrichtenquelle-an-Bedeutung-7188653.html","rel":"","context":"In &quot;Deutsch&quot;","block_context":{"text":"Deutsch","link":"https:\/\/www.achimbrueckner.de\/dxradio\/php\/wordpress\/?cat=1"},"img":{"alt_text":"","src":"","width":0,"height":0},"classes":[]},{"id":17818,"url":"https:\/\/www.achimbrueckner.de\/dxradio\/php\/wordpress\/?p=17818","url_meta":{"origin":4988,"position":5},"title":"\u00dcber 50 Prozent der Briten h\u00f6ren Radio via DAB &#038; Co","author":"Administrator","date":"May 18, 2018","format":false,"excerpt":"http:\/\/www.radiowoche.de\/mehr-als-50-prozent-der-briten-hoeren-radio-via-dab-co\/","rel":"","context":"In &quot;Deutsch&quot;","block_context":{"text":"Deutsch","link":"https:\/\/www.achimbrueckner.de\/dxradio\/php\/wordpress\/?cat=1"},"img":{"alt_text":"","src":"","width":0,"height":0},"classes":[]}],"_links":{"self":[{"href":"https:\/\/www.achimbrueckner.de\/dxradio\/php\/wordpress\/index.php?rest_route=\/wp\/v2\/posts\/4988","targetHints":{"allow":["GET"]}}],"collection":[{"href":"https:\/\/www.achimbrueckner.de\/dxradio\/php\/wordpress\/index.php?rest_route=\/wp\/v2\/posts"}],"about":[{"href":"https:\/\/www.achimbrueckner.de\/dxradio\/php\/wordpress\/index.php?rest_route=\/wp\/v2\/types\/post"}],"author":[{"embeddable":true,"href":"https:\/\/www.achimbrueckner.de\/dxradio\/php\/wordpress\/index.php?rest_route=\/wp\/v2\/users\/1"}],"replies":[{"embeddable":true,"href":"https:\/\/www.achimbrueckner.de\/dxradio\/php\/wordpress\/index.php?rest_route=%2Fwp%2Fv2%2Fcomments&post=4988"}],"version-history":[{"count":0,"href":"https:\/\/www.achimbrueckner.de\/dxradio\/php\/wordpress\/index.php?rest_route=\/wp\/v2\/posts\/4988\/revisions"}],"wp:attachment":[{"href":"https:\/\/www.achimbrueckner.de\/dxradio\/php\/wordpress\/index.php?rest_route=%2Fwp%2Fv2%2Fmedia&parent=4988"}],"wp:term":[{"taxonomy":"category","embeddable":true,"href":"https:\/\/www.achimbrueckner.de\/dxradio\/php\/wordpress\/index.php?rest_route=%2Fwp%2Fv2%2Fcategories&post=4988"},{"taxonomy":"post_tag","embeddable":true,"href":"https:\/\/www.achimbrueckner.de\/dxradio\/php\/wordpress\/index.php?rest_route=%2Fwp%2Fv2%2Ftags&post=4988"}],"curies":[{"name":"wp","href":"https:\/\/api.w.org\/{rel}","templated":true}]}}