{"id":4999,"date":"2015-06-24T17:04:31","date_gmt":"2015-06-24T17:04:31","guid":{"rendered":"https:\/\/www.achimbrueckner.de\/dxradio\/php\/wordpress\/?p=4999"},"modified":"2015-06-24T17:04:31","modified_gmt":"2015-06-24T17:04:31","slug":"wie-hatte-ein-wunschkonzert-1890-im-radio-geklungen","status":"publish","type":"post","link":"https:\/\/www.achimbrueckner.de\/dxradio\/php\/wordpress\/?p=4999","title":{"rendered":"Wie h\u00e4tte ein Wunschkonzert 1890 im Radio geklungen?"},"content":{"rendered":"<p><a href=\"http:\/\/www.infranken.de\/regional\/bad-kissingen\/Wie-haette-ein-Wunschkonzert-1890-im-Radio-geklungen;art211,1095345\" target=\"_blank\">http:\/\/www.infranken.de\/regional\/bad-kissingen\/Wie-haette-ein-Wunschkonzert-1890-im-Radio-geklungen;art211,1095345<\/a><\/p>\n","protected":false},"excerpt":{"rendered":"<p>http:\/\/www.infranken.de\/regional\/bad-kissingen\/Wie-haette-ein-Wunschkonzert-1890-im-Radio-geklungen;art211,1095345<\/p>\n","protected":false},"author":1,"featured_media":0,"comment_status":"open","ping_status":"open","sticky":false,"template":"","format":"standard","meta":{"_jetpack_memberships_contains_paid_content":false,"footnotes":"","jetpack_publicize_message":"","jetpack_publicize_feature_enabled":true,"jetpack_social_post_already_shared":true,"jetpack_social_options":{"image_generator_settings":{"template":"highway","default_image_id":0,"font":"","enabled":false},"version":2}},"categories":[1],"tags":[],"class_list":["post-4999","post","type-post","status-publish","format-standard","hentry","category-deutsch"],"jetpack_publicize_connections":[],"jetpack_featured_media_url":"","jetpack_sharing_enabled":true,"jetpack_shortlink":"https:\/\/wp.me\/p5CDmr-1iD","jetpack-related-posts":[{"id":4945,"url":"https:\/\/www.achimbrueckner.de\/dxradio\/php\/wordpress\/?p=4945","url_meta":{"origin":4999,"position":0},"title":"WUNSCHKONZERT  Unterhaltungsmusik und Propaganda im Rundfunk des Dritten Reichs","author":"Administrator","date":"June 17, 2015","format":false,"excerpt":"http:\/\/www.ares-verlag.com\/buecher\/zeitgeschichte\/zeitgeschichte-detail\/article\/wunschkonzert.html Info via A-DX","rel":"","context":"In &quot;Deutsch&quot;","block_context":{"text":"Deutsch","link":"https:\/\/www.achimbrueckner.de\/dxradio\/php\/wordpress\/?cat=1"},"img":{"alt_text":"","src":"","width":0,"height":0},"classes":[]},{"id":1176,"url":"https:\/\/www.achimbrueckner.de\/dxradio\/php\/wordpress\/?p=1176","url_meta":{"origin":4999,"position":1},"title":"Diplomkontest des RTI Hoererklubs Ottenau","author":"Administrator","date":"October 3, 2010","format":false,"excerpt":"Liebe Mitglieder und Freunde des RTI Hoererklubs Ottenau, sehr geehrte Damen und Herren, liebe Hobbyfreunde, gerne sende ich Euch eine Information ueber den jetzigen Diplomkontest des RTI Hoererklubs Ottenau mit Radio Taiwan International und Radio Bulgarien zu, der heute um 1700 UTC mit der ersten von 7 Direktsendungen auf 9955\u2026","rel":"","context":"In &quot;contests&quot;","block_context":{"text":"contests","link":"https:\/\/www.achimbrueckner.de\/dxradio\/php\/wordpress\/?cat=6"},"img":{"alt_text":"","src":"","width":0,"height":0},"classes":[]},{"id":28374,"url":"https:\/\/www.achimbrueckner.de\/dxradio\/php\/wordpress\/?p=28374","url_meta":{"origin":4999,"position":2},"title":"WIE KANN MAN FRAGW\u00dcRDIGEN PRAKTIKEN IM RADIO BEGEGNEN? \u2013 EIN GESPR\u00c4CH MIT FAIR RADIO","author":"Administrator","date":"April 28, 2020","format":false,"excerpt":"https:\/\/media-bubble.de\/wie-kann-man-fragwuerdigen-praktiken-im-radio-begegnen-im-gespraech-mit-fair-radio\/","rel":"","context":"In &quot;Deutsch&quot;","block_context":{"text":"Deutsch","link":"https:\/\/www.achimbrueckner.de\/dxradio\/php\/wordpress\/?cat=1"},"img":{"alt_text":"","src":"","width":0,"height":0},"classes":[]},{"id":21770,"url":"https:\/\/www.achimbrueckner.de\/dxradio\/php\/wordpress\/?p=21770","url_meta":{"origin":4999,"position":3},"title":"DID EXKLUSIV: KULTRADIO im Interview","author":"Administrator","date":"February 21, 2019","format":false,"excerpt":"https:\/\/forum.digitalradio-in-deutschland.de\/viewtopic.php?f=2&t=1890","rel":"","context":"In &quot;Deutsch&quot;","block_context":{"text":"Deutsch","link":"https:\/\/www.achimbrueckner.de\/dxradio\/php\/wordpress\/?cat=1"},"img":{"alt_text":"","src":"","width":0,"height":0},"classes":[]},{"id":1890,"url":"https:\/\/www.achimbrueckner.de\/dxradio\/php\/wordpress\/?p=1890","url_meta":{"origin":4999,"position":4},"title":"Alter RAS-Sendemast am Kronplatz entfernt","author":"Administrator","date":"November 3, 2011","format":false,"excerpt":"Alter RAS-Sendemast am Kronplatz entfernt http:\/\/www.stol.it\/Artikel\/Chronik-im-Ueberblick\/Lokal\/Alter-RAS-Sendemast-am-Kronplatz-entfernt","rel":"","context":"In &quot;Deutsch&quot;","block_context":{"text":"Deutsch","link":"https:\/\/www.achimbrueckner.de\/dxradio\/php\/wordpress\/?cat=1"},"img":{"alt_text":"","src":"","width":0,"height":0},"classes":[]},{"id":30281,"url":"https:\/\/www.achimbrueckner.de\/dxradio\/php\/wordpress\/?p=30281","url_meta":{"origin":4999,"position":5},"title":"Programmtipp: 50 Jahre Close-Down von Radio CAE","author":"Administrator","date":"October 2, 2020","format":false,"excerpt":"\u201cAt 87.8 on the FM-dial, this is Canadian Forces Radio CAE in Werl, Germany\u2026\u201d \u00dcber 14 Jahre lang h\u00f6rte man diesen Station Break auf UKW ganz vorne, am Anfang der Skala, sofern man am \u00f6stlichen Rande des Ruhrgebiets wohnte. Am 21. M\u00e4rz 1956 um 17.00 Uhr war hier ein einzigartiger\u2026","rel":"","context":"In &quot;Deutsch&quot;","block_context":{"text":"Deutsch","link":"https:\/\/www.achimbrueckner.de\/dxradio\/php\/wordpress\/?cat=1"},"img":{"alt_text":"","src":"","width":0,"height":0},"classes":[]}],"_links":{"self":[{"href":"https:\/\/www.achimbrueckner.de\/dxradio\/php\/wordpress\/index.php?rest_route=\/wp\/v2\/posts\/4999","targetHints":{"allow":["GET"]}}],"collection":[{"href":"https:\/\/www.achimbrueckner.de\/dxradio\/php\/wordpress\/index.php?rest_route=\/wp\/v2\/posts"}],"about":[{"href":"https:\/\/www.achimbrueckner.de\/dxradio\/php\/wordpress\/index.php?rest_route=\/wp\/v2\/types\/post"}],"author":[{"embeddable":true,"href":"https:\/\/www.achimbrueckner.de\/dxradio\/php\/wordpress\/index.php?rest_route=\/wp\/v2\/users\/1"}],"replies":[{"embeddable":true,"href":"https:\/\/www.achimbrueckner.de\/dxradio\/php\/wordpress\/index.php?rest_route=%2Fwp%2Fv2%2Fcomments&post=4999"}],"version-history":[{"count":0,"href":"https:\/\/www.achimbrueckner.de\/dxradio\/php\/wordpress\/index.php?rest_route=\/wp\/v2\/posts\/4999\/revisions"}],"wp:attachment":[{"href":"https:\/\/www.achimbrueckner.de\/dxradio\/php\/wordpress\/index.php?rest_route=%2Fwp%2Fv2%2Fmedia&parent=4999"}],"wp:term":[{"taxonomy":"category","embeddable":true,"href":"https:\/\/www.achimbrueckner.de\/dxradio\/php\/wordpress\/index.php?rest_route=%2Fwp%2Fv2%2Fcategories&post=4999"},{"taxonomy":"post_tag","embeddable":true,"href":"https:\/\/www.achimbrueckner.de\/dxradio\/php\/wordpress\/index.php?rest_route=%2Fwp%2Fv2%2Ftags&post=4999"}],"curies":[{"name":"wp","href":"https:\/\/api.w.org\/{rel}","templated":true}]}}