{"id":5014,"date":"2015-06-25T17:09:21","date_gmt":"2015-06-25T17:09:21","guid":{"rendered":"https:\/\/www.achimbrueckner.de\/dxradio\/php\/wordpress\/?p=5014"},"modified":"2015-06-25T17:09:21","modified_gmt":"2015-06-25T17:09:21","slug":"60-jahre-radio-essay-die-grose-kulturmaschine-funk","status":"publish","type":"post","link":"https:\/\/www.achimbrueckner.de\/dxradio\/php\/wordpress\/?p=5014","title":{"rendered":"60 Jahre &#8220;Radio-Essay&#8221; &#8220;Die gro\u00dfe Kulturmaschine Funk&#8221;"},"content":{"rendered":"<p><a href=\"http:\/\/www.swr.de\/swr2\/kultur-info\/60-jahre-radio-essay\/-\/id=9597116\/did=15724142\/nid=9597116\/1jxbysd\/\" target=\"_blank\">http:\/\/www.swr.de\/swr2\/kultur-info\/60-jahre-radio-essay\/-\/id=9597116\/did=15724142\/nid=9597116\/1jxbysd\/<\/a><\/p>\n","protected":false},"excerpt":{"rendered":"<p>http:\/\/www.swr.de\/swr2\/kultur-info\/60-jahre-radio-essay\/-\/id=9597116\/did=15724142\/nid=9597116\/1jxbysd\/<\/p>\n","protected":false},"author":1,"featured_media":0,"comment_status":"open","ping_status":"open","sticky":false,"template":"","format":"standard","meta":{"_jetpack_memberships_contains_paid_content":false,"footnotes":"","jetpack_publicize_message":"","jetpack_publicize_feature_enabled":true,"jetpack_social_post_already_shared":true,"jetpack_social_options":{"image_generator_settings":{"template":"highway","default_image_id":0,"font":"","enabled":false},"version":2}},"categories":[1],"tags":[],"class_list":["post-5014","post","type-post","status-publish","format-standard","hentry","category-deutsch"],"jetpack_publicize_connections":[],"jetpack_featured_media_url":"","jetpack_sharing_enabled":true,"jetpack_shortlink":"https:\/\/wp.me\/p5CDmr-1iS","jetpack-related-posts":[{"id":19723,"url":"https:\/\/www.achimbrueckner.de\/dxradio\/php\/wordpress\/?p=19723","url_meta":{"origin":5014,"position":0},"title":"Das Radio und seine K\u00fcnstler","author":"Administrator","date":"October 24, 2018","format":false,"excerpt":"https:\/\/www.swr.de\/swr2\/kultur-info\/radiophonic-spaces-geschichte-der-radio-kunst-im-museum-tinguely-basel\/-\/id=9597116\/did=22699880\/nid=9597116\/iofe2f\/index.html","rel":"","context":"In &quot;Deutsch&quot;","block_context":{"text":"Deutsch","link":"https:\/\/www.achimbrueckner.de\/dxradio\/php\/wordpress\/?cat=1"},"img":{"alt_text":"","src":"","width":0,"height":0},"classes":[]},{"id":3556,"url":"https:\/\/www.achimbrueckner.de\/dxradio\/php\/wordpress\/?p=3556","url_meta":{"origin":5014,"position":1},"title":"Webradio f\u00fcr die ganz Kleinen Radio Doudou","author":"Administrator","date":"September 21, 2014","format":false,"excerpt":"http:\/\/www.swr.de\/swr2\/kultur-info\/netzkultur-webradio-doudou-andreas-teske\/-\/id=9597116\/nid=9597116\/did=14176086\/1r33j5z\/index.html Info via A-DX","rel":"","context":"In &quot;Deutsch&quot;","block_context":{"text":"Deutsch","link":"https:\/\/www.achimbrueckner.de\/dxradio\/php\/wordpress\/?cat=1"},"img":{"alt_text":"","src":"","width":0,"height":0},"classes":[]},{"id":14463,"url":"https:\/\/www.achimbrueckner.de\/dxradio\/php\/wordpress\/?p=14463","url_meta":{"origin":5014,"position":2},"title":"Radioprojekt von Fl\u00fcchtlingen Our Voice &#8211; Gefl\u00fcchtete bekommen eine Stimme","author":"Administrator","date":"September 6, 2017","format":false,"excerpt":"https:\/\/www.swr.de\/swr2\/kultur-info\/radioprojekt-our-voice-fluechtlinge\/-\/id=9597116\/did=20227788\/nid=9597116\/1ak6k3l\/index.html","rel":"","context":"In &quot;Deutsch&quot;","block_context":{"text":"Deutsch","link":"https:\/\/www.achimbrueckner.de\/dxradio\/php\/wordpress\/?cat=1"},"img":{"alt_text":"","src":"","width":0,"height":0},"classes":[]},{"id":5029,"url":"https:\/\/www.achimbrueckner.de\/dxradio\/php\/wordpress\/?p=5029","url_meta":{"origin":5014,"position":3},"title":"60 Jahre Radio-Essay Doch noch Liebe im Ger\u00e4usch","author":"Administrator","date":"June 27, 2015","format":false,"excerpt":"http:\/\/www.stuttgarter-zeitung.de\/inhalt.60-jahre-radio-essay-doch-noch-liebe-im-geraeusch.b3120b39-db17-4ce1-a525-65f5493624a5.html","rel":"","context":"In &quot;Deutsch&quot;","block_context":{"text":"Deutsch","link":"https:\/\/www.achimbrueckner.de\/dxradio\/php\/wordpress\/?cat=1"},"img":{"alt_text":"","src":"","width":0,"height":0},"classes":[]},{"id":1548,"url":"https:\/\/www.achimbrueckner.de\/dxradio\/php\/wordpress\/?p=1548","url_meta":{"origin":5014,"position":4},"title":"\u00e2\u20ac\u017eEtwas f\u00fcr die Freiheit unseres Volkes tun\u00e2\u20ac\u0153 \u00e2\u20ac\u201c 60 Jahre Radio Freies Europa","author":"Administrator","date":"May 16, 2011","format":false,"excerpt":"\u00e2\u20ac\u017eEtwas f\u00fcr die Freiheit unseres Volkes tun\u00e2\u20ac\u0153 \u00e2\u20ac\u201c 60 Jahre Radio Freies Europa http:\/\/www.radio.cz\/de\/rubrik\/tagesecho\/etwas-fuer-die-freiheit-unseres-volkes-tun-60-jahre-radio-freies-europa","rel":"","context":"In &quot;Deutsch&quot;","block_context":{"text":"Deutsch","link":"https:\/\/www.achimbrueckner.de\/dxradio\/php\/wordpress\/?cat=1"},"img":{"alt_text":"","src":"","width":0,"height":0},"classes":[]},{"id":13792,"url":"https:\/\/www.achimbrueckner.de\/dxradio\/php\/wordpress\/?p=13792","url_meta":{"origin":5014,"position":5},"title":"60 Jahre Radio Luxemburg","author":"Administrator","date":"July 16, 2017","format":false,"excerpt":"https:\/\/smartphonefan.wordpress.com\/2017\/07\/15\/60-jahre-radio-luxemburg\/","rel":"","context":"In &quot;Deutsch&quot;","block_context":{"text":"Deutsch","link":"https:\/\/www.achimbrueckner.de\/dxradio\/php\/wordpress\/?cat=1"},"img":{"alt_text":"","src":"","width":0,"height":0},"classes":[]}],"_links":{"self":[{"href":"https:\/\/www.achimbrueckner.de\/dxradio\/php\/wordpress\/index.php?rest_route=\/wp\/v2\/posts\/5014","targetHints":{"allow":["GET"]}}],"collection":[{"href":"https:\/\/www.achimbrueckner.de\/dxradio\/php\/wordpress\/index.php?rest_route=\/wp\/v2\/posts"}],"about":[{"href":"https:\/\/www.achimbrueckner.de\/dxradio\/php\/wordpress\/index.php?rest_route=\/wp\/v2\/types\/post"}],"author":[{"embeddable":true,"href":"https:\/\/www.achimbrueckner.de\/dxradio\/php\/wordpress\/index.php?rest_route=\/wp\/v2\/users\/1"}],"replies":[{"embeddable":true,"href":"https:\/\/www.achimbrueckner.de\/dxradio\/php\/wordpress\/index.php?rest_route=%2Fwp%2Fv2%2Fcomments&post=5014"}],"version-history":[{"count":0,"href":"https:\/\/www.achimbrueckner.de\/dxradio\/php\/wordpress\/index.php?rest_route=\/wp\/v2\/posts\/5014\/revisions"}],"wp:attachment":[{"href":"https:\/\/www.achimbrueckner.de\/dxradio\/php\/wordpress\/index.php?rest_route=%2Fwp%2Fv2%2Fmedia&parent=5014"}],"wp:term":[{"taxonomy":"category","embeddable":true,"href":"https:\/\/www.achimbrueckner.de\/dxradio\/php\/wordpress\/index.php?rest_route=%2Fwp%2Fv2%2Fcategories&post=5014"},{"taxonomy":"post_tag","embeddable":true,"href":"https:\/\/www.achimbrueckner.de\/dxradio\/php\/wordpress\/index.php?rest_route=%2Fwp%2Fv2%2Ftags&post=5014"}],"curies":[{"name":"wp","href":"https:\/\/api.w.org\/{rel}","templated":true}]}}