{"id":5016,"date":"2015-06-25T21:51:28","date_gmt":"2015-06-25T21:51:28","guid":{"rendered":"https:\/\/www.achimbrueckner.de\/dxradio\/php\/wordpress\/?p=5016"},"modified":"2015-06-25T21:51:28","modified_gmt":"2015-06-25T21:51:28","slug":"ukwtv-arbeitskreis-auf-der-hamradio","status":"publish","type":"post","link":"https:\/\/www.achimbrueckner.de\/dxradio\/php\/wordpress\/?p=5016","title":{"rendered":"UKW\/TV-Arbeitskreis auf der HAMRADIO"},"content":{"rendered":"<p>Wir haben heute unseren Messestand aufgebaut, die neuen Publikationen sind rechtzeitig eingetroffen, die Flyer sind gefaltet &#8211; morgen fr\u00fch kann die Messe beginnen.<\/p>\n<p>Bilder:<br \/>\n<a href=\"https:\/\/pbs.twimg.com\/media\/CIV3JqqWoAA0pZF.jpg\">https:\/\/pbs.twimg.com\/media\/CIV3JqqWoAA0pZF.jpg<\/a><br \/>\n<a href=\"https:\/\/pbs.twimg.com\/media\/CIVlzvdWEAAcanf.jpg\">https:\/\/pbs.twimg.com\/media\/CIVlzvdWEAAcanf.jpg<\/a><br \/>\n<a href=\"https:\/\/twitter.com\/UKWTV\/status\/614008589796163584\/photo\/1\">https:\/\/twitter.com\/UKWTV\/status\/614008589796163584\/photo\/1<\/a><\/p>\n<p>Folgende besondere Themen-Treffs gibt es an unserem Stand:<\/p>\n<p>Freitag 26.06. 16:00 Vorstellung des neuen Reuter-Empf\u00e4ngers durch Ralph Menn<br \/>\nSamstag 27.06. 11:00 Udo Isaenko stellt den Elad FDM2 vor und seine Eignung f\u00fcr UKW-DX<br \/>\nSamstag 27.06. 14:00-16:00 Uli Onken erl\u00e4utert Ausbreitungsvorhersagen mit Radio Mobile<br \/>\nSamstag 27.06. 17:00 Hayati stellt neue SDRs vor: AirPlay und AirSpy<\/p>\n<p>Wir freuen uns in Halle 1 am Stand 746 auf viele Besucher und interessante<br \/>\nGespr\u00e4che!<\/p>\n<p>Vy 73 vom Messeteam,<\/p>\n","protected":false},"excerpt":{"rendered":"<p>Wir haben heute unseren Messestand aufgebaut, die neuen Publikationen sind rechtzeitig eingetroffen, die Flyer sind gefaltet &#8211; morgen fr\u00fch kann die Messe beginnen. Bilder: https:\/\/pbs.twimg.com\/media\/CIV3JqqWoAA0pZF.jpg https:\/\/pbs.twimg.com\/media\/CIVlzvdWEAAcanf.jpg https:\/\/twitter.com\/UKWTV\/status\/614008589796163584\/photo\/1 Folgende besondere Themen-Treffs gibt es an unserem Stand: Freitag 26.06. 16:00 Vorstellung des neuen Reuter-Empf\u00e4ngers durch Ralph Menn Samstag 27.06. 11:00 Udo Isaenko stellt den Elad FDM2 vor &hellip; <a href=\"https:\/\/www.achimbrueckner.de\/dxradio\/php\/wordpress\/?p=5016\" class=\"more-link\">Continue reading <span class=\"screen-reader-text\">UKW\/TV-Arbeitskreis auf der HAMRADIO<\/span><\/a><\/p>\n","protected":false},"author":1,"featured_media":0,"comment_status":"open","ping_status":"open","sticky":false,"template":"","format":"standard","meta":{"_jetpack_memberships_contains_paid_content":false,"footnotes":"","jetpack_publicize_message":"","jetpack_publicize_feature_enabled":true,"jetpack_social_post_already_shared":true,"jetpack_social_options":{"image_generator_settings":{"template":"highway","default_image_id":0,"font":"","enabled":false},"version":2}},"categories":[5,14,17],"tags":[24,40,33,46,27],"class_list":["post-5016","post","type-post","status-publish","format-standard","hentry","category-camps","category-dx","category-media","tag-am","tag-dx","tag-empfanger","tag-media","tag-ukw"],"jetpack_publicize_connections":[],"jetpack_featured_media_url":"","jetpack_sharing_enabled":true,"jetpack_shortlink":"https:\/\/wp.me\/p5CDmr-1iU","jetpack-related-posts":[{"id":1002,"url":"https:\/\/www.achimbrueckner.de\/dxradio\/php\/wordpress\/?p=1002","url_meta":{"origin":5016,"position":0},"title":"Relays via 6005 Khz A10","author":"Administrator","date":"April 28, 2010","format":false,"excerpt":"Kall wird langsam das Ulbroka des Westens :) Programme auf 6005 f\u00fcr die Sendeperiode A10 Stand: 26. April 2010 Alle Zeiten in UTC. Lokalzeit UTC + 2h Generell: ================================================== Montag-Sonntag 0700-0900 Radio Belarus Montag-Sonntag 0900-1700 Radio 700 ================================================== ** Mai 2010 Samstag 01.05. 0900-1000 Medienmagazin Samstag 01.05. 1300-1400 Radio Gloria\u2026","rel":"","context":"In &quot;schedules&quot;","block_context":{"text":"schedules","link":"https:\/\/www.achimbrueckner.de\/dxradio\/php\/wordpress\/?cat=8"},"img":{"alt_text":"","src":"","width":0,"height":0},"classes":[]},{"id":918,"url":"https:\/\/www.achimbrueckner.de\/dxradio\/php\/wordpress\/?p=918","url_meta":{"origin":5016,"position":1},"title":"3.DX-Tag der Oldenburger KW-Freunde am 6.M\u00e4rz","author":"Administrator","date":"February 18, 2010","format":false,"excerpt":"Den 3.OKF-DX-Tag wollen wir diesmal, aufgrund der etwas h\u00f6heren Lage, in Bookholzberg (zwischen OL und HB gelegen) begehen. Schwerpunkt der letzten Treffen waren Interessen unter 30MHz und da auch einige Spa\u00df von uns am UKW-DXen haben, war die Idee, es diesmal >30MHz anzusetzen. Im Vordergrund steht immer der pers\u00f6nliche Austausch\u2026","rel":"","context":"In &quot;camps&quot;","block_context":{"text":"camps","link":"https:\/\/www.achimbrueckner.de\/dxradio\/php\/wordpress\/?cat=5"},"img":{"alt_text":"","src":"","width":0,"height":0},"classes":[]},{"id":25331,"url":"https:\/\/www.achimbrueckner.de\/dxradio\/php\/wordpress\/?p=25331","url_meta":{"origin":5016,"position":2},"title":"Eifeler Radiotage November \/ Radiogeschichten gesucht","author":"Administrator","date":"October 16, 2019","format":false,"excerpt":"Liebe Listenteilnehmer:innen, am 09. und 10. November machen - wie ja schon angek\u00fcndigt - diverse hier anwesende subversive Objekte plus einige Non-ADX-Listler die zweite Ausgabe der Eifeler Radiotage in Kall. Der 30. Jahrestag der Mauer\u00f6ffnung markierte den Beginn des Falls des Eisernen Vorhangs \u2013 und das Zusammenwachsen Europas. Radiomacher:innen wollen\u2026","rel":"","context":"In &quot;Deutsch&quot;","block_context":{"text":"Deutsch","link":"https:\/\/www.achimbrueckner.de\/dxradio\/php\/wordpress\/?cat=1"},"img":{"alt_text":"","src":"","width":0,"height":0},"classes":[]},{"id":2257,"url":"https:\/\/www.achimbrueckner.de\/dxradio\/php\/wordpress\/?p=2257","url_meta":{"origin":5016,"position":3},"title":"UKW\/TV-Arbeitskreis: Stand auf der Ham Radio","author":"Administrator","date":"June 20, 2012","format":false,"excerpt":"Hallo Liste Der UKW\/TV-Arbeitskreis hat dieses Jahr nach l\u00e4ngerer Pause wieder einen Stand auf der Ham Radio. Wir sind in Halle A1, am Standplatz A1-546, direkt gegen\u00fcber der ADDX, anzutreffen. Neben der Vorstellung unseres Spezialgebiets, des \u00dcberreichweitenempfangs auf UKW und TV, bieten wir live UKW-Empf\u00e4ngervergleiche an in der Halle aufgebauten\u2026","rel":"","context":"In &quot;camps&quot;","block_context":{"text":"camps","link":"https:\/\/www.achimbrueckner.de\/dxradio\/php\/wordpress\/?cat=5"},"img":{"alt_text":"","src":"","width":0,"height":0},"classes":[]},{"id":1135,"url":"https:\/\/www.achimbrueckner.de\/dxradio\/php\/wordpress\/?p=1135","url_meta":{"origin":5016,"position":4},"title":"DARC Tag der offenen T\u00fcr","author":"Administrator","date":"September 9, 2010","format":false,"excerpt":"18. September: Kommen Sie zum Tag der offenen T\u00fcr nach Baunatal! ---------------------------------------------------------------- Am Samstag, dem 18. September, ab 10 Uhr sind alle Mitglieder und Freunde des DARC e.V. eingeladen, das Amateurfunkzentrum in Baunatal zu besuchen. Gemeinsam mit Ihnen feiern wir das 60-j\u00e4hrige Bestehen des Bundesverbandes. Der Tag bietet Gelegenheit, die\u2026","rel":"","context":"In &quot;camps&quot;","block_context":{"text":"camps","link":"https:\/\/www.achimbrueckner.de\/dxradio\/php\/wordpress\/?cat=5"},"img":{"alt_text":"","src":"","width":0,"height":0},"classes":[]},{"id":8915,"url":"https:\/\/www.achimbrueckner.de\/dxradio\/php\/wordpress\/?p=8915","url_meta":{"origin":5016,"position":5},"title":"IFA-Radiotreffen 2016","author":"Administrator","date":"July 23, 2016","format":false,"excerpt":"IFA-Radiotreffen 2016 Das traditionelle Radiotreffen zur Internationalen Funkausstellung in Berlin (IFA) findet in diesem Jahr am Samstag, den 3. September 2016 statt. Es richtet sich an DX-er, Funkamateure, SWLs oder allgemein radiointeressierte Hobbyfreunde. Wie schon in fr\u00fcheren Jahren nutzen wir dazu die R\u00e4ume des Preu\u00dfischen Landwirtshauses gleich in der N\u00e4he\u2026","rel":"","context":"In &quot;camps&quot;","block_context":{"text":"camps","link":"https:\/\/www.achimbrueckner.de\/dxradio\/php\/wordpress\/?cat=5"},"img":{"alt_text":"","src":"","width":0,"height":0},"classes":[]}],"_links":{"self":[{"href":"https:\/\/www.achimbrueckner.de\/dxradio\/php\/wordpress\/index.php?rest_route=\/wp\/v2\/posts\/5016","targetHints":{"allow":["GET"]}}],"collection":[{"href":"https:\/\/www.achimbrueckner.de\/dxradio\/php\/wordpress\/index.php?rest_route=\/wp\/v2\/posts"}],"about":[{"href":"https:\/\/www.achimbrueckner.de\/dxradio\/php\/wordpress\/index.php?rest_route=\/wp\/v2\/types\/post"}],"author":[{"embeddable":true,"href":"https:\/\/www.achimbrueckner.de\/dxradio\/php\/wordpress\/index.php?rest_route=\/wp\/v2\/users\/1"}],"replies":[{"embeddable":true,"href":"https:\/\/www.achimbrueckner.de\/dxradio\/php\/wordpress\/index.php?rest_route=%2Fwp%2Fv2%2Fcomments&post=5016"}],"version-history":[{"count":0,"href":"https:\/\/www.achimbrueckner.de\/dxradio\/php\/wordpress\/index.php?rest_route=\/wp\/v2\/posts\/5016\/revisions"}],"wp:attachment":[{"href":"https:\/\/www.achimbrueckner.de\/dxradio\/php\/wordpress\/index.php?rest_route=%2Fwp%2Fv2%2Fmedia&parent=5016"}],"wp:term":[{"taxonomy":"category","embeddable":true,"href":"https:\/\/www.achimbrueckner.de\/dxradio\/php\/wordpress\/index.php?rest_route=%2Fwp%2Fv2%2Fcategories&post=5016"},{"taxonomy":"post_tag","embeddable":true,"href":"https:\/\/www.achimbrueckner.de\/dxradio\/php\/wordpress\/index.php?rest_route=%2Fwp%2Fv2%2Ftags&post=5016"}],"curies":[{"name":"wp","href":"https:\/\/api.w.org\/{rel}","templated":true}]}}